{"id":22380,"date":"2022-09-27T20:28:09","date_gmt":"2022-09-27T18:28:09","guid":{"rendered":"https:\/\/wartapoznan.pl\/?p=22380"},"modified":"2022-09-27T20:28:09","modified_gmt":"2022-09-27T18:28:09","slug":"drugi-mecz-kajetana-szmyta-z-warty-poznan-w-mlodziezowej-reprezentacji-polski","status":"publish","type":"post","link":"https:\/\/wartapoznan.pl\/index.php\/2022\/09\/27\/drugi-mecz-kajetana-szmyta-z-warty-poznan-w-mlodziezowej-reprezentacji-polski\/","title":{"rendered":"Drugi mecz Kajetana Szmyta z Warty Pozna\u0144 w m\u0142odzie\u017cowej reprezentacji Polski"},"content":{"rendered":"<p><strong>Reprezentacja Polski do lat 21 zremisowa\u0142a z \u0141otw\u0105 1:1 w towarzyskim spotkaniu, kt\u00f3re zosta\u0142o rozegrane we wtorek w Suwa\u0142kach. W podstawowym sk\u0142adzie \u201eBia\u0142o-czerwonych\u201d zn\u00f3w wyszed\u0142 Kajetan Szmyt i bra\u0142 udzia\u0142 w akcji, kt\u00f3ra przynios\u0142a wyr\u00f3wnuj\u0105c\u0105 bramk\u0119.<\/strong><\/p>\n<p>Po derbach z Lechem Pozna\u0144 Kajetan Szmyt pojecha\u0142 po raz pierwszy na zgrupowanie \u201em\u0142odzie\u017c\u00f3wki\u201d. Wraca z niego z dwoma wyst\u0119pami na koncie i to na nietypowej dla siebie pozycji. Skrzyd\u0142owy lub wahad\u0142owy Warty Pozna\u0144 by\u0142 ustawiany przez sztab Micha\u0142a Probierza na lewej stronie obrony.<\/p>\n<p>W pi\u0105tek wychowanek \u201eZielonych\u201d rozegra\u0142 90 minut przeciwko Grecji (0:1) w Bia\u0142ymstoku, a we wtorek w Suwa\u0142kach zn\u00f3w gra\u0142 od pocz\u0105tku meczu, ale opu\u015bci\u0142 boisko kwadrans przed ko\u0144cem. Ju\u017c wtedy na tablicy \u015bwietlnej by\u0142 wynik 1:1, kt\u00f3ry nie zmieni\u0142 si\u0119 do ostatniego gwizdka.<\/p>\n<p>Po dobrej w wykonaniu Polak\u00f3w pierwszej po\u0142owie, w drugiej ods\u0142onie \u0141otysze zacz\u0119li zagra\u017ca\u0107 bramce Kacpra Trelowskiego. Najpierw trafili pi\u0142k\u0105 w s\u0142upek, a kilka chwil p\u00f3\u017aniej, w 59. minucie wyszli na prowadzenie. Po stracie pi\u0142ki w \u015brodku pola i rykoszecie Kristians Kauselis uciek\u0142 Kajetanowi Szmytowi (raczej nie mia\u0142 szans na interwencj\u0119) i wykorzysta\u0142 sytuacj\u0119 sam na sam z bramkarzem.<\/p>\n<p>Bramka na 1:1 pad\u0142a w 71. minucie. Akcja by\u0142a rozgrywana na lewym skrzydle, a Kajetan Szmyt do\u015brodkowa\u0142 pi\u0142k\u0119 w pole bramkowe. Bramkarz \u0141otwy, Sergejs Vilkovs nie z\u0142apa\u0142 pi\u0142ki, a jedynie odbi\u0142 j\u0105 tak, \u017ce Bart\u0142omiej K\u0142udka z kilku metr\u00f3w trafi\u0142 do siatki.<\/p>\n<p>Trzy minuty p\u00f3\u017aniej Kajetan Szmyt zako\u0144czy\u0142 udzia\u0142 w meczu, gdy zosta\u0142 zast\u0105piony przez Dawida Hanca. Polacy atakowali odwa\u017cnie, walczyli o zwyci\u0119skiego gola, ale bez powodzenia, mimo \u017ce rywale od 88. minuty grali w dziesi\u0119ciu po czerwonej kartce kapitana zespo\u0142u, Jegorsa Novikovsa.<\/p>\n","protected":false},"excerpt":{"rendered":"<p>Reprezentacja Polski do lat 21 zremisowa\u0142a z \u0141otw\u0105 1:1 w towarzyskim spotkaniu, kt\u00f3re zosta\u0142o rozegrane we wtorek w Suwa\u0142kach. W&#8230;<\/p>\n","protected":false},"author":36,"featured_media":22381,"comment_status":"closed","ping_status":"closed","sticky":false,"template":"","format":"standard","meta":{"om_disable_all_campaigns":false,"inline_featured_image":false,"footnotes":"","_links_to":"","_links_to_target":""},"categories":[94,100,101,1],"tags":[],"aioseo_notices":[],"_links":{"self":[{"href":"https:\/\/wartapoznan.pl\/index.php\/wp-json\/wp\/v2\/posts\/22380"}],"collection":[{"href":"https:\/\/wartapoznan.pl\/index.php\/wp-json\/wp\/v2\/posts"}],"about":[{"href":"https:\/\/wartapoznan.pl\/index.php\/wp-json\/wp\/v2\/types\/post"}],"author":[{"embeddable":true,"href":"https:\/\/wartapoznan.pl\/index.php\/wp-json\/wp\/v2\/users\/36"}],"replies":[{"embeddable":true,"href":"https:\/\/wartapoznan.pl\/index.php\/wp-json\/wp\/v2\/comments?post=22380"}],"version-history":[{"count":1,"href":"https:\/\/wartapoznan.pl\/index.php\/wp-json\/wp\/v2\/posts\/22380\/revisions"}],"predecessor-version":[{"id":22382,"href":"https:\/\/wartapoznan.pl\/index.php\/wp-json\/wp\/v2\/posts\/22380\/revisions\/22382"}],"wp:featuredmedia":[{"embeddable":true,"href":"https:\/\/wartapoznan.pl\/index.php\/wp-json\/wp\/v2\/media\/22381"}],"wp:attachment":[{"href":"https:\/\/wartapoznan.pl\/index.php\/wp-json\/wp\/v2\/media?parent=22380"}],"wp:term":[{"taxonomy":"category","embeddable":true,"href":"https:\/\/wartapoznan.pl\/index.php\/wp-json\/wp\/v2\/categories?post=22380"},{"taxonomy":"post_tag","embeddable":true,"href":"https:\/\/wartapoznan.pl\/index.php\/wp-json\/wp\/v2\/tags?post=22380"}],"curies":[{"name":"wp","href":"https:\/\/api.w.org\/{rel}","templated":true}]}}