{"id":22383,"date":"2022-09-27T21:10:49","date_gmt":"2022-09-27T19:10:49","guid":{"rendered":"https:\/\/wartapoznan.pl\/?p=22383"},"modified":"2022-09-27T21:10:49","modified_gmt":"2022-09-27T19:10:49","slug":"enis-destan-z-warty-poznan-zagral-w-reprezentacji-turcji-u-21","status":"publish","type":"post","link":"https:\/\/wartapoznan.pl\/index.php\/2022\/09\/27\/enis-destan-z-warty-poznan-zagral-w-reprezentacji-turcji-u-21\/","title":{"rendered":"Enis Destan z Warty Pozna\u0144 zagra\u0142 w reprezentacji Turcji U-21"},"content":{"rendered":"<p><strong>Dziesi\u0105ty wyst\u0119p w m\u0142odzie\u017cowej reprezentacji Turcji zanotowa\u0142 we wtorek Enis Destan. Napastnik wypo\u017cyczony do Warty Pozna\u0144 z Trabzonsporu zagra\u0142 w wygranym 1:0 meczu towarzyskim z \u00a0Gruzj\u0105.<\/strong><\/p>\n<p>20-latek z Izmiru jest w kadrze m\u0142odzie\u017cowej swojego kraju od marca 2021 roku. Zd\u0105\u017cy\u0142 rozegra\u0107 w niej 9 spotka\u0144, w kt\u00f3rych zdoby\u0142 2 bramki. Teraz polecia\u0142 na zgrupowanie po raz pierwszy jako gracz wypo\u017cyczony do Warty Pozna\u0144.<\/p>\n<p>Mecz na stadionie nale\u017c\u0105cym do klubu Kasimpasa Stambu\u0142 Enis Destan rozpocz\u0105\u0142 jako rezerwowy. Na murawie pojawi\u0142 si\u0119 w 67. minucie, gdy zast\u0105pi\u0142 Erencana Yardimciego. By\u0142o to chwil\u0119 po tym, jak czerwon\u0105 kartk\u0105 zosta\u0142 ukarany Kazimcan Karatas, boczny obro\u0144ca Galatasaray Stambu\u0142.<\/p>\n<p>Do ko\u0144ca spotkania gospodarze skutecznie bronili skromnego wyniku 1:0, ustalonego w 41. minucie gry. Omer Beyaz, pomocnik Magdeburga wykorzysta\u0142 w\u00f3wczas rzut karny.<\/p>\n<p>Enis Destan by\u0142 jednym z sze\u015bciu zawodnik\u00f3w napomnianych tego wieczoru \u017c\u00f3\u0142t\u0105 kartk\u0105.<\/p>\n","protected":false},"excerpt":{"rendered":"<p>Dziesi\u0105ty wyst\u0119p w m\u0142odzie\u017cowej reprezentacji Turcji zanotowa\u0142 we wtorek Enis Destan. Napastnik wypo\u017cyczony do Warty Pozna\u0144 z Trabzonsporu zagra\u0142 w&#8230;<\/p>\n","protected":false},"author":36,"featured_media":22131,"comment_status":"closed","ping_status":"closed","sticky":false,"template":"","format":"standard","meta":{"om_disable_all_campaigns":false,"inline_featured_image":false,"footnotes":"","_links_to":"","_links_to_target":""},"categories":[94,100,101,1],"tags":[],"aioseo_notices":[],"_links":{"self":[{"href":"https:\/\/wartapoznan.pl\/index.php\/wp-json\/wp\/v2\/posts\/22383"}],"collection":[{"href":"https:\/\/wartapoznan.pl\/index.php\/wp-json\/wp\/v2\/posts"}],"about":[{"href":"https:\/\/wartapoznan.pl\/index.php\/wp-json\/wp\/v2\/types\/post"}],"author":[{"embeddable":true,"href":"https:\/\/wartapoznan.pl\/index.php\/wp-json\/wp\/v2\/users\/36"}],"replies":[{"embeddable":true,"href":"https:\/\/wartapoznan.pl\/index.php\/wp-json\/wp\/v2\/comments?post=22383"}],"version-history":[{"count":1,"href":"https:\/\/wartapoznan.pl\/index.php\/wp-json\/wp\/v2\/posts\/22383\/revisions"}],"predecessor-version":[{"id":22384,"href":"https:\/\/wartapoznan.pl\/index.php\/wp-json\/wp\/v2\/posts\/22383\/revisions\/22384"}],"wp:featuredmedia":[{"embeddable":true,"href":"https:\/\/wartapoznan.pl\/index.php\/wp-json\/wp\/v2\/media\/22131"}],"wp:attachment":[{"href":"https:\/\/wartapoznan.pl\/index.php\/wp-json\/wp\/v2\/media?parent=22383"}],"wp:term":[{"taxonomy":"category","embeddable":true,"href":"https:\/\/wartapoznan.pl\/index.php\/wp-json\/wp\/v2\/categories?post=22383"},{"taxonomy":"post_tag","embeddable":true,"href":"https:\/\/wartapoznan.pl\/index.php\/wp-json\/wp\/v2\/tags?post=22383"}],"curies":[{"name":"wp","href":"https:\/\/api.w.org\/{rel}","templated":true}]}}