{"id":22579,"date":"2022-10-14T15:18:31","date_gmt":"2022-10-14T13:18:31","guid":{"rendered":"https:\/\/wartapoznan.pl\/?p=22579"},"modified":"2022-10-14T15:19:29","modified_gmt":"2022-10-14T13:19:29","slug":"lider-przyjezdza-do-poznania-na-mecz-z-pilkarkami-warty","status":"publish","type":"post","link":"https:\/\/wartapoznan.pl\/index.php\/2022\/10\/14\/lider-przyjezdza-do-poznania-na-mecz-z-pilkarkami-warty\/","title":{"rendered":"Lider przyje\u017cd\u017ca do Poznania na mecz z pi\u0142karkami Warty"},"content":{"rendered":"<p><strong>Zdecydowanie najskuteczniejszy zesp\u00f3\u0142 grupy 2 III ligi, Sportis II Bydgoszcz b\u0119dzie przeciwnikiem Warty Pozna\u0144 w niedzielnym meczu 8. kolejki sezonu. Pocz\u0105tek spotkania o godz. 17 na boisku przy ul. Warmi\u0144skiej.<\/strong><\/p>\n<p>Rywalki zespo\u0142u trenera Micha\u0142a Waraczy\u0144skiego przed tygodniem rozbi\u0142y B\u0142\u0119kitnych Stargard a\u017c 15:0 i by\u0142a to ju\u017c czwarta \u201edwucyfr\u00f3wka\u201d w wykonaniu lidera rozgrywek. Bydgoszczanki maj\u0105 na koncie komplet punkt\u00f3w, podobnie jak LFA Szczecin i LZS Oborzyska, ale zdecydowanie najlepszy tym gronie bilans bramek: 56:4. Poznanianki s\u0105 w tabeli za wspomnian\u0105 tr\u00f3jk\u0105, ale tej jesieni uleg\u0142y ju\u017c dru\u017cynom ze Szczecina i Oborzysk. W minionej kolejce pokona\u0142y 3:0 G\u00f3rnicz\u0105 Konin.<\/p>\n<p>&#8211; <em>Sportis prezentuje si\u0119 bardzo dobrze w lidze, nie straci\u0142 jeszcze punkt\u00f3w i wiemy, \u017ce czeka nas w niedziel\u0119 trudne spotkanie. Kluczowe b\u0119dzie rozegranie \u00a0dw\u00f3ch r\u00f3wnych po\u0142\u00f3w, co nie uda\u0142o nam si\u0119 w meczu w Szczecinie i w spotkaniu z Oborzyskami<\/em> \u2013 uwa\u017ca Anna Jankowska, asystentka trenera Warty Pozna\u0144. &#8211; <em>Runda powoli zmierza ku ko\u0144cowi, ale ka\u017cdy punkt zdobyty jesienna b\u0119dzie wa\u017cny w ostatecznym rozrachunku na koniec sezonu. Mamy tego \u015bwiadomo\u015b\u0107 i chcemy walczy\u0107 o pe\u0142na pule punkt\u00f3w w ka\u017cdym ze spotka\u0144, kt\u00f3re nam zosta\u0142y do rozegrania. W meczu z liderem zadanie jest trudne, ale nie boimy si\u0119 trudnych wyzwa\u0144 i b\u0119dziemy chcieli pokaza\u0107 si\u0119 z jak najlepszej strony.<\/em><\/p>\n<p>Mecz Warta Pozna\u0144 \u2013 Sportis II Bydgoszcz rozpocznie si\u0119 w niedziel\u0119 o godz. 17 na boisku przy ul. Warmi\u0144skiej. Wst\u0119p wolny.<\/p>\n<p>Fot. Mi\u0142osz Gawro\u0144ski<\/p>\n","protected":false},"excerpt":{"rendered":"<p>Zdecydowanie najskuteczniejszy zesp\u00f3\u0142 grupy 2 III ligi, Sportis II Bydgoszcz b\u0119dzie przeciwnikiem Warty Pozna\u0144 w niedzielnym meczu 8. kolejki sezonu&#8230;.<\/p>\n","protected":false},"author":36,"featured_media":22581,"comment_status":"closed","ping_status":"closed","sticky":false,"template":"","format":"standard","meta":{"om_disable_all_campaigns":false,"inline_featured_image":false,"footnotes":"","_links_to":"","_links_to_target":""},"categories":[94,248,1],"tags":[],"aioseo_notices":[],"_links":{"self":[{"href":"https:\/\/wartapoznan.pl\/index.php\/wp-json\/wp\/v2\/posts\/22579"}],"collection":[{"href":"https:\/\/wartapoznan.pl\/index.php\/wp-json\/wp\/v2\/posts"}],"about":[{"href":"https:\/\/wartapoznan.pl\/index.php\/wp-json\/wp\/v2\/types\/post"}],"author":[{"embeddable":true,"href":"https:\/\/wartapoznan.pl\/index.php\/wp-json\/wp\/v2\/users\/36"}],"replies":[{"embeddable":true,"href":"https:\/\/wartapoznan.pl\/index.php\/wp-json\/wp\/v2\/comments?post=22579"}],"version-history":[{"count":2,"href":"https:\/\/wartapoznan.pl\/index.php\/wp-json\/wp\/v2\/posts\/22579\/revisions"}],"predecessor-version":[{"id":22582,"href":"https:\/\/wartapoznan.pl\/index.php\/wp-json\/wp\/v2\/posts\/22579\/revisions\/22582"}],"wp:featuredmedia":[{"embeddable":true,"href":"https:\/\/wartapoznan.pl\/index.php\/wp-json\/wp\/v2\/media\/22581"}],"wp:attachment":[{"href":"https:\/\/wartapoznan.pl\/index.php\/wp-json\/wp\/v2\/media?parent=22579"}],"wp:term":[{"taxonomy":"category","embeddable":true,"href":"https:\/\/wartapoznan.pl\/index.php\/wp-json\/wp\/v2\/categories?post=22579"},{"taxonomy":"post_tag","embeddable":true,"href":"https:\/\/wartapoznan.pl\/index.php\/wp-json\/wp\/v2\/tags?post=22579"}],"curies":[{"name":"wp","href":"https:\/\/api.w.org\/{rel}","templated":true}]}}