{"id":2277,"date":"2018-09-17T16:22:50","date_gmt":"2018-09-17T14:22:50","guid":{"rendered":"http:\/\/klubwarta.pl\/?p=2277"},"modified":"2018-09-17T16:22:50","modified_gmt":"2018-09-17T14:22:50","slug":"z-rakowem-w-ogrodku","status":"publish","type":"post","link":"https:\/\/wartapoznan.pl\/index.php\/2018\/09\/17\/z-rakowem-w-ogrodku\/","title":{"rendered":"Z Rakowem w Ogr\u00f3dku!"},"content":{"rendered":"<p><b>Komisja ds. Licencji Klubowych PZPN wyrazi\u0142a dzi\u015b zgod\u0119 na rozegranie przez Wart\u0119 meczu z Rakowem Cz\u0119stochowa w Poznaniu. To oznacza, \u017ce w sobot\u0119 widzimy si\u0119 przy ul. Droga D\u0119bi\u0144ska 12!<\/p>\n<p><\/b>Decyzja o wydaniu zezwolenia na kolejne spotkania Warty zostanie podj\u0119ta na podstawie obserwacji delegata PZPN przeprowadzonych przed oraz w trakcie sobotniego meczu.<\/p>\n<p>Ju\u017c teraz zapraszamy do Ogr\u00f3dka &#8211; szczeg\u00f3\u0142y dot. sprzeda\u017cy bilet\u00f3w zostan\u0105 podane w p\u00f3\u017aniejszym terminie. Mecz rozpocznie si\u0119 22 wrze\u015bnia o godzinie 12:45.<\/p>\n","protected":false},"excerpt":{"rendered":"<p>Komisja ds. Licencji Klubowych PZPN wyrazi\u0142a dzi\u015b zgod\u0119 na rozegranie przez Wart\u0119 meczu z Rakowem Cz\u0119stochowa w Poznaniu. To oznacza,&#8230;<\/p>\n","protected":false},"author":38,"featured_media":2278,"comment_status":"closed","ping_status":"closed","sticky":false,"template":"","format":"standard","meta":{"om_disable_all_campaigns":false,"inline_featured_image":false,"footnotes":"","_links_to":"","_links_to_target":""},"categories":[94,100,1],"tags":[],"aioseo_notices":[],"_links":{"self":[{"href":"https:\/\/wartapoznan.pl\/index.php\/wp-json\/wp\/v2\/posts\/2277"}],"collection":[{"href":"https:\/\/wartapoznan.pl\/index.php\/wp-json\/wp\/v2\/posts"}],"about":[{"href":"https:\/\/wartapoznan.pl\/index.php\/wp-json\/wp\/v2\/types\/post"}],"author":[{"embeddable":true,"href":"https:\/\/wartapoznan.pl\/index.php\/wp-json\/wp\/v2\/users\/38"}],"replies":[{"embeddable":true,"href":"https:\/\/wartapoznan.pl\/index.php\/wp-json\/wp\/v2\/comments?post=2277"}],"version-history":[{"count":3,"href":"https:\/\/wartapoznan.pl\/index.php\/wp-json\/wp\/v2\/posts\/2277\/revisions"}],"predecessor-version":[{"id":2282,"href":"https:\/\/wartapoznan.pl\/index.php\/wp-json\/wp\/v2\/posts\/2277\/revisions\/2282"}],"wp:featuredmedia":[{"embeddable":true,"href":"https:\/\/wartapoznan.pl\/index.php\/wp-json\/wp\/v2\/media\/2278"}],"wp:attachment":[{"href":"https:\/\/wartapoznan.pl\/index.php\/wp-json\/wp\/v2\/media?parent=2277"}],"wp:term":[{"taxonomy":"category","embeddable":true,"href":"https:\/\/wartapoznan.pl\/index.php\/wp-json\/wp\/v2\/categories?post=2277"},{"taxonomy":"post_tag","embeddable":true,"href":"https:\/\/wartapoznan.pl\/index.php\/wp-json\/wp\/v2\/tags?post=2277"}],"curies":[{"name":"wp","href":"https:\/\/api.w.org\/{rel}","templated":true}]}}