{"id":22908,"date":"2022-10-31T12:00:20","date_gmt":"2022-10-31T11:00:20","guid":{"rendered":"https:\/\/wartapoznan.pl\/?p=22908"},"modified":"2022-10-31T08:09:06","modified_gmt":"2022-10-31T07:09:06","slug":"piotr-barlog-odchodzi-z-warty-poznan","status":"publish","type":"post","link":"https:\/\/wartapoznan.pl\/index.php\/2022\/10\/31\/piotr-barlog-odchodzi-z-warty-poznan\/","title":{"rendered":"Piotr Bar\u0142\u00f3g odchodzi z Warty Pozna\u0144"},"content":{"rendered":"<p><strong>Piotr Bar\u0142\u00f3g, kt\u00f3ry przez ostatnie p\u00f3\u0142 roku by\u0142 pe\u0142nomocnikiem zarz\u0105du Warty Pozna\u0144 ds. sportu, odchodzi z klubu w zwi\u0105zku z wyga\u015bni\u0119ciem umowy. W imieniu ca\u0142ej Zielonej Rodziny dzi\u0119kujemy za ten wsp\u00f3lny czas!<\/strong><\/p>\n<p>Przypomnijmy, \u017ce wiosn\u0105 tego roku Piotr Bar\u0142\u00f3g trafi\u0142 do Warty Pozna\u0144 kilka tygodni po tym, jak z klubem po\u017cegna\u0142 si\u0119 dyrektor sportowy, Rados\u0142aw Mozyrko. To stanowisko pozosta\u0142o nieobsadzone, natomiast na mocy podpisanego w\u00f3wczas kontraktu Piotr Bar\u0142\u00f3g zosta\u0142 pe\u0142nomocnikiem zarz\u0105du Warty Pozna\u0144 S.A. ds. sportu. \u2013 <em>Zdecydowali\u015bmy wsp\u00f3lnie z w\u0142adzami, \u017ce na najbli\u017csze miesi\u0105ce przyjmiemy nieco inn\u0105 form\u0119 wsp\u00f3\u0142pracy ze wzgl\u0119du na okoliczno\u015bci. Przede wszystkim mamy jeszcze ko\u0144c\u00f3wk\u0119 obecnego sezonu, a z drugiej strony trwaj\u0105 ju\u017c prace nad letnim okienkiem transferowym. Mam wi\u0119c skupi\u0107 si\u0119 na tym, by reprezentowa\u0107 zarz\u0105d klubu we wszystkich rozmowach zwi\u0105zanych ze wzmocnieniami kadry w letnim okresie transferowym<\/em> \u2013 m\u00f3wi\u0142 w\u00f3wczas.<\/p>\n<p>Zawarta wiosn\u0105 umowa wygas\u0142a. Piotr Bar\u0142\u00f3g otrzyma\u0142 propozycj\u0119 pozostania w Warcie Pozna\u0144 na innym stanowisku, ale nie zdecydowa\u0142 si\u0119 na ten krok i z ko\u0144cem pa\u017adziernika \u017cegna si\u0119 z klubem.<\/p>\n<p>Do czasu zatrudnienia nowej osoby odpowiedzialnej za kierowanie pionem sportowym, cz\u0119\u015b\u0107 dotychczasowych obowi\u0105zk\u00f3w Piotra Bar\u0142oga przejmie Mateusz Kamowski, kt\u00f3ry jest szefem dzia\u0142u rekrutacji Warty Pozna\u0144.<\/p>\n<p>&nbsp;<\/p>\n","protected":false},"excerpt":{"rendered":"<p>Piotr Bar\u0142\u00f3g, kt\u00f3ry przez ostatnie p\u00f3\u0142 roku by\u0142 pe\u0142nomocnikiem zarz\u0105du Warty Pozna\u0144 ds. sportu, odchodzi z klubu w zwi\u0105zku z&#8230;<\/p>\n","protected":false},"author":36,"featured_media":22910,"comment_status":"closed","ping_status":"closed","sticky":false,"template":"","format":"standard","meta":{"om_disable_all_campaigns":false,"inline_featured_image":false,"footnotes":"","_links_to":"","_links_to_target":""},"categories":[94,100,1],"tags":[],"aioseo_notices":[],"_links":{"self":[{"href":"https:\/\/wartapoznan.pl\/index.php\/wp-json\/wp\/v2\/posts\/22908"}],"collection":[{"href":"https:\/\/wartapoznan.pl\/index.php\/wp-json\/wp\/v2\/posts"}],"about":[{"href":"https:\/\/wartapoznan.pl\/index.php\/wp-json\/wp\/v2\/types\/post"}],"author":[{"embeddable":true,"href":"https:\/\/wartapoznan.pl\/index.php\/wp-json\/wp\/v2\/users\/36"}],"replies":[{"embeddable":true,"href":"https:\/\/wartapoznan.pl\/index.php\/wp-json\/wp\/v2\/comments?post=22908"}],"version-history":[{"count":2,"href":"https:\/\/wartapoznan.pl\/index.php\/wp-json\/wp\/v2\/posts\/22908\/revisions"}],"predecessor-version":[{"id":22918,"href":"https:\/\/wartapoznan.pl\/index.php\/wp-json\/wp\/v2\/posts\/22908\/revisions\/22918"}],"wp:featuredmedia":[{"embeddable":true,"href":"https:\/\/wartapoznan.pl\/index.php\/wp-json\/wp\/v2\/media\/22910"}],"wp:attachment":[{"href":"https:\/\/wartapoznan.pl\/index.php\/wp-json\/wp\/v2\/media?parent=22908"}],"wp:term":[{"taxonomy":"category","embeddable":true,"href":"https:\/\/wartapoznan.pl\/index.php\/wp-json\/wp\/v2\/categories?post=22908"},{"taxonomy":"post_tag","embeddable":true,"href":"https:\/\/wartapoznan.pl\/index.php\/wp-json\/wp\/v2\/tags?post=22908"}],"curies":[{"name":"wp","href":"https:\/\/api.w.org\/{rel}","templated":true}]}}