{"id":22919,"date":"2022-11-01T16:00:59","date_gmt":"2022-11-01T15:00:59","guid":{"rendered":"https:\/\/wartapoznan.pl\/?p=22919"},"modified":"2022-11-01T16:05:46","modified_gmt":"2022-11-01T15:05:46","slug":"wideo-skrot-meczu-radomiak-radom-warta-poznan","status":"publish","type":"post","link":"https:\/\/wartapoznan.pl\/index.php\/2022\/11\/01\/wideo-skrot-meczu-radomiak-radom-warta-poznan\/","title":{"rendered":"[WIDEO] Skr\u00f3t meczu Radomiak Radom &#8211; Warta Pozna\u0144"},"content":{"rendered":"<p><strong>Zapraszamy do obejrzenie skr\u00f3tu meczu Warty Pozna\u0144 z Radomiakiem Radom w 15. kolejce PKO Bank Polski Ekstraklasy. Zesp\u00f3\u0142 trenera Dawida Szulczka wygra\u0142 w poniedzia\u0142ek ju\u017c pi\u0105ty wyjazdowy pojedynek w tym sezonie.<\/strong><\/p>\n<p>Go\u015bcie z Wielkopolski prowadzili do przerwy 2:0 po bramkach Miguela Luisa, ale rywale wyr\u00f3wnali kr\u00f3tko po zmianie stron. Tu\u017c po golu na 2:2 \u015bwietn\u0105 akcj\u0119 Warty wyko\u0144czy\u0142 Adam Zrelak i zapewni\u0142 dru\u017cynie zwyci\u0119stwo 3:2 oraz awans na 9. miejsce w tabeli.<\/p>\n<div class=\"your-video-wrapper\"><!-- the iframe code --> <iframe style=\"overflow: hidden; border: none; width: 100%; height: 100%;\" src=\"https:\/\/www.ekstraklasa.tv\/embedded\/150b6ed7-2b38-4484-bda0-7605a3825789_FB3544\" scrolling=\"no\"><span data-mce-type=\"bookmark\" style=\"display: inline-block; width: 0px; overflow: hidden; line-height: 0;\" class=\"mce_SELRES_start\">\ufeff<\/span><span data-mce-type=\"bookmark\" style=\"display: inline-block; width: 0px; overflow: hidden; line-height: 0;\" class=\"mce_SELRES_start\">\ufeff<\/span><span data-mce-type=\"bookmark\" style=\"display: inline-block; width: 0px; overflow: hidden; line-height: 0;\" class=\"mce_SELRES_start\">\ufeff<\/span><span data-mce-type=\"bookmark\" style=\"display: inline-block; width: 0px; overflow: hidden; line-height: 0;\" class=\"mce_SELRES_start\">\ufeff<\/span><span data-mce-type=\"bookmark\" style=\"display: inline-block; width: 0px; overflow: hidden; line-height: 0;\" class=\"mce_SELRES_start\">\ufeff<\/span><span data-mce-type=\"bookmark\" style=\"display: inline-block; width: 0px; overflow: hidden; line-height: 0;\" class=\"mce_SELRES_start\">\ufeff<\/span><span data-mce-type=\"bookmark\" style=\"display: inline-block; width: 0px; overflow: hidden; line-height: 0;\" class=\"mce_SELRES_start\">\ufeff<\/span> <\/iframe> <!-- end iframe code --><\/div>\n<style> .your-video-wrapper { position: relative; padding-bottom: 56.25%; \/* ratio 16:9 *\/ } .your-video-wrapper iframe { position: absolute; top: 0; left: 0; width: 100%; height: 100%; } <\/style>\n","protected":false},"excerpt":{"rendered":"<p>Zapraszamy do obejrzenie skr\u00f3tu meczu Warty Pozna\u0144 z Radomiakiem Radom w 15. kolejce PKO Bank Polski Ekstraklasy. Zesp\u00f3\u0142 trenera Dawida&#8230;<\/p>\n","protected":false},"author":36,"featured_media":22934,"comment_status":"closed","ping_status":"closed","sticky":false,"template":"","format":"standard","meta":{"om_disable_all_campaigns":false,"inline_featured_image":false,"footnotes":"","_links_to":"","_links_to_target":""},"categories":[94,100,245,1,246],"tags":[],"aioseo_notices":[],"_links":{"self":[{"href":"https:\/\/wartapoznan.pl\/index.php\/wp-json\/wp\/v2\/posts\/22919"}],"collection":[{"href":"https:\/\/wartapoznan.pl\/index.php\/wp-json\/wp\/v2\/posts"}],"about":[{"href":"https:\/\/wartapoznan.pl\/index.php\/wp-json\/wp\/v2\/types\/post"}],"author":[{"embeddable":true,"href":"https:\/\/wartapoznan.pl\/index.php\/wp-json\/wp\/v2\/users\/36"}],"replies":[{"embeddable":true,"href":"https:\/\/wartapoznan.pl\/index.php\/wp-json\/wp\/v2\/comments?post=22919"}],"version-history":[{"count":3,"href":"https:\/\/wartapoznan.pl\/index.php\/wp-json\/wp\/v2\/posts\/22919\/revisions"}],"predecessor-version":[{"id":22933,"href":"https:\/\/wartapoznan.pl\/index.php\/wp-json\/wp\/v2\/posts\/22919\/revisions\/22933"}],"wp:featuredmedia":[{"embeddable":true,"href":"https:\/\/wartapoznan.pl\/index.php\/wp-json\/wp\/v2\/media\/22934"}],"wp:attachment":[{"href":"https:\/\/wartapoznan.pl\/index.php\/wp-json\/wp\/v2\/media?parent=22919"}],"wp:term":[{"taxonomy":"category","embeddable":true,"href":"https:\/\/wartapoznan.pl\/index.php\/wp-json\/wp\/v2\/categories?post=22919"},{"taxonomy":"post_tag","embeddable":true,"href":"https:\/\/wartapoznan.pl\/index.php\/wp-json\/wp\/v2\/tags?post=22919"}],"curies":[{"name":"wp","href":"https:\/\/api.w.org\/{rel}","templated":true}]}}