{"id":22921,"date":"2022-10-31T22:23:49","date_gmt":"2022-10-31T21:23:49","guid":{"rendered":"https:\/\/wartapoznan.pl\/?p=22921"},"modified":"2022-10-31T22:23:49","modified_gmt":"2022-10-31T21:23:49","slug":"wielkie-emocje-i-zwyciestwo-warty-poznan-w-radomiu-z-radomiakiem","status":"publish","type":"post","link":"https:\/\/wartapoznan.pl\/index.php\/2022\/10\/31\/wielkie-emocje-i-zwyciestwo-warty-poznan-w-radomiu-z-radomiakiem\/","title":{"rendered":"Wielkie emocje i zwyci\u0119stwo Warty Pozna\u0144 w Radomiu z Radomiakiem"},"content":{"rendered":"<p><strong>Najbardziej pasjonuj\u0105cy mecz w tym sezonie rozegrali pi\u0142karze Warty Pozna\u0144, kt\u00f3rzy w poniedzia\u0142kowym pojedynku 15. kolejki PKO Bank Polski Ekstraklasy pokonali Radomiaka Radom, mimo \u017ce roztrwonili dwubramkowe prowadzenie. Warta awansowa\u0142a na 9. miejsce tabeli.<\/strong><\/p>\n<p>Mecz w Radomiu ko\u0144czy\u0142 15. seri\u0119 spotka\u0144 i odbywa\u0142 si\u0119 ostatniego dnia pa\u017adziernika w Halloween. Aura by\u0142a odpowiednia dla tego \u015bwi\u0119ta \u2013 stadion zosta\u0142 spowity mg\u0142\u0105 i pojedynek mia\u0142 dzi\u0119ki temu niecodzienn\u0105 opraw\u0119. Mia\u0142 te\u017c niezwyk\u0142y przebieg.<\/p>\n<p>Ju\u017c w 3. minucie Mateusz Kupczak zagra\u0142 do Adama Zrelaka, kt\u00f3ry z pola karnego kopn\u0105\u0142 bardzo mocno, ale Gabriel Kobylak wybi\u0142 pi\u0142k\u0119 na rzut ro\u017cny. Takie dobre interwencje na pocz\u0105tku spotka\u0144 potrafi\u0105 podbudowa\u0107 bramkarzy. W tym przypadku by\u0142o inaczej. W 20. minucie Jan Grzesik do\u015brodkowa\u0142 w pole karne, Miguel Luis wybi\u0142 si\u0119 w powietrze, ale trafi\u0142 pi\u0142k\u0119 klatk\u0105 piersiow\u0105. Futbol\u00f3wka lecia\u0142a wolno w stron\u0119 bramki powoli, a mimo to Gabriel Kobylak zlekcewa\u017cy\u0142 sytuacj\u0119, pope\u0142ni\u0142 b\u0142\u0105d przy pr\u00f3bie przyj\u0119cia i przepu\u015bci\u0142 pi\u0142k\u0119 do siatki! \u201eZieloni\u201d z Poznania wyszli wi\u0119c na prowadzenie.<\/p>\n<p>Gospodarze w pierwszej cz\u0119\u015bci gry tak naprawd\u0119 ani razu nie zagrozili bramce J\u0119drzeja Grobelnego. Warta broni\u0142a si\u0119 bardzo dobrze, by\u0142a aktywna w \u015brodku pola. To tam Adam Zrelak przej\u0105\u0142 pi\u0142k\u0119, poda\u0142 j\u0105 do Miguela Luisa, kt\u00f3ry po kilkudziesi\u0119ciometrowym biegu strzeli\u0142 zza pola karnego tak, \u017ce bramkarz Radomiaka by\u0142 bezradny. To by\u0142 drugi w tym roku wyst\u0119p Portugalczyka z Warty przeciwko dru\u017cynie z Radomia i czwarty strzelony gol. Wiosn\u0105 w Grodzisku trafienia Miguela Luisa pozwoli\u0142y wyj\u015b\u0107 na prowadzenie i wygra\u0107 3:1 pojedynek, w kt\u00f3rym to go\u015bcie pierwsi zdobyli bramk\u0119.<\/p>\n<p>W poniedzia\u0142kowy wiecz\u00f3r dwubramkowe prowadzenie poznaniak\u00f3w nie wystarczy\u0142o do tego, by bezpiecznie dowie\u017a\u0107 dobry rezultat do ko\u0144ca. Trener Mariusz Lewandowski dokona\u0142 w przerwie trzech zmian i wys\u0142a\u0142 zesp\u00f3\u0142 do walki po do\u015b\u0107 ostrej reprymendzie w szatni. Pocz\u0105tkowo pomog\u0142o. Radomiak ju\u017c w pierwszej minucie strzeli\u0142 kontaktowego gola. Uderzy\u0142 z dystansu, pi\u0142ka odbi\u0142a si\u0119 nieszcz\u0119\u015bliwie od Roberta Ivanova i tym razem to J\u0119drzej Grobelny by\u0142 bez szans.<\/p>\n<p>Dru\u017cyna w bia\u0142ych strojach posz\u0142a za ciosem. Warta broni\u0142a si\u0119 na swojej po\u0142owie na tyle skutecznie, \u017ce nie pozwala\u0142a rywalom na stworzenie gro\u017anej sytuacji z akcji. W 63. minucie dosz\u0142o jednak do zamieszana w polu karnym, gdzie Kamil Ko\u015bcielny sfaulowa\u0142 rywala i Radomiak mia\u0142 \u201ejedenastk\u0119\u201d. Pewnie wykorzysta\u0142 j\u0105 Filipe Nascimento i na ponad 25 minut przed ko\u0144cem gry mieli\u015bmy remis 2:2.<\/p>\n<p>Tylko przez chwil\u0119 jednak, bo \u201eWarciarze\u201d po wznowieniu gry od \u015brodka przeprowadzili kapitalny atak, po kt\u00f3rym Kajetan Szmyt precyzyjnie do\u015brodkowa\u0142 z prawej strony, a Adam Zrelak z bliska wepchn\u0105\u0142 pi\u0142k\u0119 do siatki. Warta Pozna\u0144 zn\u00f3w by\u0142a na prowadzeniu! Tym razem 3:2 i nie odda\u0142a go ju\u017c do ostatniego gwizdka.<\/p>\n<p>To ju\u017c sz\u00f3ste zwyci\u0119stwo zespo\u0142u trenera Dawida Szulczka w tym sezonie i pi\u0105te odniesione w roli go\u015bci. Tak dobrego bilansu na wyjazdach nie ma \u017cadna inna dru\u017cyna w Ekstraklasie.<\/p>\n<p><strong>RADOMIAK RADOM &#8211; WARTA POZNA\u0143 2:3 (0:2)<\/strong><br \/>\n<strong>Bramki:<\/strong> 0:1 i 0:2 Miguel Luis (20. minuta i 32.), 1:2 Luis Machado (46.), 2:2 Filipe Nascimento (64., karny), 2:3 Adam Zrelak (65.)<br \/>\n<strong>Warta Pozna\u0144:<\/strong> J\u0119drzej Grobelny \u2013 Dimitris Stavropoulos, Dawid Szymonowicz, Robert Ivanov &#8211; Jan Grzesik, Mateusz Kupczak, Niilo Maenpaa \u017b (46. Micha\u0142 Kopczy\u0144ski), Kamil Ko\u015bcielny &#8211; Kajetan Szmyt (74. Maciej \u017burawski), Miguel Luis (78. Wiktor Ple\u015bnierowicz) &#8211; Adam Zrelak (78. Enis Destan).<br \/>\n<strong>S\u0119dziowa\u0142<\/strong> Sebastian Krasny z Krakowa<br \/>\n<strong>Widz\u00f3w: 3685.<\/strong><\/p>\n","protected":false},"excerpt":{"rendered":"<p>Najbardziej pasjonuj\u0105cy mecz w tym sezonie rozegrali pi\u0142karze Warty Pozna\u0144, kt\u00f3rzy w poniedzia\u0142kowym pojedynku 15. kolejki PKO Bank Polski Ekstraklasy&#8230;<\/p>\n","protected":false},"author":36,"featured_media":22923,"comment_status":"closed","ping_status":"closed","sticky":false,"template":"","format":"standard","meta":{"om_disable_all_campaigns":false,"inline_featured_image":false,"footnotes":"","_links_to":"","_links_to_target":""},"categories":[94,100,245,1],"tags":[],"aioseo_notices":[],"_links":{"self":[{"href":"https:\/\/wartapoznan.pl\/index.php\/wp-json\/wp\/v2\/posts\/22921"}],"collection":[{"href":"https:\/\/wartapoznan.pl\/index.php\/wp-json\/wp\/v2\/posts"}],"about":[{"href":"https:\/\/wartapoznan.pl\/index.php\/wp-json\/wp\/v2\/types\/post"}],"author":[{"embeddable":true,"href":"https:\/\/wartapoznan.pl\/index.php\/wp-json\/wp\/v2\/users\/36"}],"replies":[{"embeddable":true,"href":"https:\/\/wartapoznan.pl\/index.php\/wp-json\/wp\/v2\/comments?post=22921"}],"version-history":[{"count":3,"href":"https:\/\/wartapoznan.pl\/index.php\/wp-json\/wp\/v2\/posts\/22921\/revisions"}],"predecessor-version":[{"id":22931,"href":"https:\/\/wartapoznan.pl\/index.php\/wp-json\/wp\/v2\/posts\/22921\/revisions\/22931"}],"wp:featuredmedia":[{"embeddable":true,"href":"https:\/\/wartapoznan.pl\/index.php\/wp-json\/wp\/v2\/media\/22923"}],"wp:attachment":[{"href":"https:\/\/wartapoznan.pl\/index.php\/wp-json\/wp\/v2\/media?parent=22921"}],"wp:term":[{"taxonomy":"category","embeddable":true,"href":"https:\/\/wartapoznan.pl\/index.php\/wp-json\/wp\/v2\/categories?post=22921"},{"taxonomy":"post_tag","embeddable":true,"href":"https:\/\/wartapoznan.pl\/index.php\/wp-json\/wp\/v2\/tags?post=22921"}],"curies":[{"name":"wp","href":"https:\/\/api.w.org\/{rel}","templated":true}]}}