{"id":22926,"date":"2022-10-31T23:00:10","date_gmt":"2022-10-31T22:00:10","guid":{"rendered":"https:\/\/wartapoznan.pl\/?p=22926"},"modified":"2022-10-31T22:51:11","modified_gmt":"2022-10-31T21:51:11","slug":"opinie-trenerow-po-meczu-radomiak-radom-warta-poznan-3","status":"publish","type":"post","link":"https:\/\/wartapoznan.pl\/index.php\/2022\/10\/31\/opinie-trenerow-po-meczu-radomiak-radom-warta-poznan-3\/","title":{"rendered":"Opinie trener\u00f3w po meczu Radomiak Radom \u2013 Warta Pozna\u0144"},"content":{"rendered":"<p><strong>Od prowadzenia 2:0, poprzez remis 2:2, po wygran\u0105 3:2 \u2013 Warta Pozna\u0144 pokona\u0142a Radomiaka Radom po niezwykle emocjonuj\u0105cym meczu, kt\u00f3ry zako\u0144czy\u0142 15. seri\u0119 spotka\u0144 PKO Bank Polski Ekstraklasy. Oto, co po poniedzia\u0142kowym spotkaniu w Radomiu powiedzieli trenerzy obu dru\u017cyn:<\/strong><\/p>\n<p><strong>Dawid Szulczek, trener Warty Pozna\u0144:<\/strong> <em>Wiele statystyk m\u00f3wi\u0142o o tym, \u017ce zar\u00f3wno Radomiak, jak i Warta powinny mie\u0107 w tym sezonie wi\u0119cej strzelonych goli, wi\u0119c spodziewa\u0142em si\u0119 tego, \u017ce wcale nie musi by\u0107 to spotkanie oscyluj\u0105ce wok\u00f3\u0142 bezbramkowego remisu. I \u017ce bramki mog\u0105 pa\u015b\u0107, bo kiedy\u015b te niewykorzystane sytuacje musz\u0105 wraca\u0107.<\/em><\/p>\n<p><em>Byli\u015bmy dzisiaj do b\u00f3lu skuteczni, ale Radomiak r\u00f3wnie\u017c nie mia\u0142 du\u017cej liczby strza\u0142\u00f3w. Oczywi\u015bcie, bramka po b\u0142\u0119dzie Gabriela Kobylaka nam nieco pomog\u0142a, ale jest to normalna rzecz, \u017ce m\u0142odzi zawodnicy pope\u0142niaj\u0105 wi\u0119cej b\u0142\u0119d\u00f3w. Trzeba jednak odda\u0107, \u017ce wcze\u015bniej w wielu momentach broni\u0142 fantastyczne.<\/em><\/p>\n<p><em>My\u015bl\u0119, \u017ce w skali ca\u0142ego roku dobrze pracujemy. Je\u017celi chodzi o gr\u0119 w obronie, to nie tracimy du\u017co bramek. W przerwie spodziewali\u015bmy si\u0119, \u017ce to spotkanie mo\u017ce jeszcze by\u0107 dreszczowcem. M\u00f3wili\u015bmy o tym, \u017ce nale\u017cy zachowa\u0107 ch\u0142odn\u0105 g\u0142ow\u0119. Chcia\u0142bym bardzo mocno pochwali\u0107 ca\u0142y m\u00f3j team: zar\u00f3wno zawodnik\u00f3w na boisku, jak i rezerwowych, poniewa\u017c mentalnie poszli\u015bmy do przodu. \u015awietnie wytrzymali\u015bmy trudny moment, gdy Radomiak doprowadzi\u0142 do wyr\u00f3wnania. Kapitalna akcja, dobry atak pozycyjny. Wszystko posz\u0142o jak po sznurku. Jest to aspekt, na kt\u00f3rym mocno si\u0119 rozwin\u0119li\u015bmy. Mecze maj\u0105 r\u00f3\u017cne fazy. Cz\u0119sto o tym rozmawiamy, \u017ce te trudne momenty trzeba przetrwa\u0107, nawet jak si\u0119 traci gola i rywale nabieraj\u0105 wiatru w \u017cagle trzeba wytrzyma\u0107 i wykorzysta\u0107 swoj\u0105 okazj\u0119. <\/em><\/p>\n<p><em>Nie oddajemy du\u017co strza\u0142\u00f3w, ale zazwyczaj s\u0105 z dobrze przygotowanych pozycji, dlatego w skali ca\u0142ego roku tych goli strzelili\u015bmy ca\u0142kiem sporo jak na Wart\u0119 Pozna\u0144. Pocz\u0105tek sezonu by\u0142 trudny, natomiast my\u015bl\u0119, \u017ce z meczu na mecz to wszystko si\u0119 krystalizuje. By\u0142y trudne momenty, ale nasi \u00a0pi\u0142karze daj\u0105 rad\u0119 i r\u00f3wnie\u017c dzisiaj na boisku by\u0142o wida\u0107, \u017ce jeste\u015bmy dru\u017cyn\u0105 z odpowiednim nastawieniem i mocnym mentalem.<\/em><\/p>\n<p><em>Je\u015bli chodzi o mg\u0142\u0119, to mog\u0119 powiedzie\u0107, \u017ce spod linii bocznej widzia\u0142em wszystko co si\u0119 dzieje, poza najdalszym naro\u017cnikiem boiska, tam rzeczywi\u015bcie trudniej by\u0142o cokolwiek dostrzec. Zawodnicy graj\u0105cy w \u015brodku pola r\u00f3wnie\u017c mieli fantastyczny widok. Jedynie bramkarze mogli mie\u0107 problem przy bardzo dalekich wybiciach. Natomiast podsumowuj\u0105c: nie wydaje mi si\u0119, \u017ceby mg\u0142a mia\u0142a szczeg\u00f3lnie du\u017cy wp\u0142yw na przebieg meczu, a dla ludzi, kt\u00f3rzy nie lubi\u0105 gry Warty to mo\u017ce nawet lepiej, \u017ce ta mg\u0142a dzisiaj by\u0142a (u\u015bmiech).<\/em><\/p>\n<p><em>Sytuacja w tabeli? Oczywi\u015bcie, musimy zrobi\u0107 jeszcze sze\u015b\u0107 punkt\u00f3w i wiosn\u0105 walczymy o puchary. A tak powa\u017cnie, to cieszymy si\u0119, \u017ce jeste\u015bmy w takim momencie. Za tydzie\u0144 czeka nas bardzo trudne spotkanie z Piastem Gliwice, kt\u00f3ry nie wygra\u0142 od bardzo dawna i b\u0119dzie chcia\u0142 si\u0119 prze\u0142ama\u0107. Mamy swoje wyzwania, szyjemy troch\u0119 kadr\u0119. Chocia\u017cby Kamil Ko\u015bcielny wyst\u0105pi\u0142 dzisiaj na pozycji, na kt\u00f3rej nigdy nie gra\u0142 i walczy\u0142 dzielnie. Co prawda sprokurowa\u0142 karnego, ale w wielu momentach nam pom\u00f3g\u0142. Prawdopodobnie stracili\u015bmy te\u017c Adama Zrelaka, kt\u00f3ry zszed\u0142 z urazem, tak wi\u0119c musimy sobie radzi\u0107. Niemniej, osoby kt\u00f3re s\u0105 w Warcie od d\u0142u\u017cszego czasu cz\u0119sto powtarzaj\u0105 mi, \u017ce tutaj im gorzej, tym lepiej, tak wi\u0119c mo\u017ce tak ma by\u0107.<\/em><\/p>\n<p><strong><img loading=\"lazy\" decoding=\"async\" width=\"1500\" height=\"1000\" class=\"aligncenter size-full wp-image-22928\" src=\"https:\/\/wartapoznan.pl\/wp-content\/uploads\/2022\/10\/Radomiak_Warta-2805-www2.jpg\" alt=\"Radomiak Radom - Warta Pozna\u0144 2:3. Opinie trener\u00f3w, Mariusz Lewandowski\" srcset=\"https:\/\/wartapoznan.pl\/wp-content\/uploads\/2022\/10\/Radomiak_Warta-2805-www2.jpg 1500w, https:\/\/wartapoznan.pl\/wp-content\/uploads\/2022\/10\/Radomiak_Warta-2805-www2-300x200.jpg 300w, https:\/\/wartapoznan.pl\/wp-content\/uploads\/2022\/10\/Radomiak_Warta-2805-www2-128x85.jpg 128w, https:\/\/wartapoznan.pl\/wp-content\/uploads\/2022\/10\/Radomiak_Warta-2805-www2-32x21.jpg 32w\" sizes=\"(max-width: 1500px) 100vw, 1500px\" \/><\/strong><\/p>\n<p><strong>Mariusz Lewandowski, trener Radomiaka Radom:<\/strong> <em>Jeste\u015bmy bardzo \u017ali. W pierwszej po\u0142owie byli\u015bmy za wolni, du\u017co pi\u0142ek wycofywali\u015bmy do bramkarza, nie przyspieszali\u015bmy gry. Do tego pojawi\u0142y si\u0119 b\u0142\u0119dy &#8211; mo\u017cna powiedzie\u0107, \u017ce nie ma jeszcze \u015bwi\u0105t, a my ju\u017c rozdali\u015bmy prezenty. Sami sprokurowali\u015bmy sytuacje dla Warty i bramki pada\u0142y po naszych g\u0142upich zagraniach, albo wskutek braku koncentracji. <\/em><\/p>\n<p><em>W drugiej po\u0142owie zareagowali\u015bmy bardzo dobrze. Zesp\u00f3\u0142 wyszed\u0142 kompletnie odmieniony: z charakterem, realizuj\u0105cy za\u0142o\u017cenia taktyczne. By\u0142o wida\u0107, \u017ce dru\u017cyna zmierza do celu. Strzelili\u015bmy dwie bramki i chcieli\u015bmy i\u015b\u0107 za ciosem, ale od razu stracili\u015bmy bramk\u0119 na 2:3. <\/em><\/p>\n<p><em>Chcemy zapomnie\u0107 o tym jak wygl\u0105dali\u015bmy w pierwszej po\u0142owie, a tak\u0105 dru\u017cyn\u0119 jak w drugiej cz\u0119\u015bci spotkania chcemy ogl\u0105da\u0107. Niestety, znowu tracimy punkty w Radomiu po niepotrzebnych b\u0142\u0119dach.<\/em><\/p>\n","protected":false},"excerpt":{"rendered":"<p>Od prowadzenia 2:0, poprzez remis 2:2, po wygran\u0105 3:2 \u2013 Warta Pozna\u0144 pokona\u0142a Radomiaka Radom po niezwykle emocjonuj\u0105cym meczu, kt\u00f3ry&#8230;<\/p>\n","protected":false},"author":36,"featured_media":22929,"comment_status":"closed","ping_status":"closed","sticky":false,"template":"","format":"standard","meta":{"om_disable_all_campaigns":false,"inline_featured_image":false,"footnotes":"","_links_to":"","_links_to_target":""},"categories":[94,100,245,1],"tags":[],"aioseo_notices":[],"_links":{"self":[{"href":"https:\/\/wartapoznan.pl\/index.php\/wp-json\/wp\/v2\/posts\/22926"}],"collection":[{"href":"https:\/\/wartapoznan.pl\/index.php\/wp-json\/wp\/v2\/posts"}],"about":[{"href":"https:\/\/wartapoznan.pl\/index.php\/wp-json\/wp\/v2\/types\/post"}],"author":[{"embeddable":true,"href":"https:\/\/wartapoznan.pl\/index.php\/wp-json\/wp\/v2\/users\/36"}],"replies":[{"embeddable":true,"href":"https:\/\/wartapoznan.pl\/index.php\/wp-json\/wp\/v2\/comments?post=22926"}],"version-history":[{"count":2,"href":"https:\/\/wartapoznan.pl\/index.php\/wp-json\/wp\/v2\/posts\/22926\/revisions"}],"predecessor-version":[{"id":22930,"href":"https:\/\/wartapoznan.pl\/index.php\/wp-json\/wp\/v2\/posts\/22926\/revisions\/22930"}],"wp:featuredmedia":[{"embeddable":true,"href":"https:\/\/wartapoznan.pl\/index.php\/wp-json\/wp\/v2\/media\/22929"}],"wp:attachment":[{"href":"https:\/\/wartapoznan.pl\/index.php\/wp-json\/wp\/v2\/media?parent=22926"}],"wp:term":[{"taxonomy":"category","embeddable":true,"href":"https:\/\/wartapoznan.pl\/index.php\/wp-json\/wp\/v2\/categories?post=22926"},{"taxonomy":"post_tag","embeddable":true,"href":"https:\/\/wartapoznan.pl\/index.php\/wp-json\/wp\/v2\/tags?post=22926"}],"curies":[{"name":"wp","href":"https:\/\/api.w.org\/{rel}","templated":true}]}}