{"id":22966,"date":"2022-11-02T09:00:28","date_gmt":"2022-11-02T08:00:28","guid":{"rendered":"https:\/\/wartapoznan.pl\/?p=22966"},"modified":"2022-11-03T12:30:29","modified_gmt":"2022-11-03T11:30:29","slug":"jak-grali-wypozyczeni-zawodnicy-warty-poznan-raport-108","status":"publish","type":"post","link":"https:\/\/wartapoznan.pl\/index.php\/2022\/11\/02\/jak-grali-wypozyczeni-zawodnicy-warty-poznan-raport-108\/","title":{"rendered":"Jak grali wypo\u017cyczeni zawodnicy Warty Pozna\u0144 \u2013 raport"},"content":{"rendered":"<p><strong>Czterech zawodnik\u00f3w Warty Pozna\u0144, kt\u00f3rzy s\u0105 wypo\u017cyczeni do innych klub\u00f3w, zaliczy\u0142o w weekend kolejne wyst\u0119py w barwach swoich obecnych dru\u017cyn.<\/strong><\/p>\n<p>Jakub Sangowski po raz trzeci w tym sezonie (a po raz drugi w lidze) wyszed\u0142 w pierwszym sk\u0142adzie Skry Cz\u0119stochowa i zaliczy\u0142 premierowe 90 minut w starciu z Puszcz\u0105 Niepo\u0142omice. Lider Fortuna 1 Ligi by\u0142 bezlitosny, wygra\u0142 3:0, a dla dru\u017cyny Skry, kt\u00f3ra jest w strefie spadkowej, by\u0142a to ju\u017c si\u00f3dma pora\u017cka z rz\u0119du.<\/p>\n<p>Punkty zdobywaj\u0105 za to dru\u017cyny innych \u201eWarciarzy\u201d, ale tylko Marcin Szeibe mia\u0142 jaki\u015b wk\u0142ad w wywalczenie remisu przez Uni\u0119 Swarz\u0119dz w wyjazdowym pojedynku z Vinet\u0105 Wolin. Natomiast Albert \u017berkowski nie zagra\u0142 w wygranym spotkaniu Soko\u0142a Kleczew z Ba\u0142tykiem Gdynia.<\/p>\n<p><strong>Jakub Sangowski, 20 lat, napastnik (Skra Cz\u0119stochowa; I liga)<\/strong><br \/>\n\u2013 90 minut w meczu z Puszcz\u0105 Niepo\u0142omice (0:3)<br \/>\n<strong>\u2013 wyst\u0119py w sezonie 2022\/23:<\/strong>\u00a015 (457 minut)<\/p>\n<p><strong>Szymon Soi\u0144ski, 19 lat, obro\u0144ca (Jarota Jarocin; III liga)<\/strong><br \/>\n\u2013 nie gra\u0142 w meczu III ligi z Pogoni\u0105 Nowe Skalmierzyce (0:1); 90 minut w barwach Jaroty Jarocin II Witaszyce w meczu klasy okr\u0119gowej z KP S\u0142upia (1:2)<br \/>\n<strong>\u2013 wyst\u0119py w sezonie 2022\/23<\/strong>: 13 (469 minut)<\/p>\n<p><strong>Marcin Szeibe, 22 lata, pomocnik (Unia Swarz\u0119dz, III liga)<\/strong><br \/>\n\u2013 gra\u0142 od 80. minuty meczu z Vinet\u0105 Wolin (0:0)<br \/>\n<strong>\u2013 wyst\u0119py w sezonie 2022\/23<\/strong>: 12 (765 minut; 3 gole)<\/p>\n<p><strong>Albert \u017berkowski, 18 lat, obro\u0144ca (Sok\u00f3\u0142 Kleczew, III liga)<\/strong><br \/>\n\u2013 nie gra\u0142 w meczu z Ba\u0142tykiem Gdynia (2:1)<br \/>\n<strong>\u2013 wyst\u0119py w sezonie 2022\/23<\/strong>: 5 (342 minuty)<\/p>\n<p><strong>Leo Przybylak, 18 lat, bramkarz (Warta Mi\u0119dzych\u00f3d; IV liga)<\/strong><br \/>\n\u2013 90 minut w meczu z Tarnovi\u0105 Tarnowo Podg\u00f3rne (2:3)<br \/>\n<strong>\u2013 wyst\u0119py w sezonie 2022\/23<\/strong>: 14 (1260 minut)<\/p>\n<p><strong>Miko\u0142aj Stangel, 18 lat, pomocnik (Warta Mi\u0119dzych\u00f3d; IV liga)<\/strong><br \/>\n\u2013 nie gra\u0142 w meczu z Tarnovi\u0105 Tarnowo Podg\u00f3rne (2:3)<br \/>\n<strong>\u2013 wyst\u0119py w sezonie 2022\/23<\/strong>: 6 (488 minut; 2 gole).<\/p>\n","protected":false},"excerpt":{"rendered":"<p>Czterech zawodnik\u00f3w Warty Pozna\u0144, kt\u00f3rzy s\u0105 wypo\u017cyczeni do innych klub\u00f3w, zaliczy\u0142o w weekend kolejne wyst\u0119py w barwach swoich obecnych dru\u017cyn&#8230;.<\/p>\n","protected":false},"author":36,"featured_media":21633,"comment_status":"closed","ping_status":"closed","sticky":false,"template":"","format":"standard","meta":{"om_disable_all_campaigns":false,"inline_featured_image":false,"footnotes":"","_links_to":"","_links_to_target":""},"categories":[94,250,1],"tags":[],"aioseo_notices":[],"_links":{"self":[{"href":"https:\/\/wartapoznan.pl\/index.php\/wp-json\/wp\/v2\/posts\/22966"}],"collection":[{"href":"https:\/\/wartapoznan.pl\/index.php\/wp-json\/wp\/v2\/posts"}],"about":[{"href":"https:\/\/wartapoznan.pl\/index.php\/wp-json\/wp\/v2\/types\/post"}],"author":[{"embeddable":true,"href":"https:\/\/wartapoznan.pl\/index.php\/wp-json\/wp\/v2\/users\/36"}],"replies":[{"embeddable":true,"href":"https:\/\/wartapoznan.pl\/index.php\/wp-json\/wp\/v2\/comments?post=22966"}],"version-history":[{"count":1,"href":"https:\/\/wartapoznan.pl\/index.php\/wp-json\/wp\/v2\/posts\/22966\/revisions"}],"predecessor-version":[{"id":22967,"href":"https:\/\/wartapoznan.pl\/index.php\/wp-json\/wp\/v2\/posts\/22966\/revisions\/22967"}],"wp:featuredmedia":[{"embeddable":true,"href":"https:\/\/wartapoznan.pl\/index.php\/wp-json\/wp\/v2\/media\/21633"}],"wp:attachment":[{"href":"https:\/\/wartapoznan.pl\/index.php\/wp-json\/wp\/v2\/media?parent=22966"}],"wp:term":[{"taxonomy":"category","embeddable":true,"href":"https:\/\/wartapoznan.pl\/index.php\/wp-json\/wp\/v2\/categories?post=22966"},{"taxonomy":"post_tag","embeddable":true,"href":"https:\/\/wartapoznan.pl\/index.php\/wp-json\/wp\/v2\/tags?post=22966"}],"curies":[{"name":"wp","href":"https:\/\/api.w.org\/{rel}","templated":true}]}}