{"id":23066,"date":"2022-11-09T19:02:54","date_gmt":"2022-11-09T18:02:54","guid":{"rendered":"https:\/\/wartapoznan.pl\/?p=23066"},"modified":"2022-11-09T11:39:37","modified_gmt":"2022-11-09T10:39:37","slug":"niilo-maenpaa-z-warty-poznan-z-szansa-na-debiut-w-reprezentacji-finlandii","status":"publish","type":"post","link":"https:\/\/wartapoznan.pl\/index.php\/2022\/11\/09\/niilo-maenpaa-z-warty-poznan-z-szansa-na-debiut-w-reprezentacji-finlandii\/","title":{"rendered":"Niilo Maenpaa z Warty Pozna\u0144 z szans\u0105 na debiut w reprezentacji Finlandii"},"content":{"rendered":"<p><strong>Pomocnik Warty Pozna\u0144, Niilo Maenpaa znalaz\u0142 si\u0119 w kadrze Finlandii na towarzyskie spotkania z Macedoni\u0105 P\u00f3\u0142nocn\u0105 i Norwegi\u0105. Wcze\u015bniej powo\u0142ania na te mecze dosta\u0142 inny pi\u0142karz \u201eZielonych\u201d, Robert Ivanov.<\/strong><\/p>\n<p>O ile w przypadku Roberta Ivanova wyjazd na zgrupowanie dru\u017cyny narodowej nie jest zaskoczeniem, gdy\u017c jest do nie powo\u0142ywany regularnie, o tyle dla 24-letniego pomocnika b\u0119dzie to szansa debiutu w pierwszej reprezentacji Finlandii. Niilo Maenpaa gra\u0142 dotychczas wy\u0142\u0105cznie w kadrach m\u0142odzie\u017cowych swojego kraju. W dru\u017cynach do lat 16, 17, 18, 19 i 21 zaliczy\u0142 w sumie 23 wyst\u0119py, w kt\u00f3rych zdoby\u0142 4 gole. Po raz ostatni w fi\u0144skiej m\u0142odzie\u017c\u00f3wce zagra\u0142 dwa lata temu w wygranym 1:0 spotkaniu z Malt\u0105, w eliminacjach do mistrzostw Europu U-21.<\/p>\n<p>W ostatnim czasie Niilo Maenpaa by\u0142 w kr\u0119gu zainteresowa\u0144 selekcjonera Fin\u00f3w, Markku Kanervy, trafia\u0142 do szerokiej kadry, ale dopiero teraz doczeka\u0142 si\u0119 powo\u0142ania. W najbli\u017cszym czasie Suomi zmierz\u0105 si\u0119 z Macedoni\u0105 P\u00f3\u0142nocn\u0105 (czwartek, 17 listopada o godz. 18 w Skopje) oraz Norwegi\u0105 (niedziela, 20 listopada o godz. 14 w Oslo).<\/p>\n<p>Wkr\u00f3tce minie rok od momentu, gdy Niilo Maenpaa zosta\u0142 pi\u0142karzem Warty Pozna\u0144. Trafi\u0142 do \u201eZielonych\u201d w styczniu z klubu IFK Mariehamn. W tym sezonie ma na koncie 14 mecz\u00f3w w PKO Bank Polski Ekstraklasie i 2 w rozgrywkach Fortuna Pucharu Polski. \u0141\u0105cznie reprezentowa\u0142 zielono-bia\u0142e barwy Warty 28 razy.<\/p>\n<p><strong>Niilo, gratulujemy i \u017cyczymy debiutu w reprezentacji!<\/strong><\/p>\n","protected":false},"excerpt":{"rendered":"<p>Pomocnik Warty Pozna\u0144, Niilo Maenpaa znalaz\u0142 si\u0119 w kadrze Finlandii na towarzyskie spotkania z Macedoni\u0105 P\u00f3\u0142nocn\u0105 i Norwegi\u0105. Wcze\u015bniej powo\u0142ania&#8230;<\/p>\n","protected":false},"author":36,"featured_media":23068,"comment_status":"closed","ping_status":"closed","sticky":false,"template":"","format":"standard","meta":{"om_disable_all_campaigns":false,"inline_featured_image":false,"footnotes":"","_links_to":"","_links_to_target":""},"categories":[94,100,101,1],"tags":[],"aioseo_notices":[],"_links":{"self":[{"href":"https:\/\/wartapoznan.pl\/index.php\/wp-json\/wp\/v2\/posts\/23066"}],"collection":[{"href":"https:\/\/wartapoznan.pl\/index.php\/wp-json\/wp\/v2\/posts"}],"about":[{"href":"https:\/\/wartapoznan.pl\/index.php\/wp-json\/wp\/v2\/types\/post"}],"author":[{"embeddable":true,"href":"https:\/\/wartapoznan.pl\/index.php\/wp-json\/wp\/v2\/users\/36"}],"replies":[{"embeddable":true,"href":"https:\/\/wartapoznan.pl\/index.php\/wp-json\/wp\/v2\/comments?post=23066"}],"version-history":[{"count":1,"href":"https:\/\/wartapoznan.pl\/index.php\/wp-json\/wp\/v2\/posts\/23066\/revisions"}],"predecessor-version":[{"id":23067,"href":"https:\/\/wartapoznan.pl\/index.php\/wp-json\/wp\/v2\/posts\/23066\/revisions\/23067"}],"wp:featuredmedia":[{"embeddable":true,"href":"https:\/\/wartapoznan.pl\/index.php\/wp-json\/wp\/v2\/media\/23068"}],"wp:attachment":[{"href":"https:\/\/wartapoznan.pl\/index.php\/wp-json\/wp\/v2\/media?parent=23066"}],"wp:term":[{"taxonomy":"category","embeddable":true,"href":"https:\/\/wartapoznan.pl\/index.php\/wp-json\/wp\/v2\/categories?post=23066"},{"taxonomy":"post_tag","embeddable":true,"href":"https:\/\/wartapoznan.pl\/index.php\/wp-json\/wp\/v2\/tags?post=23066"}],"curies":[{"name":"wp","href":"https:\/\/api.w.org\/{rel}","templated":true}]}}