{"id":23125,"date":"2022-11-11T21:31:32","date_gmt":"2022-11-11T20:31:32","guid":{"rendered":"https:\/\/wartapoznan.pl\/?p=23125"},"modified":"2022-11-11T21:49:22","modified_gmt":"2022-11-11T20:49:22","slug":"remis-warty-poznan-ze-stala-mielec-zdecydowal-gol-w-ostatniej-akcji","status":"publish","type":"post","link":"https:\/\/wartapoznan.pl\/index.php\/2022\/11\/11\/remis-warty-poznan-ze-stala-mielec-zdecydowal-gol-w-ostatniej-akcji\/","title":{"rendered":"Remis Warty Pozna\u0144 ze Stal\u0105 Mielec &#8211; zdecydowa\u0142 gol w ostatniej akcji"},"content":{"rendered":"<p><strong>Bramka zdobyta przez Jana Grzesika w 93. minucie meczu Warty Pozna\u0144 ze Stal\u0105 Mielec da\u0142a \u201eZielonym\u201d remis 1:1 w pierwszym pojedynku 17. Kolejki PKO Bank Polski Ekstraklasy. Po pi\u0105tym z rz\u0119du spotkaniu bez pora\u017cki poznaniacy sp\u0119dz\u0105 przerw\u0119 zimow\u0105 na 9. lub 10. miejscu w tabeli.<\/strong><\/p>\n<p>Ostatni w tym roku mecz ligowy na stadionie w Grodzisku Wlkp. by\u0142 starciem zespo\u0142\u00f3w, kt\u00f3re t\u0119 rund\u0119 mog\u0105 zapisa\u0107 zdecydowanie na plus. Zwyci\u0119zca pojedynku mia\u0142 nawet szans\u0119 awansowa\u0107 na trzecie miejsce w tabeli i \u2013 przy korzystnych wynikach innych spotka\u0144 \u2013 pozosta\u0107 tam do styczniowego wznowienia rozgrywek.<\/p>\n<p>\u201eZieloni\u201d walczyli o trzecie z rz\u0119du zwyci\u0119stwo, co nie zdarzy\u0142o im si\u0119 podczas rocznej kadencji Dawida Szulczka na stanowisku trenera Warty. Ruszyli wi\u0119c po pe\u0142n\u0105 pul\u0119 dos\u0142ownie od pierwszej minuty meczu ze Stal\u0105. Przewaga gospodarzy w pierwszej po\u0142owie by\u0142a bardzo wyra\u017ana. Zesp\u00f3\u0142 z Mielca jakiekolwiek pr\u00f3by zagro\u017cenia bramce J\u0119drzeja Grobelnego podejmowa\u0142 wy\u0142\u0105cznie po sta\u0142ych fragmentach gry. Akcje ofensywne najcz\u0119\u015bciej by\u0142y przerywane szybko, a Dawid Szymonowicz skutecznie wybija\u0142 z rytmu Saida Hamulicia, najlepszego strzelca Stali i jednego z najlepszych w Ekstraklasie. Efekt by\u0142 taki, \u017ce J\u0119drzej Grobelny przez pierwsze 45 minut ani razu nie musia\u0142 interweniowa\u0107 czy broni\u0107 strza\u0142u.<\/p>\n<p>\u201eWarciarze\u201d mieli troch\u0119 okazji. Najcz\u0119\u015bciej jednak jedynymi zdobyczami by\u0142y tylko rzuty ro\u017cne. Tak by\u0142o po uderzeniu Adama Zrelaka w pe\u0142nym biegu zza pola karnego (10. minuta), pr\u00f3bie Mateusza Kupczaka w 23. minucie, gdy obro\u0144ca wybi\u0142 pi\u0142k\u0119 zmierzaj\u0105c\u0105 do bramki, czy szar\u017cy Roberta Ivanova cztery minuty p\u00f3\u017aniej.<\/p>\n<p>Fin by\u0142 autorem pierwszego celnego strza\u0142u w tym spotkaniu \u2013 po \u0142adnej wymianie poda\u0144 ze swoim rodakiem, Niilo Maenp\u0105 kopn\u0105\u0142 jednak w \u015brodek bramki. Najlepsz\u0105 okazj\u0119 do zmiany wyniku mia\u0142 jednak przed przerw\u0105 Kajetan Szmyt. To by\u0142a pi\u0119kna akcja rozegrana mi\u0119dzy Miguelem Luisem, Niilo Maenp\u0105 i Adamem Zrelakiem. Ten ostatni zagra\u0142 bez przyj\u0119cia do m\u0142odzie\u017cowego reprezentanta Polski, a ten by\u0142 na wprost bramki Stali. Odda\u0142 strza\u0142, ale nie trafi\u0142 dobrze w pi\u0142k\u0119 i ta potoczy\u0142a si\u0119 zdecydowanie zbyt wolno, by zaskoczy\u0107 Bartosza Mrozka.<\/p>\n<p>Nap\u00f3r nie ustawa\u0142 tak\u017ce na pocz\u0105tku drugiej cz\u0119\u015bci gry. Niilo Maenapa wywalczy\u0142 kolejny rzut ro\u017cny po tym, jak pi\u0142ka po strzale z linii pola karnego odbi\u0142a si\u0119 od obro\u0144cy. Potem Adam Zrelak trafi\u0142 w bramkarza, a w kolejnej akcji, w kt\u00f3rej sprytnie oszuka\u0142 Mateusza Matrasa, zosta\u0142 zablokowany orzez Kamila Kr\u00f3la.<\/p>\n<p>T\u0119 okazj\u0119 poprzedzi\u0142 pierwszy celny strza\u0142 w wykonaniu go\u015bci \u2013 Said Hamuli\u0107 uderzy\u0142 z dystansu mocno, ale w \u015brodek bramki. Niestety, kolejna sytuacja z udzia\u0142em napastnika Stali zako\u0144czy\u0142a si\u0119 golem. Mielczanie po raz kolejny kopn\u0119li pi\u0142k\u0119 na po\u0142ow\u0119 Warty, a tak J\u0119drzej Grobelny \u017ale przyj\u0105\u0142 futbol\u00f3wk\u0119 poza polem karny. Ten b\u0142\u0105d wykorzysta\u0142 Said Hamulic, przej\u0105\u0142 pi\u0142k\u0119 i trafi\u0142 do pustej bramki.<\/p>\n<p>Po obj\u0119ciu prowadzenia przyjezdni cofn\u0119li si\u0119 jeszcze g\u0142\u0119biej, wi\u0119c o okazje do strzelenia gola by\u0142o jeszcze trudniej. Skutku nie przynosi\u0142y ani do\u015brodkowania, ani strza\u0142y z dystansu (pr\u00f3bowali Adam Zrelak i dwukrotnie Robert Ivanov).<\/p>\n<p>Wydawa\u0142o si\u0119, \u017ce nic ju\u017c nie uchroni Warty przed pora\u017ck\u0105, szczeg\u00f3lnie, \u017ce zd\u0105\u017cy\u0142y ju\u017c up\u0142yn\u0105\u0107 dwie doliczone przez arbitra minuty. Wtedy na wstrzelenie pi\u0142ki w pole karne zdecydowa\u0142 si\u0119 Mi\u0142osz Szczepa\u0144ski, kt\u00f3ry po wyleczeniu urazu wr\u00f3ci\u0142 do zespo\u0142u na ostatnie minuty w rundzie jesiennej. Jego zmieni\u0142o si\u0119 w asyst\u0119, gdy\u017c Jan Grzesik uciek\u0142 obro\u0144cy i w do\u015b\u0107 ekwilibrystyczny spos\u00f3b uderzy\u0142 pi\u0142k\u0119 g\u0142ow\u0105. Trafi\u0142 idealnie, pi\u0142ka odbi\u0142a si\u0119 od s\u0142upka i wyl\u0105dowa\u0142a w siatce. Bartosz Mrozek by\u0142 bezradny. S\u0119dzia pozwoli\u0142 jeszcze go\u015bciom wznowi\u0107 gr\u0119 od \u015brodka, ale natychmiast zako\u0144czy\u0142 mecz.<\/p>\n<p>&#8211; <em>Mo\u017ce nie jest to wynik marze\u0144, ale wywalczony w takich okoliczno\u015bciach smakuje jeszcze lepiej<\/em> \u2013 skwitowa\u0142 ten wyst\u0119p spiker na stadionie w Grodzisku Wlkp. \u201eZieloni\u201d zako\u0144czyli rok tak, jak go zacz\u0119li. W pierwszym wyst\u0119pie te\u017c zremisowali 1:1 po trafieniu w ostatniej akcji. W\u00f3wczas autorem gola w starciu z G\u00f3rnikiem \u0141\u0119czna by\u0142 bramkarz Adrian Lis.<\/p>\n<p><strong>WARTA POZNA\u0143 \u2013 STAL MIELEC 1:1 (0:0)<\/strong><br \/>\n<strong>Bramki:<\/strong> 0:1 Said Hamulic (66. minuta), 1:1 Jan Grzesik (90. +3)<br \/>\n<strong>Warta Pozna\u0144:<\/strong> J\u0119drzej Grobelny \u2013 Dimitris Stavropoulos, Dawid Szymonowicz, Robert Ivanov \u2013 Jan Grzesik, Mateusz Kupczak, Niilo Maenpaa <strong>\u017b <\/strong>(86. Mi\u0142osz Szczepa\u0144ski), Kamil Ko\u015bcielny (74. Maciej \u017burawski) \u2013 Kajetan Szmyt, Miguel Luis (74. Enis Destan <strong>\u017b<\/strong>) \u2013 Adam Zrelak.<br \/>\n<strong>S\u0119dziowa\u0142<\/strong> Jaros\u0142aw Przyby\u0142 z Kluczborka<br \/>\n<strong>Widz\u00f3w: 2466<\/strong><\/p>\n","protected":false},"excerpt":{"rendered":"<p>Bramka zdobyta przez Jana Grzesika w 93. minucie meczu Warty Pozna\u0144 ze Stal\u0105 Mielec da\u0142a \u201eZielonym\u201d remis 1:1 w pierwszym&#8230;<\/p>\n","protected":false},"author":36,"featured_media":23127,"comment_status":"closed","ping_status":"closed","sticky":false,"template":"","format":"standard","meta":{"om_disable_all_campaigns":false,"inline_featured_image":false,"footnotes":"","_links_to":"","_links_to_target":""},"categories":[94,100,245,1],"tags":[],"aioseo_notices":[],"_links":{"self":[{"href":"https:\/\/wartapoznan.pl\/index.php\/wp-json\/wp\/v2\/posts\/23125"}],"collection":[{"href":"https:\/\/wartapoznan.pl\/index.php\/wp-json\/wp\/v2\/posts"}],"about":[{"href":"https:\/\/wartapoznan.pl\/index.php\/wp-json\/wp\/v2\/types\/post"}],"author":[{"embeddable":true,"href":"https:\/\/wartapoznan.pl\/index.php\/wp-json\/wp\/v2\/users\/36"}],"replies":[{"embeddable":true,"href":"https:\/\/wartapoznan.pl\/index.php\/wp-json\/wp\/v2\/comments?post=23125"}],"version-history":[{"count":4,"href":"https:\/\/wartapoznan.pl\/index.php\/wp-json\/wp\/v2\/posts\/23125\/revisions"}],"predecessor-version":[{"id":23132,"href":"https:\/\/wartapoznan.pl\/index.php\/wp-json\/wp\/v2\/posts\/23125\/revisions\/23132"}],"wp:featuredmedia":[{"embeddable":true,"href":"https:\/\/wartapoznan.pl\/index.php\/wp-json\/wp\/v2\/media\/23127"}],"wp:attachment":[{"href":"https:\/\/wartapoznan.pl\/index.php\/wp-json\/wp\/v2\/media?parent=23125"}],"wp:term":[{"taxonomy":"category","embeddable":true,"href":"https:\/\/wartapoznan.pl\/index.php\/wp-json\/wp\/v2\/categories?post=23125"},{"taxonomy":"post_tag","embeddable":true,"href":"https:\/\/wartapoznan.pl\/index.php\/wp-json\/wp\/v2\/tags?post=23125"}],"curies":[{"name":"wp","href":"https:\/\/api.w.org\/{rel}","templated":true}]}}