{"id":23503,"date":"2023-01-02T15:30:13","date_gmt":"2023-01-02T14:30:13","guid":{"rendered":"https:\/\/wartapoznan.pl\/?p=23503"},"modified":"2023-01-02T15:30:13","modified_gmt":"2023-01-02T14:30:13","slug":"warta-poznan-rozpoczela-przygotowania-do-rundy-wiosennej-pko-bank-polski-ekstraklasy","status":"publish","type":"post","link":"https:\/\/wartapoznan.pl\/index.php\/2023\/01\/02\/warta-poznan-rozpoczela-przygotowania-do-rundy-wiosennej-pko-bank-polski-ekstraklasy\/","title":{"rendered":"Warta Pozna\u0144 rozpocz\u0119\u0142a przygotowania do rundy wiosennej PKO Bank Polski Ekstraklasy"},"content":{"rendered":"<p><strong>Pierwszy w tym roku trening maj\u0105 za sob\u0105 pi\u0142karze Warty Pozna\u0144, kt\u00f3rzy w poniedzia\u0142ek wr\u00f3cili do klubu po zimowych urlopach. W zaj\u0119ciach na boisku przy Drodze D\u0119bi\u0144skiej wzi\u0119\u0142o udzia\u0142 21 zawodnik\u00f3w z pola oraz 4 bramkarzy.<\/strong><\/p>\n<p>Po zako\u0144czeniu rundy jesiennej \u201eZieloni\u201d \u0107wiczyli jeszcze przez dwa tygodnie, do 26 listopada. Jeszcze na pocz\u0105tku grudnia trener Dawid Szulczek poprowadzi\u0142 kilka trening\u00f3w dla rekonwalescent\u00f3w oraz dla ch\u0119tnych. Potem zesp\u00f3\u0142 dosta\u0142 miesi\u0105c wolnego, ale pi\u0142karze po kr\u00f3tkim odpoczynku musieli ju\u017c wykonywa\u0107 \u0107wiczenia opracowane przez Tomasza Olszewskiego, trenera przygotowania motorycznego. Wszystko po to, \u017ceby na pocz\u0105tku stycznia \u2013 na cztery tygodnie przed startem rundy wiosennej \u2013 zesp\u00f3\u0142 by\u0142 gotowy trening\u00f3w.<\/p>\n<p>Pierwsze tegoroczne zaj\u0119cia trwa\u0142y ponad dwie godziny i odbywa\u0142y si\u0119 w wi\u0119kszo\u015bci na boisku g\u0142\u00f3wnym przy Drodze D\u0119bi\u0144skiej 12. Uczestniczy\u0142o w nich 21 zawodnik\u00f3w z pola, w\u015br\u00f3d nich m.in. Jakub Kie\u0142b, kt\u00f3ry spor\u0105 cz\u0119\u015b\u0107 tego sezonu straci\u0142 z powodu urazu kolana. P\u00f3ki co, indywidualnie trenuje jeszcze inny gracz wracaj\u0105cy do zdrowia po kontuzji, Bartosz Kieliba.<\/p>\n<p>Pod okiem trenera bramkarzy, Dominika Kubiaka pracowali czterej zawodnicy: Adrian Lis, J\u0119drzej Grobelny, Mateusz Kustosz i Leo Przybylak. Go\u015bcinnie trenowa\u0142 te\u017c Adam Stachowiak (poznaniak odszed\u0142 latem z Denizlisporu), kt\u00f3ry ju\u017c jesieni\u0105 bra\u0142 udzia\u0142 w zaj\u0119ciach z zespo\u0142em Warty Pozna\u0144.<\/p>\n<p>Dopiero we wtorek, za zgod\u0105 sztabu szkoleniowego, do dru\u017cyny do\u0142\u0105cz\u0105 Adam Zrelak i Niilo Maenpaa. Ten drugi, podobnie jak Robert Ivanov (trenowa\u0142 w poniedzia\u0142ek z \u201eZielonymi\u201d), w czwartek poleci do Portugalii na zgrupowanie reprezentacji Finlandii. Obaj \u201eWarciarze\u201d zagraj\u0105 tam 9 stycznia w towarzyskim meczu ze Szwecj\u0105, a nast\u0119pnie do\u0142\u0105cz\u0105 do Warty Pozna\u0144 na obozie w Turcji. Poznaniacy polec\u0105 do Side w najbli\u017csz\u0105 niedziel\u0119 i wr\u00f3c\u0105 do kraju 20 stycznia. Osiem dni p\u00f3\u017aniej zagraj\u0105 z Rakowem Cz\u0119stochowa w 18. Kolejce PKO Bank Polski Ekstraklasy.<\/p>\n","protected":false},"excerpt":{"rendered":"<p>Pierwszy w tym roku trening maj\u0105 za sob\u0105 pi\u0142karze Warty Pozna\u0144, kt\u00f3rzy w poniedzia\u0142ek wr\u00f3cili do klubu po zimowych urlopach&#8230;.<\/p>\n","protected":false},"author":36,"featured_media":23505,"comment_status":"closed","ping_status":"closed","sticky":false,"template":"","format":"standard","meta":{"om_disable_all_campaigns":false,"inline_featured_image":false,"footnotes":"","_links_to":"","_links_to_target":""},"categories":[94,100,245,1],"tags":[],"aioseo_notices":[],"_links":{"self":[{"href":"https:\/\/wartapoznan.pl\/index.php\/wp-json\/wp\/v2\/posts\/23503"}],"collection":[{"href":"https:\/\/wartapoznan.pl\/index.php\/wp-json\/wp\/v2\/posts"}],"about":[{"href":"https:\/\/wartapoznan.pl\/index.php\/wp-json\/wp\/v2\/types\/post"}],"author":[{"embeddable":true,"href":"https:\/\/wartapoznan.pl\/index.php\/wp-json\/wp\/v2\/users\/36"}],"replies":[{"embeddable":true,"href":"https:\/\/wartapoznan.pl\/index.php\/wp-json\/wp\/v2\/comments?post=23503"}],"version-history":[{"count":1,"href":"https:\/\/wartapoznan.pl\/index.php\/wp-json\/wp\/v2\/posts\/23503\/revisions"}],"predecessor-version":[{"id":23504,"href":"https:\/\/wartapoznan.pl\/index.php\/wp-json\/wp\/v2\/posts\/23503\/revisions\/23504"}],"wp:featuredmedia":[{"embeddable":true,"href":"https:\/\/wartapoznan.pl\/index.php\/wp-json\/wp\/v2\/media\/23505"}],"wp:attachment":[{"href":"https:\/\/wartapoznan.pl\/index.php\/wp-json\/wp\/v2\/media?parent=23503"}],"wp:term":[{"taxonomy":"category","embeddable":true,"href":"https:\/\/wartapoznan.pl\/index.php\/wp-json\/wp\/v2\/categories?post=23503"},{"taxonomy":"post_tag","embeddable":true,"href":"https:\/\/wartapoznan.pl\/index.php\/wp-json\/wp\/v2\/tags?post=23503"}],"curies":[{"name":"wp","href":"https:\/\/api.w.org\/{rel}","templated":true}]}}