{"id":23810,"date":"2023-01-30T15:00:17","date_gmt":"2023-01-30T14:00:17","guid":{"rendered":"https:\/\/wartapoznan.pl\/?p=23810"},"modified":"2023-01-30T12:21:57","modified_gmt":"2023-01-30T11:21:57","slug":"najskuteczniejsi-w-warcie-poznan-po-18-kolejce-pko-bank-polski-ekstraklasy-2","status":"publish","type":"post","link":"https:\/\/wartapoznan.pl\/index.php\/2023\/01\/30\/najskuteczniejsi-w-warcie-poznan-po-18-kolejce-pko-bank-polski-ekstraklasy-2\/","title":{"rendered":"Najskuteczniejsi w Warcie Pozna\u0144 \u2013 po 18. kolejce PKO Bank Polski Ekstraklasy"},"content":{"rendered":"<p><strong>Warta Pozna\u0144 jest dopiero pi\u0105t\u0105 dru\u017cyn\u0105, kt\u00f3ra w tym sezonie PKO Bank Polski Ekstraklasy odebra\u0142a punkty Rakowowi Cz\u0119stochowa. Remis z liderem rozgrywek zapewni\u0142 dru\u017cynie \u201eZielonych\u201d ten sam duet, kt\u00f3ry na zako\u0144czenie rundy jesiennej uratowa\u0142 punkt w starciu ze Stal\u0105 Mielec, a Jan Grzesik jest ju\u017c samodzielnie wiceliderem klubowej klasyfikacji strzelc\u00f3w.<\/strong><\/p>\n<p>Na pocz\u0105tku ma\u0142e wyja\u015bnienie. Zesp\u00f3\u0142 trenera Dawida Szulczka wyszed\u0142 w sobot\u0119 na prowadzenia po akcji przeprowadzonej lew\u0105 stron\u0105 boiska: Mi\u0142osz Szczepa\u0144ski do\u015brodkowa\u0142 pi\u0142k\u0119 w pole karne, a tam Jan Grzesik pos\u0142a\u0142 j\u0105 do siatki. Pi\u0142ka po drodze odbi\u0142a si\u0119 jeszcze od uda Milana Rundicia i cz\u0119\u015b\u0107 medi\u00f3w traktuje to jako samob\u00f3jcze trafienie obro\u0144cy cz\u0119stochowian. My, podobnie jak m.in. oficjalna strona Ekstraklasy czy platforma WyScout, z kt\u00f3rej statystyk korzystamy, przyznajemy bramk\u0119 pi\u0142karzowi Warty Pozna\u0144.<\/p>\n<p>Dla Jana Grzesika to ju\u017c 11. gol w barwach \u201eZielonych\u201d, a 4. w tym sezonie (3 w PKO Bank Polski Ekstraklasie i 1 w Fortuna Pucharze Polski). Spo\u015br\u00f3d pi\u0142karzy obecnej kadry wi\u0119cej bramek dla Warty zdobyli tylko Mateusz Kupczak (17) i Adam Zrelak (14), a tyle samo trafie\u0144 ma Micha\u0142 Jak\u00f3bowski.<\/p>\n<p>Warto przypomnie\u0107, \u017ce Jan Grzesik by\u0142 tym zawodnikiem, kt\u00f3ry zako\u0144czy\u0142 strzelanie goli dla \u201eWarciarzy\u201d w rundzie jesiennej. W ostatnich sekundach meczu ze Stal\u0105 Mielec zaskoczy\u0142 bramkarza strza\u0142em g\u0142ow\u0105 na 1:1. Teraz rozpocz\u0105\u0142 zdobywanie bramek w nowym roku jako pierwszy zawodnik w Ekstraklasie. Dodajmy jeszcze, \u017ce podobnie jak wtedy, w listopadzie asyst\u0119 przy golu w starciu z Rakowem mia\u0142 Mi\u0142osz Szczepa\u0144ski, zreszt\u0105 by\u0142y gracz cz\u0119stochowian.<\/p>\n<p>Warta Pozna\u0144 przerwa\u0142a seri\u0119 siedmiu kolejnych wygranych dru\u017cyny trenera Marka Papszuna. Przed przyjazdem do Grodziska Wlkp. lider rozgrywek mia\u0142\u00a0 na koncie 28 pkt zdobytych w ostatnich 10 meczach \u2013 ten bilans pokazuje, jak mocny i skuteczny zesp\u00f3\u0142 zosta\u0142 powstrzymany przez \u201eZielonych\u201d. Rak\u00f3w w tym sezonie nie zdoby\u0142 kompletu punkt\u00f3w tylko w pi\u0119ciu meczach, a wi\u0119kszo\u015b\u0107 z tych strat poni\u00f3s\u0142 jeszcze latem, gdy rywalizacj\u0119 w lidze godzi\u0142 z walk\u0105 w europejskich pucharach.<\/p>\n<p>Poznaniacy prze\u0142amali te\u017c w sobot\u0119 seri\u0119 pora\u017cek z dru\u017cyn\u0105 spod Jasnej G\u00f3ry. Po powrocie do Ekstraklasy przegrali wszystkie mecze do zera, podobnie jak mia\u0142o to miejsce w sezonie 2018\/19 w Fortuna 1 Lidze. W sumie obejrzeli\u015bmy siedem takich spotka\u0144 z rz\u0119du, a ostatnim zawodnikiem Warty, kt\u00f3ry zdoby\u0142 bramk\u0119 w meczu z Rakowem by\u0142 Dominik Chromi\u0144ski w listopadzie 2016 roku, jeszcze na boiskach II ligi. By\u0142o to honorowe trafienie na 1:2 w starciu z zespo\u0142em, kt\u00f3ry po tamtym sezonie awansowa\u0142 na zaplecze Ekstraklasy.<\/p>\n<p><strong>BRAMKI:<\/strong><br \/>\n<strong>5 &#8211; Adam Zrelak<\/strong><br \/>\n4 &#8211; Jan Grzesik (1 \u2013 w Pucharze Polski) +1<br \/>\n3 &#8211; Miguel Luis, Dimitris Stavropoulos (1)<br \/>\n2 &#8211; Enis Destan (1), Maciej \u017burawski<br \/>\n1 &#8211; Micha\u0142 Kopczy\u0144ski, Dawid Szymonowicz, Milan Corryn.<\/p>\n<p><strong>ASYSTY:<\/strong><br \/>\n<strong>4 &#8211; Kajetan Szmyt (1)<\/strong><br \/>\n3 &#8211; Mateusz Kupczak (1), Adam Zrelak<br \/>\n2 &#8211; Maciej \u017burawski, Jan Grzesik, Mi\u0142osz Szczepa\u0144ski +1<strong><br \/>\n<\/strong>1 \u2013 Jakub Kie\u0142b, Konrad Matuszewski, Niilo Maenpaa.<\/p>\n<p><strong>PUNKTACJA KANADYJSKA<\/strong><br \/>\n<strong>8 &#8211; Adam Zrelak<\/strong><br \/>\n6 &#8211; Jan Grzesik<br \/>\n4 &#8211; Maciej \u017burawski, Kajetan Szmyt<br \/>\n3 &#8211; Mateusz Kupczak, Miguel Luis, Dimitris Stavropoulos<br \/>\n2 &#8211; Enis Destan, Mi\u0142osz Szczepa\u0144ski<br \/>\n1 \u2013 Jakub Kie\u0142b, Konrad Matuszewski, Micha\u0142 Kopczy\u0144ski, Dawid Szymonowicz, Niilo Maenpaa, Milan Corryn.<\/p>\n<p><strong>CZYSTE KONTA<\/strong><br \/>\n<strong>Adrian Lis &#8211; 5 (w 14 meczach)<\/strong><br \/>\nJ\u0119drzej Grobelny \u2013 4 (7)<\/p>\n","protected":false},"excerpt":{"rendered":"<p>Warta Pozna\u0144 jest dopiero pi\u0105t\u0105 dru\u017cyn\u0105, kt\u00f3ra w tym sezonie PKO Bank Polski Ekstraklasy odebra\u0142a punkty Rakowowi Cz\u0119stochowa. Remis z&#8230;<\/p>\n","protected":false},"author":36,"featured_media":23812,"comment_status":"closed","ping_status":"closed","sticky":false,"template":"","format":"standard","meta":{"om_disable_all_campaigns":false,"inline_featured_image":false,"footnotes":"","_links_to":"","_links_to_target":""},"categories":[94,100,245,1],"tags":[],"aioseo_notices":[],"_links":{"self":[{"href":"https:\/\/wartapoznan.pl\/index.php\/wp-json\/wp\/v2\/posts\/23810"}],"collection":[{"href":"https:\/\/wartapoznan.pl\/index.php\/wp-json\/wp\/v2\/posts"}],"about":[{"href":"https:\/\/wartapoznan.pl\/index.php\/wp-json\/wp\/v2\/types\/post"}],"author":[{"embeddable":true,"href":"https:\/\/wartapoznan.pl\/index.php\/wp-json\/wp\/v2\/users\/36"}],"replies":[{"embeddable":true,"href":"https:\/\/wartapoznan.pl\/index.php\/wp-json\/wp\/v2\/comments?post=23810"}],"version-history":[{"count":1,"href":"https:\/\/wartapoznan.pl\/index.php\/wp-json\/wp\/v2\/posts\/23810\/revisions"}],"predecessor-version":[{"id":23811,"href":"https:\/\/wartapoznan.pl\/index.php\/wp-json\/wp\/v2\/posts\/23810\/revisions\/23811"}],"wp:featuredmedia":[{"embeddable":true,"href":"https:\/\/wartapoznan.pl\/index.php\/wp-json\/wp\/v2\/media\/23812"}],"wp:attachment":[{"href":"https:\/\/wartapoznan.pl\/index.php\/wp-json\/wp\/v2\/media?parent=23810"}],"wp:term":[{"taxonomy":"category","embeddable":true,"href":"https:\/\/wartapoznan.pl\/index.php\/wp-json\/wp\/v2\/categories?post=23810"},{"taxonomy":"post_tag","embeddable":true,"href":"https:\/\/wartapoznan.pl\/index.php\/wp-json\/wp\/v2\/tags?post=23810"}],"curies":[{"name":"wp","href":"https:\/\/api.w.org\/{rel}","templated":true}]}}