{"id":23815,"date":"2023-02-07T17:00:36","date_gmt":"2023-02-07T16:00:36","guid":{"rendered":"https:\/\/wartapoznan.pl\/?p=23815"},"modified":"2023-02-07T18:06:53","modified_gmt":"2023-02-07T17:06:53","slug":"przekaz-15-podatku-warcie-poznan","status":"publish","type":"post","link":"https:\/\/wartapoznan.pl\/index.php\/2023\/02\/07\/przekaz-15-podatku-warcie-poznan\/","title":{"rendered":"Przeka\u017c 1,5% podatku Warcie Pozna\u0144"},"content":{"rendered":"<p><strong>Szanowni Kibice, Przyjaciele i Sympatycy \u201eZielonych\u201d, jak co roku zwracamy si\u0119 z pro\u015bb\u0105 o przekazanie cz\u0119\u015bci swojego podatku (w tym roku to 1,5%) na rzecz Warty Pozna\u0144. Decyduj\u0105c si\u0119 na taki krok, wpieracie Klub i realizowane przez niego dzia\u0142ania. Dzi\u0119kujemy!<\/strong><\/p>\n<p>Zgodnie z nowymi przepisami podatnik podatku dochodowego od os\u00f3b fizycznych (PIT) mo\u017ce przekaza\u0107 1,5% podatku dowolnej, wybranej przez siebie organizacji po\u017cytku publicznego. Wszystkich Kibic\u00f3w, Przyjaci\u00f3\u0142, Sympatyk\u00f3w i osoby, kt\u00f3re dobrze \u017cycz\u0105 \u201eZielonym\u201d zach\u0119camy do tego aby wspar\u0142y Klub i przekaza\u0142y 1,5% podatku na rzecz Warty Pozna\u0144.<\/p>\n<p>Przypomnijmy, \u017ce Warta Pozna\u0144 to nie tylko pi\u0142karze pierwszej dru\u017cyny, kt\u00f3rzy rozgrywaj\u0105 w\u0142a\u015bnie trzeci z rz\u0119du sezon w Ekstraklasie, ale r\u00f3wnie\u017c zespo\u0142y kobiet i amp futbolist\u00f3w, a tak\u017ce rozwijaj\u0105ca si\u0119 sekcja blind footballu. Ponadto, w Akademii Warty Pozna\u0144 swoje umiej\u0119tno\u015bci pi\u0142karskie podnosi ka\u017cdego dnia ponad 300 dziewczynek i ch\u0142opc\u00f3w. \u015arodki przekazane z 1,5% podatku zostan\u0105 przeznaczone na realizowanie zada\u0144 przez Akademi\u0119, m.in.: dofinansowanie zakupu sprz\u0119tu sportowego, organizacj\u0119 zawod\u00f3w sportowych, dofinansowanie organizacji zgrupowa\u0144 i konsultacji szkoleniowych i rozw\u00f3j kadry szkoleniowej.<\/p>\n<p>Opr\u00f3cz wype\u0142niania cel\u00f3w sportowych, Warta Pozna\u0144 realizuje projekty i inicjatywy zapisane m.in. w \u201ePlanie Rozwoju 2020-23\u201d. Dzia\u0142a wi\u0119c na rzecz os\u00f3b z niepe\u0142nosprawno\u015bciami, wspiera senior\u00f3w, propaguje zdrowy, aktywny tryb \u017cycia oraz podejmuje tematy zwi\u0105zane z ochron\u0105 \u015brodowiska naturalnego.<\/p>\n<p>PIT za rok 2022 mo\u017cna rozliczy\u0107 od 15 lutego do 2 maja.<\/p>\n<p><strong>Jak przekaza\u0107 1,5% podatku Warcie Pozna\u0144?<\/strong><\/p>\n<ol>\n<li>Po wyliczeniu, ile podatku b\u0119dziemy mieli do zap\u0142acenia w tym roku, w odpowiednich rubrykach zeznaniach podatkowego, kt\u00f3re zatytu\u0142owane s\u0105: &#8222;wniosek o przekazanie 1,5% podatku nale\u017cnego na rzecz organizacji po\u017cytku publicznego (OPP)&#8221;, wpisujemy numer organizacji tj.<\/li>\n<li>Numer KRS: 0000782391<\/li>\n<li>Kwota: tu podajemy wyliczon\u0105 kwot\u0119 &#8211; nie mo\u017ce ona przekracza\u0107 1,5% podatku nale\u017cnego<\/li>\n<li>Cel szczeg\u00f3\u0142owy 1,5%: tu podajemy nazw\u0119: Fundacja Warta Pozna\u0144. Mo\u017cna te\u017c wybra\u0107: Akademia Warty Pozna\u0144, sekcja Amp Futbolu lub sekcja Blind Football.<\/li>\n<\/ol>\n<p><strong>Liczymy na Wasze wsparcie! Dzi\u0119kujemy. #WARTOwspiera\u0107<\/strong><\/p>\n","protected":false},"excerpt":{"rendered":"<p>Szanowni Kibice, Przyjaciele i Sympatycy \u201eZielonych\u201d, jak co roku zwracamy si\u0119 z pro\u015bb\u0105 o przekazanie cz\u0119\u015bci swojego podatku (w tym&#8230;<\/p>\n","protected":false},"author":36,"featured_media":23893,"comment_status":"closed","ping_status":"closed","sticky":false,"template":"","format":"standard","meta":{"om_disable_all_campaigns":false,"inline_featured_image":false,"footnotes":"","_links_to":"","_links_to_target":""},"categories":[95,94,1],"tags":[],"aioseo_notices":[],"_links":{"self":[{"href":"https:\/\/wartapoznan.pl\/index.php\/wp-json\/wp\/v2\/posts\/23815"}],"collection":[{"href":"https:\/\/wartapoznan.pl\/index.php\/wp-json\/wp\/v2\/posts"}],"about":[{"href":"https:\/\/wartapoznan.pl\/index.php\/wp-json\/wp\/v2\/types\/post"}],"author":[{"embeddable":true,"href":"https:\/\/wartapoznan.pl\/index.php\/wp-json\/wp\/v2\/users\/36"}],"replies":[{"embeddable":true,"href":"https:\/\/wartapoznan.pl\/index.php\/wp-json\/wp\/v2\/comments?post=23815"}],"version-history":[{"count":5,"href":"https:\/\/wartapoznan.pl\/index.php\/wp-json\/wp\/v2\/posts\/23815\/revisions"}],"predecessor-version":[{"id":23907,"href":"https:\/\/wartapoznan.pl\/index.php\/wp-json\/wp\/v2\/posts\/23815\/revisions\/23907"}],"wp:featuredmedia":[{"embeddable":true,"href":"https:\/\/wartapoznan.pl\/index.php\/wp-json\/wp\/v2\/media\/23893"}],"wp:attachment":[{"href":"https:\/\/wartapoznan.pl\/index.php\/wp-json\/wp\/v2\/media?parent=23815"}],"wp:term":[{"taxonomy":"category","embeddable":true,"href":"https:\/\/wartapoznan.pl\/index.php\/wp-json\/wp\/v2\/categories?post=23815"},{"taxonomy":"post_tag","embeddable":true,"href":"https:\/\/wartapoznan.pl\/index.php\/wp-json\/wp\/v2\/tags?post=23815"}],"curies":[{"name":"wp","href":"https:\/\/api.w.org\/{rel}","templated":true}]}}