{"id":23873,"date":"2023-02-04T11:00:54","date_gmt":"2023-02-04T10:00:54","guid":{"rendered":"https:\/\/wartapoznan.pl\/?p=23873"},"modified":"2023-02-04T11:00:54","modified_gmt":"2023-02-04T10:00:54","slug":"kluby-ekstraklasy-kontynuuja-akcje-ekstrapomoc-2","status":"publish","type":"post","link":"https:\/\/wartapoznan.pl\/index.php\/2023\/02\/04\/kluby-ekstraklasy-kontynuuja-akcje-ekstrapomoc-2\/","title":{"rendered":"Kluby Ekstraklasy kontynuuj\u0105 akcj\u0119 #EkstraPomoc"},"content":{"rendered":"<p><strong>Tym razem koordynatorem akcji #EkstraPomoc jest Wis\u0142a P\u0142ock, kt\u00f3rej Podopieczn\u0105 jest Oliwia Opolska.\u00a0<\/strong><\/p>\n<p>Oliwia jest 4-letni\u0105 u\u015bmiechni\u0119t\u0105 i pe\u0142n\u0105 \u017cycia dziewczynk\u0105. Gdy si\u0119 urodzi\u0142a, nic nie wskazywa\u0142o na to, \u017ce mog\u0105 pojawi\u0107 si\u0119 jakiekolwiek problemy zdrowotne. Gdy sko\u0144czy\u0142a roczek, zacz\u0119\u0142a si\u0119 walka o jej zdrowie.<\/p>\n<p style=\"font-weight: 400;\"><em>Dnia 24.10.2021 roku otrzymali\u015bmy druzgoc\u0105c\u0105 diagnoz\u0119- ultrarzadka wada genetyczna CASK.<\/em><\/p>\n<p style=\"font-weight: 400;\"><em>Obecnie Oliwia ucz\u0119szcza na terapi\u0119 logopedyczn\u0105, terapi\u0119 w zakresie integracji sensorycznej, hipoterapi\u0119, osteopati\u0119. Dodatkowo jest w trakcie terapii kom\u00f3rkami macierzystymi, ponadto regularnie uczestniczy w turnusach rehabilitacyjnych, kt\u00f3re wielop\u0142aszczyznowo poprawiaj\u0105 jej funkcjonowanie.<\/em><\/p>\n<p style=\"font-weight: 400;\"><em>Wy\u0142\u0105cznie intensywna i kosztowna rehabilitacja mo\u017ce sprawi\u0107, \u017ce Oliwia dor\u00f3wna r\u00f3wie\u015bnikom i kiedy\u015b us\u0142yszymy najpi\u0119kniejsze s\u0142owa: MAMA i TATA<\/em> &#8211; m\u00f3wi\u0105 rodzice dziewczynki.<\/p>\n<p style=\"font-weight: 400;\">Wsp\u00f3lnie pom\u00f3\u017cmy Oliwce!<\/p>\n<p>#WARTOpomaga\u0107 &#8211; <a href=\"https:\/\/www.siepomaga.pl\/ekstrapomocwartapoznan\">https:\/\/www.siepomaga.pl\/ekstrapomocwartapoznan<\/a><\/p>\n","protected":false},"excerpt":{"rendered":"<p>Tym razem koordynatorem akcji #EkstraPomoc jest Wis\u0142a P\u0142ock, kt\u00f3rej Podopieczn\u0105 jest Oliwia Opolska.\u00a0 Oliwia jest 4-letni\u0105 u\u015bmiechni\u0119t\u0105 i pe\u0142n\u0105 \u017cycia&#8230;<\/p>\n","protected":false},"author":36,"featured_media":23874,"comment_status":"closed","ping_status":"closed","sticky":false,"template":"","format":"standard","meta":{"om_disable_all_campaigns":false,"inline_featured_image":false,"footnotes":"","_links_to":"","_links_to_target":""},"categories":[328,94,245,1],"tags":[],"aioseo_notices":[],"_links":{"self":[{"href":"https:\/\/wartapoznan.pl\/index.php\/wp-json\/wp\/v2\/posts\/23873"}],"collection":[{"href":"https:\/\/wartapoznan.pl\/index.php\/wp-json\/wp\/v2\/posts"}],"about":[{"href":"https:\/\/wartapoznan.pl\/index.php\/wp-json\/wp\/v2\/types\/post"}],"author":[{"embeddable":true,"href":"https:\/\/wartapoznan.pl\/index.php\/wp-json\/wp\/v2\/users\/36"}],"replies":[{"embeddable":true,"href":"https:\/\/wartapoznan.pl\/index.php\/wp-json\/wp\/v2\/comments?post=23873"}],"version-history":[{"count":1,"href":"https:\/\/wartapoznan.pl\/index.php\/wp-json\/wp\/v2\/posts\/23873\/revisions"}],"predecessor-version":[{"id":23875,"href":"https:\/\/wartapoznan.pl\/index.php\/wp-json\/wp\/v2\/posts\/23873\/revisions\/23875"}],"wp:featuredmedia":[{"embeddable":true,"href":"https:\/\/wartapoznan.pl\/index.php\/wp-json\/wp\/v2\/media\/23874"}],"wp:attachment":[{"href":"https:\/\/wartapoznan.pl\/index.php\/wp-json\/wp\/v2\/media?parent=23873"}],"wp:term":[{"taxonomy":"category","embeddable":true,"href":"https:\/\/wartapoznan.pl\/index.php\/wp-json\/wp\/v2\/categories?post=23873"},{"taxonomy":"post_tag","embeddable":true,"href":"https:\/\/wartapoznan.pl\/index.php\/wp-json\/wp\/v2\/tags?post=23873"}],"curies":[{"name":"wp","href":"https:\/\/api.w.org\/{rel}","templated":true}]}}