{"id":23877,"date":"2023-02-04T14:42:55","date_gmt":"2023-02-04T13:42:55","guid":{"rendered":"https:\/\/wartapoznan.pl\/?p=23877"},"modified":"2023-02-04T15:34:11","modified_gmt":"2023-02-04T14:34:11","slug":"remis-warty-poznan-w-sparingu-ze-slaskiem-ii-wroclaw-2","status":"publish","type":"post","link":"https:\/\/wartapoznan.pl\/index.php\/2023\/02\/04\/remis-warty-poznan-w-sparingu-ze-slaskiem-ii-wroclaw-2\/","title":{"rendered":"Remis Warty Pozna\u0144 w sparingu ze \u015al\u0105skiem II Wroc\u0142aw"},"content":{"rendered":"<p><strong>Bezbramkowym remisem zako\u0144czy\u0142 si\u0119 sobotni mecz kontrolny pi\u0142karzy Warty Pozna\u0144 z II-ligowym \u015al\u0105skiem II Wroc\u0142aw, rozegrany na bocznym boisku stadionu w Grodzisku Wlkp.<\/strong><\/p>\n<p>W pierwszych tygodniach rundy wiosennej sztab trenera Dawida Szulczka umawia si\u0119 na sparingi z zespo\u0142ami z ni\u017cszych klas po meczach ligowych. Szans\u0119 pokazania otrzymuj\u0105 w tych spotkaniach gracze rezerwowi oraz klubowa m\u0142odzie\u017c. Pojedynek z drugim zespo\u0142em \u015al\u0105ska zosta\u0142 zaplanowany na sobot\u0119, nazajutrz po wyje\u017adzie do P\u0142ocka. Pi\u0105tkowy pojedynek z Wis\u0142\u0105 P\u0142ock zosta\u0142 odwo\u0142any, w zwi\u0105zku z tym przeciwko wroc\u0142awianom zagra\u0142a wi\u0119kszo\u015b\u0107 pi\u0142karzy z podstawowej jedenastki. Sk\u0142ady na pierwsz\u0105 i drug\u0105 po\u0142ow\u0119 zosta\u0142y jednak wymieszane, a w ko\u0144c\u00f3wce na murawie by\u0142a ju\u017c jedenastka z\u0142o\u017cona g\u0142\u00f3wnie z graczy szerszego zaplecza pierwszego zespo\u0142u.<\/p>\n<p>Pocz\u0105tkowo cz\u0119\u015bciej na bramk\u0119 strzelali II-ligowcy, a Adrian Lis musia\u0142 kilka razy interweniowa\u0107 po uderzeniach z dystansu. W tym czasie bramkarz go\u015bci zosta\u0142 zmuszony do obrony tylko jednego strza\u0142u \u2013 Micha\u0142a Kopczy\u0144skiego, zreszt\u0105 te\u017c zza pola karnego. Potem tych okazji dla \u201eZielonych\u201d by\u0142o wi\u0119cej, a najlepsz\u0105 mia\u0142 Enis Destan, kt\u00f3ry nie trafi\u0142 do siatki z ok. 5 metr\u00f3w po dobrym zagraniu Jakuba Kie\u0142ba spod linii ko\u0144cowej.<\/p>\n<p>W drugiej po\u0142owie J\u0119drzej Grobelny, kt\u00f3ry zast\u0105pi\u0142 w bramce Adriana Lisa, mia\u0142 niewiele pracy. W\u0142a\u015bciwie tylko raz musia\u0142 zapobiec bramce po lekkim strzale po ziemi z kilku metr\u00f3w. Inicjatywa nale\u017ca\u0142a do poznaniak\u00f3w, kt\u00f3rzy w 68. minucie powinni wyj\u015b\u0107 na prowadzenie. Dosz\u0142o w\u00f3wczas do ogromnego zamieszania pod bramk\u0105 \u015al\u0105ska II: najpierw Konrad Matuszewski trafi\u0142 pi\u0142k\u0105 w poprzeczk\u0119, a potem dwukrotnie dobija\u0142 Micha\u0142 Kopczy\u0144ski, a raz \u2013 Enis Destan. Rywale skutecznie bronili si\u0119 jednak na linii bramkowej lub tu\u017c przed ni\u0105.<\/p>\n<p>W ko\u0144c\u00f3wce jeden z obro\u0144c\u00f3w wroc\u0142awian nieprawid\u0142owo powstrzyma\u0142 kontratak Micha\u0142a Jak\u00f3bowskiego. Dosta\u0142 drug\u0105 \u017c\u00f3\u0142t\u0105 kartk\u0119 i musia\u0142 opu\u015bci\u0107 boisko.<\/p>\n<p>To by\u0142o drugie spotkanie sparingowe Warty Pozna\u0144 ze \u015al\u0105skiem II Wroc\u0142aw w tym sezonie. Pod koniec sierpnia na boisku g\u0142\u00f3wnym w Grodzisku Wlkp. r\u00f3wnie\u017c pad\u0142 remis, tyle, \u017ce 1:1.<\/p>\n<p><strong>WARTA POZNA\u0143 \u2013 \u015aL\u0104SK II WROC\u0141AW 0:0<\/strong><br \/>\n<strong>Warta Pozna\u0144 w I po\u0142owie:<\/strong> Adrian Lis \u2013 Dimitris Stavropoulos, Kamil Ko\u015bcielny, Wiktor Ple\u015bnierowicz \u2013 Jan Grzesik, Micha\u0142 Kopczy\u0144ski, Miguel Luis, Jakub Kie\u0142b \u2013 Kajetan Szmyt, Enis Destan, Mi\u0142osz Szczepa\u0144ski.<br \/>\n<strong>Warta Pozna\u0144 w II po\u0142owie: <\/strong>J\u0119drzej Grobelny \u2013 Dimitris Stavropoulos (70. Filip Jakubowski), Kamil Ko\u015bcielny (70. Aleksander Kultys), Wiktor Ple\u015bnierowicz (53. Jakub Kie\u0142b) \u2013 Jan Grzesik (70. Nikolas Korzeniecki), Micha\u0142 Kopczy\u0144ski (70. Jakub Wajman), Maciej \u017burawski, Konrad Matuszewski \u2013 Kajetan Szmyt (53. Szymon Sarbinowski), Enis Destan (70. Micha\u0142 Jak\u00f3bowski), Stefan Savi\u0107. <strong>Grali tak\u017ce:<\/strong> Marcin Szeibe, Jakub Paszkowski.<\/p>\n<p>&nbsp;<\/p>\n","protected":false},"excerpt":{"rendered":"<p>Bezbramkowym remisem zako\u0144czy\u0142 si\u0119 sobotni mecz kontrolny pi\u0142karzy Warty Pozna\u0144 z II-ligowym \u015al\u0105skiem II Wroc\u0142aw, rozegrany na bocznym boisku stadionu&#8230;<\/p>\n","protected":false},"author":36,"featured_media":23878,"comment_status":"closed","ping_status":"closed","sticky":false,"template":"","format":"standard","meta":{"om_disable_all_campaigns":false,"inline_featured_image":false,"footnotes":"","_links_to":"","_links_to_target":""},"categories":[94,100,102,1],"tags":[],"aioseo_notices":[],"_links":{"self":[{"href":"https:\/\/wartapoznan.pl\/index.php\/wp-json\/wp\/v2\/posts\/23877"}],"collection":[{"href":"https:\/\/wartapoznan.pl\/index.php\/wp-json\/wp\/v2\/posts"}],"about":[{"href":"https:\/\/wartapoznan.pl\/index.php\/wp-json\/wp\/v2\/types\/post"}],"author":[{"embeddable":true,"href":"https:\/\/wartapoznan.pl\/index.php\/wp-json\/wp\/v2\/users\/36"}],"replies":[{"embeddable":true,"href":"https:\/\/wartapoznan.pl\/index.php\/wp-json\/wp\/v2\/comments?post=23877"}],"version-history":[{"count":3,"href":"https:\/\/wartapoznan.pl\/index.php\/wp-json\/wp\/v2\/posts\/23877\/revisions"}],"predecessor-version":[{"id":23881,"href":"https:\/\/wartapoznan.pl\/index.php\/wp-json\/wp\/v2\/posts\/23877\/revisions\/23881"}],"wp:featuredmedia":[{"embeddable":true,"href":"https:\/\/wartapoznan.pl\/index.php\/wp-json\/wp\/v2\/media\/23878"}],"wp:attachment":[{"href":"https:\/\/wartapoznan.pl\/index.php\/wp-json\/wp\/v2\/media?parent=23877"}],"wp:term":[{"taxonomy":"category","embeddable":true,"href":"https:\/\/wartapoznan.pl\/index.php\/wp-json\/wp\/v2\/categories?post=23877"},{"taxonomy":"post_tag","embeddable":true,"href":"https:\/\/wartapoznan.pl\/index.php\/wp-json\/wp\/v2\/tags?post=23877"}],"curies":[{"name":"wp","href":"https:\/\/api.w.org\/{rel}","templated":true}]}}