{"id":23909,"date":"2023-02-07T23:46:56","date_gmt":"2023-02-07T22:46:56","guid":{"rendered":"https:\/\/wartapoznan.pl\/?p=23909"},"modified":"2023-02-08T00:14:18","modified_gmt":"2023-02-07T23:14:18","slug":"zapisy-na-staz-trenerski-w-akademii-warty-poznan-2","status":"publish","type":"post","link":"https:\/\/wartapoznan.pl\/index.php\/2023\/02\/07\/zapisy-na-staz-trenerski-w-akademii-warty-poznan-2\/","title":{"rendered":"ZAPISY NA STA\u017b TRENERSKI W AKADEMII WARTY POZNA\u0143"},"content":{"rendered":"<p><strong>Ruszaj\u0105 zapisy na kolejny bezp\u0142atny sta\u017c trenerski w Akademii Warty Pozna\u0144, kt\u00f3ry rozpocznie si\u0119 18 marca. Zapraszamy wszystkich ch\u0119tnych kandydat\u00f3w.<\/strong><\/p>\n<p>Akademia Warty Pozna\u0144 znajduje si\u0119 w czo\u0142\u00f3wce polskich szk\u00f3\u0142ek pi\u0142karskich ze z\u0142otym certyfikatem PZPN, posiadaj\u0105cych profesjonaln\u0105 kadr\u0119 trenersk\u0105 i metodologiczne podej\u015bcie do szkolenia. Sztab Akademii regularnie prowadzi merytoryczne warsztaty dla szkoleniowc\u00f3w z klub\u00f3w partnerskich, a tak\u017ce dla trener\u00f3w realizuj\u0105cych kursy w ramach poszerzania licencji. Wspomniany wcze\u015bniej sta\u017c odb\u0119dzie si\u0119 w dniach <strong>18-25 marca<\/strong>.<\/p>\n<p>Bezp\u0142atny kurs obejmuje wszystkie kategorie wiekowe, zar\u00f3wno w sekcji m\u0119skiej, jak i kobiecej. W ramach sta\u017cu trenerzy b\u0119d\u0105 mieli mo\u017cliwo\u015b\u0107 m.in. obserwacji jednostek treningowych wszystkich zespo\u0142\u00f3w Akademii, kilkoma spotkaniami z Trenerami oraz kadr\u0105 zarz\u0105dzaj\u0105c\u0105 Akademi\u0105. Szkoleniowcy Warty Pozna\u0144 dysponuj\u0105 du\u017cym do\u015bwiadczeniem i s\u0105 otwarci na dzielenie si\u0119 wiedz\u0105, co pozwoli sta\u017cystom na jak najlepsze wdro\u017cenie nauki.<\/p>\n<p>Zapisy dost\u0119pne s\u0105 pod linkiem <a href=\"https:\/\/docs.google.com\/forms\/d\/e\/1FAIpQLSfQ8WJWhT3yMC1RBozWdGn4t3Pk5AQWLRxnkMCtK6j8UiY3kQ\/viewform\"><strong>TUTAJ<\/strong><\/a>. Po wype\u0142nieniu arkusza ka\u017cdy uczestnik otrzyma szczeg\u00f3\u0142owy plan sta\u017cu w informacji zwrotnej. Na zg\u0142oszenia czekamy do <strong>5 marca 2023<\/strong>. Zapraszamy wszystkich ch\u0119tnych trener\u00f3w na profesjonalne szkolenie w Warcie Pozna\u0144!<\/p>\n<p>Wymogiem dla kandydat\u00f3w jest zapoznanie si\u0119 z Klauzul\u0105 Informacyjn\u0105 &#8211; <a href=\"https:\/\/wartapoznan.pl\/index.php\/2023\/01\/07\/klauzula-informacyjna-administratora-danych\/\"><strong>RODO<\/strong><\/a>.<\/p>\n","protected":false},"excerpt":{"rendered":"<p>Ruszaj\u0105 zapisy na kolejny bezp\u0142atny sta\u017c trenerski w Akademii Warty Pozna\u0144, kt\u00f3ry rozpocznie si\u0119 18 marca. Zapraszamy wszystkich ch\u0119tnych kandydat\u00f3w&#8230;.<\/p>\n","protected":false},"author":36,"featured_media":23913,"comment_status":"closed","ping_status":"closed","sticky":false,"template":"","format":"standard","meta":{"om_disable_all_campaigns":false,"inline_featured_image":false,"footnotes":"","_links_to":"","_links_to_target":""},"categories":[95,1],"tags":[],"aioseo_notices":[],"_links":{"self":[{"href":"https:\/\/wartapoznan.pl\/index.php\/wp-json\/wp\/v2\/posts\/23909"}],"collection":[{"href":"https:\/\/wartapoznan.pl\/index.php\/wp-json\/wp\/v2\/posts"}],"about":[{"href":"https:\/\/wartapoznan.pl\/index.php\/wp-json\/wp\/v2\/types\/post"}],"author":[{"embeddable":true,"href":"https:\/\/wartapoznan.pl\/index.php\/wp-json\/wp\/v2\/users\/36"}],"replies":[{"embeddable":true,"href":"https:\/\/wartapoznan.pl\/index.php\/wp-json\/wp\/v2\/comments?post=23909"}],"version-history":[{"count":1,"href":"https:\/\/wartapoznan.pl\/index.php\/wp-json\/wp\/v2\/posts\/23909\/revisions"}],"predecessor-version":[{"id":23912,"href":"https:\/\/wartapoznan.pl\/index.php\/wp-json\/wp\/v2\/posts\/23909\/revisions\/23912"}],"wp:featuredmedia":[{"embeddable":true,"href":"https:\/\/wartapoznan.pl\/index.php\/wp-json\/wp\/v2\/media\/23913"}],"wp:attachment":[{"href":"https:\/\/wartapoznan.pl\/index.php\/wp-json\/wp\/v2\/media?parent=23909"}],"wp:term":[{"taxonomy":"category","embeddable":true,"href":"https:\/\/wartapoznan.pl\/index.php\/wp-json\/wp\/v2\/categories?post=23909"},{"taxonomy":"post_tag","embeddable":true,"href":"https:\/\/wartapoznan.pl\/index.php\/wp-json\/wp\/v2\/tags?post=23909"}],"curies":[{"name":"wp","href":"https:\/\/api.w.org\/{rel}","templated":true}]}}