{"id":24123,"date":"2023-02-27T16:30:04","date_gmt":"2023-02-27T15:30:04","guid":{"rendered":"https:\/\/wartapoznan.pl\/?p=24123"},"modified":"2023-02-27T13:48:38","modified_gmt":"2023-02-27T12:48:38","slug":"najskuteczniejsi-w-warcie-poznan-po-22-kolejce-pko-bank-polski-ekstraklasy-2","status":"publish","type":"post","link":"https:\/\/wartapoznan.pl\/index.php\/2023\/02\/27\/najskuteczniejsi-w-warcie-poznan-po-22-kolejce-pko-bank-polski-ekstraklasy-2\/","title":{"rendered":"Najskuteczniejsi w Warcie Pozna\u0144 \u2013 po 22. kolejce PKO Bank Polski Ekstraklasy"},"content":{"rendered":"<p><strong>Jan Grzesik jest nowym liderem klubowej punktacji kanadyjskiej, a na jej podium awansowa\u0142 inny bohater meczu z Koron\u0105 Kielce (5:1), Mi\u0142osz Szczepa\u0144ski. Sobotnie zwyci\u0119stwo \u201eZielonych\u201d to ich pierwszy taki triumf w Ekstraklasie od blisko 75 lat!<\/strong><\/p>\n<p>Pi\u0142karze trenera Dawida Szulczka byli bezlito\u015bnie skuteczni w starciu z beniaminkiem rozgrywek i wykorzystali w\u0142a\u015bciwie wszystkie powa\u017cniejsze b\u0142\u0119dy rywali, zamieniaj\u0105c je na gole. Dwa trafienia zaliczy\u0142 w sobot\u0119 Mi\u0142osz Szczepa\u0144ski, kt\u00f3ry w pi\u0105tym meczu z rz\u0119du (pocz\u0105wszy od starcia ze Stal\u0105 Mielec) zdobywa co najmniej jedn\u0105 bramk\u0119 lub asyst\u0119. W efekcie ma ju\u017c na koncie po trzy trafienia i zagrania, kt\u00f3re koledzy zamienili na bramki. Z sze\u015bcioma punktami jest ju\u017c na trzecim miejscu klasyfikacji kanadyjskiej Warty Pozna\u0144.<\/p>\n<p>Nowym liderem zestawienia zosta\u0142 Jan Grzesik. Wahad\u0142owy \u201eZielonych\u201d sam strzeli\u0142 w sobot\u0119 gola na 2:0, a ponadto wypracowa\u0142 bramk\u0119 Mi\u0142oszowi Szczepa\u0144skiemu na 3:0, a tak\u017ce mia\u0142 udzia\u0142 w golu na 5:0. To po wrzucie z autu Jana Grzesika bramkarz Korony pope\u0142ni\u0142 b\u0142\u0105d, z kt\u00f3rego skorzysta\u0142 Robert Ivanov. Dla Fina to pierwsze trafienie w sezonie i drugie w barwach pozna\u0144skiego klubu (77 wyst\u0119p\u00f3w).<\/p>\n<p>Podobnie jak Jan Grzesik, udzia\u0142 przy dw\u00f3ch golach mia\u0142 te\u017c Konrad Matuszewski. Zaliczy\u0142 on asysty przy samob\u00f3jczym zagraniu Jewgienija Szykawki (na 1:0) oraz bramce Jana Grzesika. Poprzedni\u0105 asyst\u0119 lewy wahad\u0142owy Warty zaliczy\u0142 w trzeciej kolejce, w wygranym meczu z Miedzi\u0105 Legnica, gdy do\u015brodkowa\u0142 na g\u0142ow\u0119 Macieja \u017burawskiego.<\/p>\n<p><img loading=\"lazy\" decoding=\"async\" width=\"1500\" height=\"1000\" class=\"aligncenter size-full wp-image-24125\" src=\"https:\/\/wartapoznan.pl\/wp-content\/uploads\/2023\/02\/2O6A9172_www.jpg\" alt=\"Warta Pozna\u0144 - Korona Kielce 5:1, ciekawostki, najskuteczniejsi\" srcset=\"https:\/\/wartapoznan.pl\/wp-content\/uploads\/2023\/02\/2O6A9172_www.jpg 1500w, https:\/\/wartapoznan.pl\/wp-content\/uploads\/2023\/02\/2O6A9172_www-300x200.jpg 300w, https:\/\/wartapoznan.pl\/wp-content\/uploads\/2023\/02\/2O6A9172_www-128x85.jpg 128w, https:\/\/wartapoznan.pl\/wp-content\/uploads\/2023\/02\/2O6A9172_www-32x21.jpg 32w\" sizes=\"(max-width: 1500px) 100vw, 1500px\" \/><\/p>\n<p>Okaza\u0142y wynik meczu z Koron\u0105 Kielce to dla Warty Pozna\u0144 wyj\u0105tkowe wydarzenie. Oto, dlaczego:<\/p>\n<p>&#8211; ostatnie takie zwyci\u0119stwo w najwy\u017cszej lidze poznaniacy odnie\u015bli 8 sierpnia 1948 roku, gdy jako obro\u0144cy mistrzowskiego tytu\u0142u pokonali 5:1 Rymer Rybnik. Od tego pojedynku min\u0119\u0142o blisko 75 lat!<\/p>\n<p>&#8211; poprzednio pi\u0119\u0107 goli w jednym meczu ligowym Warta strzeli\u0142a 10 pa\u017adziernika 2015 w wyjazdowym spotkaniu z Wd\u0105 \u015awiecie w III lidze; trzy kolejki wcze\u015bniej, 19 wrze\u015bnia \u201eZieloni\u201d wygrali u siebie 5:1 ze Spart\u0105 Brodnica,<\/p>\n<p>&#8211; do soboty ostatnim domowym meczem Warty Pozna\u0144 z sze\u015bcioma golami by\u0142o starcie z 21. \u00a0kolejki II ligi sezonu 2017\/18 \u2013 18 kwietnia 2018 roku krocz\u0105cy po awans gospodarze zremisowali 3:3 z Gwardi\u0105 Koszalin; od pierwszej do ostatniej minuty grali w\u00f3wczas m.in. Adrian Lis i Jakub Kie\u0142b, kt\u00f3rzy w sobot\u0119 wyst\u0105pili r\u00f3wnie\u017c przeciwko Koronie Kielce,<\/p>\n<p>&#8211; 5:1 z Koron\u0105 to najwy\u017csza wygrana Warty Pozna\u0144 w roli gospodarza w Grodzisku Wlkp. od zwyci\u0119stw po 3:0 z Odr\u0105 Opole, Wigrami Suwa\u0142ki i Radomiakiem Radom w sezonie 2019\/20 zwie\u0144czonym awansem do PKO Bank Polski Ekstraklasy,<\/p>\n<p>&#8211; po powrocie do Ekstraklasy najwy\u017cszym zwyci\u0119stwem przed w\u0142asn\u0105 widowni\u0105 by\u0142o 3:1 z Radomiakiem Radom; niedawno min\u0119\u0142o 12 miesi\u0119cy od tego starcia z 20 lutego 2022 roku,<\/p>\n<p>&#8211; kibice obejrzeli w sobot\u0119 najwy\u017csze zwyci\u0119stwo Warty w Ekstraklasie od 18 marca 2022 roku i 4:0 z Zag\u0142\u0119biem w Lubinie,<\/p>\n<p>&#8211; pojedynek z Koron\u0105 by\u0142 te\u017c zarazem spotkaniem z najwi\u0119ksz\u0105 liczb\u0105 zdobytych bramek od starcia z Jagielloni\u0105 w Bia\u0142ymstoku (4:3 dla rywali) z 5 grudnia 2020 roku,<\/p>\n<p>&#8211; w tym sezonie meczem z udzia\u0142em Warty Pozna\u0144, z najwi\u0119ksz\u0105 liczb\u0105 goli by\u0142o wyjazdowe 3:2 z Radomiakiem z listopada,<\/p>\n<p>&#8211; zesp\u00f3\u0142 trenera Dawida Szulczka ma pass\u0119 siedmiu mecz\u00f3w z co najmniej jedn\u0105 zdobyt\u0105 bramk\u0105 \u2013 to najd\u0142u\u017csza seria ca\u0142ej Ekstraklasie,<\/p>\n<p>&#8211; w siedmiu ostatnich kolejkach \u201eWarciarze\u201d strzelili 14 goli, czyli ponad po\u0142ow\u0119 swojego dorobku w tym sezonie, w lidze; we wcze\u015bniejszych 14 spotkaniach by\u0142o to 12 trafie\u0144.<\/p>\n<p><strong>BRAMKI:<\/strong><br \/>\n<strong>5 &#8211; Adam Zrelak, <\/strong><strong>Jan Grzesik (1 \u2013 w Pucharze Polski) +1<\/strong><br \/>\n3 &#8211; Miguel Luis, Dimitris Stavropoulos (1), Maciej \u017burawski, Mi\u0142osz Szczepa\u0144ski +2<br \/>\n2 &#8211; Enis Destan (1)<br \/>\n1 &#8211; Micha\u0142 Kopczy\u0144ski, Dawid Szymonowicz, Milan Corryn, Robert Ivanov +1.<\/p>\n<p><strong>ASYSTY:<\/strong><br \/>\n<strong>4 &#8211; Kajetan Szmyt (1), Jan Grzesik +2<\/strong><br \/>\n<strong>3 &#8211; Mateusz Kupczak (1), Adam Zrelak, Mi\u0142osz Szczepa\u0144ski<\/strong>, Konrad Matuszewski +2<strong><br \/>\n2 &#8211; Maciej \u017burawski,<\/strong><strong><br \/>\n<\/strong>1 \u2013 Jakub Kie\u0142b, Niilo Maenpaa.<\/p>\n<p><strong>PUNKTACJA KANADYJSKA<\/strong><br \/>\n<strong>9 \u2013 Jan Grzesik<\/strong><br \/>\n<strong>8 &#8211; Adam Zrelak<\/strong><br \/>\n6 &#8211; Mi\u0142osz Szczepa\u0144ski<br \/>\n5 \u2013 Maciej \u017burawski<br \/>\n4 &#8211; Kajetan Szmyt<br \/>\n3 &#8211; Mateusz Kupczak, Miguel Luis, Dimitris Stavropoulos, Konrad Matuszewski<br \/>\n2 &#8211; Enis Destan<br \/>\n1 \u2013 Jakub Kie\u0142b, Micha\u0142 Kopczy\u0144ski, Dawid Szymonowicz, Niilo Maenpaa, Milan Corryn, Robert Ivanov.<\/p>\n<p><strong>CZYSTE KONTA<\/strong><br \/>\n<strong>Adrian Lis &#8211; 5 (w 17 meczach)<\/strong><br \/>\nJ\u0119drzej Grobelny \u2013 4 (7)<\/p>\n","protected":false},"excerpt":{"rendered":"<p>Jan Grzesik jest nowym liderem klubowej punktacji kanadyjskiej, a na jej podium awansowa\u0142 inny bohater meczu z Koron\u0105 Kielce (5:1),&#8230;<\/p>\n","protected":false},"author":36,"featured_media":24126,"comment_status":"closed","ping_status":"closed","sticky":false,"template":"","format":"standard","meta":{"om_disable_all_campaigns":false,"inline_featured_image":false,"footnotes":"","_links_to":"","_links_to_target":""},"categories":[94,100,245,1],"tags":[],"aioseo_notices":[],"_links":{"self":[{"href":"https:\/\/wartapoznan.pl\/index.php\/wp-json\/wp\/v2\/posts\/24123"}],"collection":[{"href":"https:\/\/wartapoznan.pl\/index.php\/wp-json\/wp\/v2\/posts"}],"about":[{"href":"https:\/\/wartapoznan.pl\/index.php\/wp-json\/wp\/v2\/types\/post"}],"author":[{"embeddable":true,"href":"https:\/\/wartapoznan.pl\/index.php\/wp-json\/wp\/v2\/users\/36"}],"replies":[{"embeddable":true,"href":"https:\/\/wartapoznan.pl\/index.php\/wp-json\/wp\/v2\/comments?post=24123"}],"version-history":[{"count":2,"href":"https:\/\/wartapoznan.pl\/index.php\/wp-json\/wp\/v2\/posts\/24123\/revisions"}],"predecessor-version":[{"id":24127,"href":"https:\/\/wartapoznan.pl\/index.php\/wp-json\/wp\/v2\/posts\/24123\/revisions\/24127"}],"wp:featuredmedia":[{"embeddable":true,"href":"https:\/\/wartapoznan.pl\/index.php\/wp-json\/wp\/v2\/media\/24126"}],"wp:attachment":[{"href":"https:\/\/wartapoznan.pl\/index.php\/wp-json\/wp\/v2\/media?parent=24123"}],"wp:term":[{"taxonomy":"category","embeddable":true,"href":"https:\/\/wartapoznan.pl\/index.php\/wp-json\/wp\/v2\/categories?post=24123"},{"taxonomy":"post_tag","embeddable":true,"href":"https:\/\/wartapoznan.pl\/index.php\/wp-json\/wp\/v2\/tags?post=24123"}],"curies":[{"name":"wp","href":"https:\/\/api.w.org\/{rel}","templated":true}]}}