{"id":2435,"date":"2018-09-29T21:08:05","date_gmt":"2018-09-29T19:08:05","guid":{"rendered":"http:\/\/klubwarta.pl\/?p=2435"},"modified":"2018-09-29T21:08:05","modified_gmt":"2018-09-29T19:08:05","slug":"bez-bramek-w-meczu-beniaminkow","status":"publish","type":"post","link":"https:\/\/wartapoznan.pl\/index.php\/2018\/09\/29\/bez-bramek-w-meczu-beniaminkow\/","title":{"rendered":"Bez bramek w meczu beniamink\u00f3w"},"content":{"rendered":"<p><strong>Sobotnie spotkanie 12. kolejki Fortuna 1. Ligi pomi\u0119dzy GKS-em 1962 Jastrz\u0119bie, a Wart\u0105 Pozna\u0144 zako\u0144czy\u0142o si\u0119 bezbramkowym remisem. Pi\u0142karze trenera Petra Nemca w Jastrz\u0119biu zagrali dobry mecz, jednak zabrak\u0142o im skuteczno\u015bci oraz odrobiny szcz\u0119\u015bcia do tego, by wywie\u017a\u0107 ze \u015al\u0105ska trzy punkty.<\/strong><\/p>\n<p>W rozgrywanym w Jastrz\u0119biu-Zdroju spotkaniu do sk\u0142adu Warciarzy po dw\u00f3ch meczach nieobecno\u015bci wr\u00f3ci\u0142 kapitan zespo\u0142u Bartosz Kieliba. Powr\u00f3t &#8222;Kolby&#8221; do jedenastki pozytywnie wp\u0142yn\u0105\u0142 na dru\u017cyn\u0119, ta bowiem ju\u017c od pierwszych minut prezentowa\u0142a si\u0119 wyra\u017anie pewniej, ni\u017c w niedawnych starciach z Rakowem Cz\u0119stochowa oraz Resovi\u0105. Zieloni w pierwszej po\u0142owie potrafili stworzy\u0107 sobie kilka gro\u017anych sytuacji, jednak za ka\u017cdym razem zabrak\u0142o skuteczno\u015bci. Do przerwy na tablicy wynik\u00f3w widnia\u0142 bezbramkowy remis, jednak to Warta by\u0142a zdecydowanie bli\u017cej wyj\u015bcia na prowadzenie.<\/p>\n<p>Bardzo podobnie wygl\u0105da\u0142 obraz gry w drugiej cz\u0119\u015bci spotkania. Warciarze w dalszym ci\u0105gu atakowali, wykorzystuj\u0105c do\u015b\u0107 liczne b\u0142\u0119dy gospodarzy, szwankowa\u0142o jednak wyko\u0144czenie akcji. W ko\u0144c\u00f3wce meczu trener Nemec postawi\u0142 wszystko na jedn\u0105 kart\u0119, wpuszczaj\u0105c na boisko Paw\u0142a Piceluka oraz \u0141ukasza Sp\u0142awskiego. Ich wej\u015bcie nie odmieni\u0142o jednak los\u00f3w spotkania, kt\u00f3re ostatecznie zako\u0144czy\u0142o si\u0119 podzia\u0142em punkt\u00f3w.<\/p>\n<p>Dla Warty jest to ju\u017c dziewi\u0105ty mecz z rz\u0119du bez zwyci\u0119stwa (osiem spotka\u0144 w Fortuna 1. Lidze oraz jedno w Pucharze Polski). Tym razem mo\u017cna ju\u017c by\u0142o zaobserwowa\u0107 kilka pozytyw\u00f3w w grze Zielonych. Powr\u00f3t do gry Kieliby bez w\u0105tpienia wp\u0142yn\u0105\u0142 na pewniejsz\u0105 gr\u0119 w obronie i zachowanie czystego konta. Do zwyci\u0119stwa i zgarni\u0119cia bezcennych trzech punkt\u00f3w zabrak\u0142o jednak skuteczno\u015bci w sytuacjach podbramkowych. Najbli\u017csz\u0105 okazj\u0119 na przerwanie z\u0142ej passy Warciarze b\u0119d\u0105 mie\u0107 ju\u017c w najbli\u017csz\u0105 \u015brod\u0119, kiedy to w ramach zaleg\u0142ego meczu 1. kolejki Fortuna 1. Ligi zmierz\u0105 si\u0119 oni na wyje\u017adzie ze Stomilem Olsztyn.<\/p>\n<p><strong>GKS 1962 Jastrz\u0119bie &#8211; Warta Pozna\u0144 0:0<\/strong><\/p>\n<p><strong>Warta Pozna\u0144:\u00a0<\/strong>Lis &#8211; Szymusik, Kieliba, Onsorge, Jasi\u0144ski &#8211; Fadecki (85&#8242; Sp\u0142awski), Marciniak, Cierpka, Janicki, Kie\u0142b (81&#8242; Piceluk) &#8211; Sanocki (40&#8242; Biega\u0144ski).<\/p>\n<p><strong>GKS 1962 Jastrz\u0119bie:\u00a0<\/strong>Drazik &#8211; Weis, Pacholski, Szymura, Gojny &#8211; Spycha\u0142a (67&#8242; Krakowczyk), Tront, Jadach (71&#8242; Szcz\u0119ch) &#8211; Gancarczyk (56&#8242; Ali), Adamek, Sk\u00f3recki.<\/p>\n<p><strong>\u017b\u00f3\u0142te kartki:\u00a0<\/strong>Tront (GKS 1962) &#8211; Kieliba, Onsorge (Warta).<\/p>\n<p><strong>S\u0119dzia:\u00a0<\/strong>Pawe\u0142 Pskit (Zgierz).<\/p>\n","protected":false},"excerpt":{"rendered":"<p>Sobotnie spotkanie 12. kolejki Fortuna 1. Ligi pomi\u0119dzy GKS-em 1962 Jastrz\u0119bie, a Wart\u0105 Pozna\u0144 zako\u0144czy\u0142o si\u0119 bezbramkowym remisem. Pi\u0142karze trenera&#8230;<\/p>\n","protected":false},"author":38,"featured_media":2436,"comment_status":"closed","ping_status":"closed","sticky":false,"template":"","format":"standard","meta":{"om_disable_all_campaigns":false,"inline_featured_image":false,"footnotes":"","_links_to":"","_links_to_target":""},"categories":[94,100],"tags":[],"aioseo_notices":[],"_links":{"self":[{"href":"https:\/\/wartapoznan.pl\/index.php\/wp-json\/wp\/v2\/posts\/2435"}],"collection":[{"href":"https:\/\/wartapoznan.pl\/index.php\/wp-json\/wp\/v2\/posts"}],"about":[{"href":"https:\/\/wartapoznan.pl\/index.php\/wp-json\/wp\/v2\/types\/post"}],"author":[{"embeddable":true,"href":"https:\/\/wartapoznan.pl\/index.php\/wp-json\/wp\/v2\/users\/38"}],"replies":[{"embeddable":true,"href":"https:\/\/wartapoznan.pl\/index.php\/wp-json\/wp\/v2\/comments?post=2435"}],"version-history":[{"count":1,"href":"https:\/\/wartapoznan.pl\/index.php\/wp-json\/wp\/v2\/posts\/2435\/revisions"}],"predecessor-version":[{"id":2437,"href":"https:\/\/wartapoznan.pl\/index.php\/wp-json\/wp\/v2\/posts\/2435\/revisions\/2437"}],"wp:featuredmedia":[{"embeddable":true,"href":"https:\/\/wartapoznan.pl\/index.php\/wp-json\/wp\/v2\/media\/2436"}],"wp:attachment":[{"href":"https:\/\/wartapoznan.pl\/index.php\/wp-json\/wp\/v2\/media?parent=2435"}],"wp:term":[{"taxonomy":"category","embeddable":true,"href":"https:\/\/wartapoznan.pl\/index.php\/wp-json\/wp\/v2\/categories?post=2435"},{"taxonomy":"post_tag","embeddable":true,"href":"https:\/\/wartapoznan.pl\/index.php\/wp-json\/wp\/v2\/tags?post=2435"}],"curies":[{"name":"wp","href":"https:\/\/api.w.org\/{rel}","templated":true}]}}