{"id":24550,"date":"2023-03-26T22:51:05","date_gmt":"2023-03-26T20:51:05","guid":{"rendered":"https:\/\/wartapoznan.pl\/?p=24550"},"modified":"2023-03-26T22:53:32","modified_gmt":"2023-03-26T20:53:32","slug":"robert-ivanov-zagral-w-reprezentacji-finlandii","status":"publish","type":"post","link":"https:\/\/wartapoznan.pl\/index.php\/2023\/03\/26\/robert-ivanov-zagral-w-reprezentacji-finlandii\/","title":{"rendered":"Robert Ivanov zagra\u0142 w reprezentacji Finlandii"},"content":{"rendered":"<p><strong>Zawodnik Warty Pozna\u0144, Robert Ivanov zaliczy\u0142 20. wyst\u0119p w fi\u0144skiej kadrze. Ros\u0142y obro\u0144ca przyczyni\u0142 si\u0119 do zwyci\u0119stwa 1:0 nad Irlandi\u0105 P\u00f3\u0142nocn\u0105 w meczu eliminacji do Euro 2024.<\/strong><!--more--><\/p>\n<p>Ekipa Suomi obj\u0119\u0142a prowadzenie w 28. minucie spotkania. W\u00f3wczas Benjamin Kallman (na co dzie\u0144 pi\u0142karz Cracovii) skorzysta\u0142 z zagrania Teemu Pukki i wpisa\u0142 si\u0119 na list\u0119 strzelc\u00f3w. Irlandczycy r\u00f3wnie\u017c znale\u017ali drog\u0119 do bramki. W 63. minucie gola strzeli\u0142 Dion Charles, ale podczas weryfikacji VAR zosta\u0142o wychwycone zagranie r\u0119k\u0105 i s\u0119dzia trafienia nie uzna\u0142.<\/p>\n<p>Od pierwszej do ostatniej minuty na boisku przebywa\u0142 Robert Ivanov. Przypomnjimy, \u017ce dla 28-latka by\u0142o to drugie w ca\u0142o\u015bci rozegrane spotkanie w przeci\u0105gu kilka dni. W czwartek wyst\u0105pi\u0142 w przegranym 1:3 meczu z reprezentacj\u0105 Danii.<\/p>\n<p>Tym samym Finowie po dw\u00f3ch kolejkach kwalifikacyjnych zmaga\u0144 o awans do Euro 2024 zajmuj\u0105 w swojej grupie 4. miejsce z 3 punktami na koncie. P\u00f3ki co liderem grupy H jest S\u0142owenia, kt\u00f3ra jako jedna wygra\u0142a oba swoje mecze.<\/p>\n<p>Warto doda\u0107, \u017ce na minione spotkania zosta\u0142 powo\u0142any r\u00f3wnie\u017c inny zawodnik &#8222;Zielonych&#8221; &#8211; Niilo Maenpaa. Niestety zar\u00f3wno w czwartek, jak i w niedziel\u0119 25-letni pomocnik nie znalaz\u0142 si\u0119 w kadrze meczowej.<\/p>\n<p>Fot. Jyri Sulander \/ SPL<\/p>\n","protected":false},"excerpt":{"rendered":"<p>Zawodnik Warty Pozna\u0144, Robert Ivanov zaliczy\u0142 20. wyst\u0119p w fi\u0144skiej kadrze. Ros\u0142y obro\u0144ca przyczyni\u0142 si\u0119 do zwyci\u0119stwa 1:0 nad Irlandi\u0105&#8230;<\/p>\n","protected":false},"author":36,"featured_media":24553,"comment_status":"closed","ping_status":"closed","sticky":false,"template":"","format":"standard","meta":{"om_disable_all_campaigns":false,"inline_featured_image":false,"footnotes":"","_links_to":"","_links_to_target":""},"categories":[94,100,101],"tags":[],"aioseo_notices":[],"_links":{"self":[{"href":"https:\/\/wartapoznan.pl\/index.php\/wp-json\/wp\/v2\/posts\/24550"}],"collection":[{"href":"https:\/\/wartapoznan.pl\/index.php\/wp-json\/wp\/v2\/posts"}],"about":[{"href":"https:\/\/wartapoznan.pl\/index.php\/wp-json\/wp\/v2\/types\/post"}],"author":[{"embeddable":true,"href":"https:\/\/wartapoznan.pl\/index.php\/wp-json\/wp\/v2\/users\/36"}],"replies":[{"embeddable":true,"href":"https:\/\/wartapoznan.pl\/index.php\/wp-json\/wp\/v2\/comments?post=24550"}],"version-history":[{"count":2,"href":"https:\/\/wartapoznan.pl\/index.php\/wp-json\/wp\/v2\/posts\/24550\/revisions"}],"predecessor-version":[{"id":24554,"href":"https:\/\/wartapoznan.pl\/index.php\/wp-json\/wp\/v2\/posts\/24550\/revisions\/24554"}],"wp:featuredmedia":[{"embeddable":true,"href":"https:\/\/wartapoznan.pl\/index.php\/wp-json\/wp\/v2\/media\/24553"}],"wp:attachment":[{"href":"https:\/\/wartapoznan.pl\/index.php\/wp-json\/wp\/v2\/media?parent=24550"}],"wp:term":[{"taxonomy":"category","embeddable":true,"href":"https:\/\/wartapoznan.pl\/index.php\/wp-json\/wp\/v2\/categories?post=24550"},{"taxonomy":"post_tag","embeddable":true,"href":"https:\/\/wartapoznan.pl\/index.php\/wp-json\/wp\/v2\/tags?post=24550"}],"curies":[{"name":"wp","href":"https:\/\/api.w.org\/{rel}","templated":true}]}}