{"id":24562,"date":"2023-03-28T13:22:51","date_gmt":"2023-03-28T11:22:51","guid":{"rendered":"https:\/\/wartapoznan.pl\/?p=24562"},"modified":"2023-03-28T13:22:51","modified_gmt":"2023-03-28T11:22:51","slug":"zapisz-sie-na-wyjazd-dla-kibicow-warty-poznan-na-mecz-z-zaglebiem-lubin","status":"publish","type":"post","link":"https:\/\/wartapoznan.pl\/index.php\/2023\/03\/28\/zapisz-sie-na-wyjazd-dla-kibicow-warty-poznan-na-mecz-z-zaglebiem-lubin\/","title":{"rendered":"Zapisz si\u0119 na wyjazd dla kibic\u00f3w Warty Pozna\u0144 na mecz z Zag\u0142\u0119biem Lubin"},"content":{"rendered":"<p><strong>Trwaj\u0105 zapisy na zorganizowany wyjazd kibic\u00f3w &#8222;Zielonych&#8221; na mecz Warty Pozna\u0144 z Zag\u0142\u0119biem w Lubinie, w 26. kolejce PKO Bank Polski Ekstraklasy. Koszt (transport i bilet) wynosi 90 z\u0142, a organizatorem wyprawy jest Stowarzyszenia Kibic\u00f3w Warty Pozna\u0144 \u201eNa Warcie&#8221;.<\/strong><\/p>\n<p>Po przerwie na mecze reprezentacyjne pi\u0142karze trenera Dawida Szulczka wr\u00f3c\u0105 na boisko ju\u017c w pi\u0105tek, 31 marca. O godz. 18 w Lubinie rozpocznie si\u0119 ich pojedynek z Zag\u0142\u0119biem. Przypomnijmy, \u017ce pozna\u0144ski zesp\u00f3\u0142 jest jedn\u0105 z najlepszych ekip wyjazdowych w PKO Bank Polski Ekstraklasie. Wi\u0119cej punkt\u00f3w od \u201eWarciarzy\u201d na obcych stadionach zdoby\u0142y tylko dru\u017cyny Rakowa Cz\u0119stochowa, Legii Warszawa i Lecha Pozna\u0144.<\/p>\n<p>Warta Pozna\u0144 wyst\u0105pi w Lubinie niewiele ponad rok po tym, jak pokona\u0142a Zag\u0142\u0119bie 4:0, wspierana przez liczn\u0105 grup\u0119 swoich sympatyk\u00f3w. Tak\u017ce tym razem jest organizowany wyjazd dla kibic\u00f3w, kt\u00f3rzy chc\u0105 dopingowa\u0107 \u201eZielonych\u201d z sektora go\u015bci. Do wyboru s\u0105 dwie opcje: mo\u017cna wybra\u0107 zakup samego biletu (30 z\u0142) lub pakietu z\u0142o\u017conego z biletu wraz z transportem do Lubina (90 z\u0142).<\/p>\n<p>Zapisy na wyjazd potrwaj\u0105 do ko\u0144ca dnia w \u015brod\u0119, 29 marca. Mo\u017cna zapisa\u0107 si\u0119 na wyjazd, dzwoni\u0105c lub pisz\u0105c na numer 797-586-449 lub skontaktowa\u0107 si\u0119 w wiadomo\u015bci prywatnej <a href=\"https:\/\/www.facebook.com\/profile.php?id=100088410564768\" target=\"_blank\" rel=\"noopener noreferrer\">Stowarzyszenia Kibic\u00f3w Warty Pozna\u0144 \u201eNa Warcie&#8221; na Facebooku<\/a>.<\/p>\n","protected":false},"excerpt":{"rendered":"<p>Trwaj\u0105 zapisy na zorganizowany wyjazd kibic\u00f3w &#8222;Zielonych&#8221; na mecz Warty Pozna\u0144 z Zag\u0142\u0119biem w Lubinie, w 26. kolejce PKO Bank&#8230;<\/p>\n","protected":false},"author":36,"featured_media":24565,"comment_status":"closed","ping_status":"closed","sticky":false,"template":"","format":"standard","meta":{"om_disable_all_campaigns":false,"inline_featured_image":false,"footnotes":"","_links_to":"","_links_to_target":""},"categories":[94,100,245,1],"tags":[],"aioseo_notices":[],"_links":{"self":[{"href":"https:\/\/wartapoznan.pl\/index.php\/wp-json\/wp\/v2\/posts\/24562"}],"collection":[{"href":"https:\/\/wartapoznan.pl\/index.php\/wp-json\/wp\/v2\/posts"}],"about":[{"href":"https:\/\/wartapoznan.pl\/index.php\/wp-json\/wp\/v2\/types\/post"}],"author":[{"embeddable":true,"href":"https:\/\/wartapoznan.pl\/index.php\/wp-json\/wp\/v2\/users\/36"}],"replies":[{"embeddable":true,"href":"https:\/\/wartapoznan.pl\/index.php\/wp-json\/wp\/v2\/comments?post=24562"}],"version-history":[{"count":2,"href":"https:\/\/wartapoznan.pl\/index.php\/wp-json\/wp\/v2\/posts\/24562\/revisions"}],"predecessor-version":[{"id":24564,"href":"https:\/\/wartapoznan.pl\/index.php\/wp-json\/wp\/v2\/posts\/24562\/revisions\/24564"}],"wp:featuredmedia":[{"embeddable":true,"href":"https:\/\/wartapoznan.pl\/index.php\/wp-json\/wp\/v2\/media\/24565"}],"wp:attachment":[{"href":"https:\/\/wartapoznan.pl\/index.php\/wp-json\/wp\/v2\/media?parent=24562"}],"wp:term":[{"taxonomy":"category","embeddable":true,"href":"https:\/\/wartapoznan.pl\/index.php\/wp-json\/wp\/v2\/categories?post=24562"},{"taxonomy":"post_tag","embeddable":true,"href":"https:\/\/wartapoznan.pl\/index.php\/wp-json\/wp\/v2\/tags?post=24562"}],"curies":[{"name":"wp","href":"https:\/\/api.w.org\/{rel}","templated":true}]}}