{"id":24730,"date":"2023-04-12T10:10:25","date_gmt":"2023-04-12T08:10:25","guid":{"rendered":"https:\/\/wartapoznan.pl\/?p=24730"},"modified":"2023-04-12T14:13:59","modified_gmt":"2023-04-12T12:13:59","slug":"jak-grali-wypozyczeni-zawodnicy-warty-poznan-raport-112","status":"publish","type":"post","link":"https:\/\/wartapoznan.pl\/index.php\/2023\/04\/12\/jak-grali-wypozyczeni-zawodnicy-warty-poznan-raport-112\/","title":{"rendered":"Jak grali wypo\u017cyczeni zawodnicy Warty Pozna\u0144 \u2013 raport"},"content":{"rendered":"<p><strong>Sze\u015bciu zawodnik\u00f3w wypo\u017cyczonych z Warty Pozna\u0144 wysz\u0142o w minionym tygodniu w podstawowych sk\u0142adach swoich obecnych dru\u017cyn na mecze ligowe.<\/strong><\/p>\n<p>Przez 90 minut na boisku przebywali: Mateusz Kustosz, Albert \u017berkowski i Mateusz Kustosz. Dwaj ostatni mogli si\u0119 cieszy\u0107 z wygranych swoich zespo\u0142\u00f3w.<\/p>\n<p>Miko\u0142aj Rakowski po raz pierwszy znalaz\u0142 si\u0119 w wyj\u015bciowej jedenastce Kotwicy Ko\u0142obrzeg, kt\u00f3ra jednak uleg\u0142a na wyje\u017adzie GKS Jastrz\u0119bie. Po drugiej z rz\u0119du i czwartej w tej rundzie pora\u017cce niedawny lider II ligi spad\u0142 na drugie miejsce w tabeli &#8211; zosta\u0142 wyprzedzony przez Poloni\u0119 Warszawa.<\/p>\n<p><strong>Jakub Sangowski, 20 lat, napastnik (Skra Cz\u0119stochowa; I liga)<\/strong><br \/>\n\u2013 nie gra\u0142 w meczu z Resovi\u0105 (0:5)<br \/>\n<strong>\u2013 wyst\u0119py w sezonie 2022\/23:<\/strong>\u00a023 (858 minut; 1 gol)<\/p>\n<p><strong>Miko\u0142aj Rakowski, 21 lat, pomocnik (Kotwica Ko\u0142obrzeg; II liga)<\/strong><br \/>\n\u2013 gra\u0142 do 62. minuty meczu z GKS Jastrz\u0119bie (0:1)<br \/>\n<strong>\u2013 wyst\u0119py w sezonie 2022\/23:<\/strong>\u00a03 (70 minut)<\/p>\n<p><strong>Szymon Soi\u0144ski, 19 lat, obro\u0144ca (Jarota Jarocin; III liga)<\/strong><br \/>\n\u2013 gra\u0142 do 68. minuty meczu z Olimpi\u0105 Grudzi\u0105dz (0:3)<br \/>\n<strong>\u2013 wyst\u0119py w sezonie 2022\/23<\/strong>: 18 (792 minuty)<\/p>\n<p><strong>Mateusz Kustosz, 20 lat, bramkarz (Unia Swarz\u0119dz, III liga)<\/strong><br \/>\n\u2013 90 minut w meczu z Cartusi\u0105 Kartuzy (0:0)<br \/>\n<strong>\u2013 wyst\u0119py w sezonie 2022\/23<\/strong>: 17 (1530 minut)<\/p>\n<p><strong>Marcin Szeibe, 22 lata, pomocnik (Unia Swarz\u0119dz, III liga)<\/strong><br \/>\n\u2013 gra\u0142 do 75. minuty i zosta\u0142 napomniany \u017c\u00f3\u0142t\u0105 kartk\u0105 w meczu z Cartusi\u0105 Kartuzy (0:0)<br \/>\n<strong>\u2013 wyst\u0119py w sezonie 2022\/23<\/strong>: 21 (1287 minut; 3 gole)<\/p>\n<p><strong>Albert \u017berkowski, 19 lat, obro\u0144ca (Polonia \u015aroda Wlkp., III liga)<\/strong><br \/>\n\u2013 90 minut w meczu z Pogoni\u0105 Nowe Skalmierzyce (2:0)<br \/>\n<strong>\u2013 wyst\u0119py w sezonie 2022\/23<\/strong>: 11 (856 minut)<\/p>\n<p><strong>Leo Przybylak, 18 lat, bramkarz (Warta Mi\u0119dzych\u00f3d; IV liga)<\/strong><br \/>\n\u2013 90 minut w meczu z Poloni\u0105 1912 Leszno (4:2)<br \/>\n<strong>\u2013 wyst\u0119py w sezonie 2022\/23<\/strong>: 18 (1620 minut).<\/p>\n","protected":false},"excerpt":{"rendered":"<p>Sze\u015bciu zawodnik\u00f3w wypo\u017cyczonych z Warty Pozna\u0144 wysz\u0142o w minionym tygodniu w podstawowych sk\u0142adach swoich obecnych dru\u017cyn na mecze ligowe. Przez&#8230;<\/p>\n","protected":false},"author":36,"featured_media":21633,"comment_status":"closed","ping_status":"closed","sticky":false,"template":"","format":"standard","meta":{"om_disable_all_campaigns":false,"inline_featured_image":false,"footnotes":"","_links_to":"","_links_to_target":""},"categories":[94,100,250,1],"tags":[],"aioseo_notices":[],"_links":{"self":[{"href":"https:\/\/wartapoznan.pl\/index.php\/wp-json\/wp\/v2\/posts\/24730"}],"collection":[{"href":"https:\/\/wartapoznan.pl\/index.php\/wp-json\/wp\/v2\/posts"}],"about":[{"href":"https:\/\/wartapoznan.pl\/index.php\/wp-json\/wp\/v2\/types\/post"}],"author":[{"embeddable":true,"href":"https:\/\/wartapoznan.pl\/index.php\/wp-json\/wp\/v2\/users\/36"}],"replies":[{"embeddable":true,"href":"https:\/\/wartapoznan.pl\/index.php\/wp-json\/wp\/v2\/comments?post=24730"}],"version-history":[{"count":3,"href":"https:\/\/wartapoznan.pl\/index.php\/wp-json\/wp\/v2\/posts\/24730\/revisions"}],"predecessor-version":[{"id":24733,"href":"https:\/\/wartapoznan.pl\/index.php\/wp-json\/wp\/v2\/posts\/24730\/revisions\/24733"}],"wp:featuredmedia":[{"embeddable":true,"href":"https:\/\/wartapoznan.pl\/index.php\/wp-json\/wp\/v2\/media\/21633"}],"wp:attachment":[{"href":"https:\/\/wartapoznan.pl\/index.php\/wp-json\/wp\/v2\/media?parent=24730"}],"wp:term":[{"taxonomy":"category","embeddable":true,"href":"https:\/\/wartapoznan.pl\/index.php\/wp-json\/wp\/v2\/categories?post=24730"},{"taxonomy":"post_tag","embeddable":true,"href":"https:\/\/wartapoznan.pl\/index.php\/wp-json\/wp\/v2\/tags?post=24730"}],"curies":[{"name":"wp","href":"https:\/\/api.w.org\/{rel}","templated":true}]}}