{"id":24742,"date":"2023-04-12T20:20:25","date_gmt":"2023-04-12T18:20:25","guid":{"rendered":"https:\/\/wartapoznan.pl\/?p=24742"},"modified":"2023-04-12T20:20:25","modified_gmt":"2023-04-12T18:20:25","slug":"kolejny-zawodnik-akademii-objety-programem-stypendialnym-2","status":"publish","type":"post","link":"https:\/\/wartapoznan.pl\/index.php\/2023\/04\/12\/kolejny-zawodnik-akademii-objety-programem-stypendialnym-2\/","title":{"rendered":"Kolejny zawodnik Akademii obj\u0119ty programem stypendialnym"},"content":{"rendered":"<p><strong>Kapitan zespo\u0142u Trampkarzy starszych Warty Pozna\u0144 i reprezentant Polski do lat 15 \u2013 J\u0119drzej Hanuszczak \u2013 zosta\u0142 kolejnym zawodnikiem Akademii w\u0142\u0105czonym do programu stypendialnego, w ramach kt\u00f3rego 15-latek podpisa\u0142 sw\u00f3j pierwszy kontrakt z Klubem.<\/strong><\/p>\n<p>Od zesz\u0142ego sezonu w Akademii Warty Pozna\u0144 istnieje projekt stypendialny przeznaczony dla najbardziej aspiruj\u0105cych wychowank\u00f3w Klubu. To wyraz zaufania ze strony sztabu dla m\u0142odych zawodnik\u00f3w, kt\u00f3rzy dobr\u0105 postaw\u0105 i umiej\u0119tno\u015bciami zapracowali na wyr\u00f3\u017cnienie w\u015br\u00f3d swoich zespo\u0142\u00f3w. Stypendium przybra\u0142o form\u0119 kontraktu, na mocy kt\u00f3rego pi\u0142karze formalnie wi\u0105\u017c\u0105 si\u0119 z Wart\u0105 Pozna\u0144. Projekt jest systematycznie wdra\u017cany, dzi\u0119ki czemu grono zawodnik\u00f3w obj\u0119tych programem jest sukcesywnie poszerzane.<\/p>\n<p>W \u015brod\u0119 oficjalnie kolejnym stypendyst\u0105 zosta\u0142 <strong>J\u0119drzej Hanuszczak<\/strong>, dla kt\u00f3rego ostatnie tygodnie s\u0105 niezwykle udane, gdy\u017c poza dobrymi wyst\u0119pami w Centralnej Lidze Junior\u00f3w, kilka dni temu zanotowa\u0142 r\u00f3wnie\u017c pierwsze trafienie w reprezentacji Polski U-15.<\/p>\n<p>Od pocz\u0105tku istnienia projektu stypendialnego Warty Pozna\u0144 zwi\u0105zali\u015bmy si\u0119 kontraktami z kilkunastoma zawodnikami z rocznik\u00f3w 2004, 2005, 2006 oraz 2007. J\u0119drzej jest pierwszym zawodnikiem urodzonym w 2008 roku, kt\u00f3ry do\u0142\u0105czy\u0142 do tego grona.<\/p>\n<p>W imieniu ca\u0142ej Zielonej Rodziny gratulujemy i \u017cyczymy wielu sukces\u00f3w sportowych!<\/p>\n","protected":false},"excerpt":{"rendered":"<p>Kapitan zespo\u0142u Trampkarzy starszych Warty Pozna\u0144 i reprezentant Polski do lat 15 \u2013 J\u0119drzej Hanuszczak \u2013 zosta\u0142 kolejnym zawodnikiem Akademii&#8230;<\/p>\n","protected":false},"author":36,"featured_media":24743,"comment_status":"closed","ping_status":"closed","sticky":false,"template":"","format":"standard","meta":{"om_disable_all_campaigns":false,"inline_featured_image":false,"footnotes":"","_links_to":"","_links_to_target":""},"categories":[95,1],"tags":[],"aioseo_notices":[],"_links":{"self":[{"href":"https:\/\/wartapoznan.pl\/index.php\/wp-json\/wp\/v2\/posts\/24742"}],"collection":[{"href":"https:\/\/wartapoznan.pl\/index.php\/wp-json\/wp\/v2\/posts"}],"about":[{"href":"https:\/\/wartapoznan.pl\/index.php\/wp-json\/wp\/v2\/types\/post"}],"author":[{"embeddable":true,"href":"https:\/\/wartapoznan.pl\/index.php\/wp-json\/wp\/v2\/users\/36"}],"replies":[{"embeddable":true,"href":"https:\/\/wartapoznan.pl\/index.php\/wp-json\/wp\/v2\/comments?post=24742"}],"version-history":[{"count":1,"href":"https:\/\/wartapoznan.pl\/index.php\/wp-json\/wp\/v2\/posts\/24742\/revisions"}],"predecessor-version":[{"id":24744,"href":"https:\/\/wartapoznan.pl\/index.php\/wp-json\/wp\/v2\/posts\/24742\/revisions\/24744"}],"wp:featuredmedia":[{"embeddable":true,"href":"https:\/\/wartapoznan.pl\/index.php\/wp-json\/wp\/v2\/media\/24743"}],"wp:attachment":[{"href":"https:\/\/wartapoznan.pl\/index.php\/wp-json\/wp\/v2\/media?parent=24742"}],"wp:term":[{"taxonomy":"category","embeddable":true,"href":"https:\/\/wartapoznan.pl\/index.php\/wp-json\/wp\/v2\/categories?post=24742"},{"taxonomy":"post_tag","embeddable":true,"href":"https:\/\/wartapoznan.pl\/index.php\/wp-json\/wp\/v2\/tags?post=24742"}],"curies":[{"name":"wp","href":"https:\/\/api.w.org\/{rel}","templated":true}]}}