{"id":24785,"date":"2023-04-15T17:01:00","date_gmt":"2023-04-15T15:01:00","guid":{"rendered":"https:\/\/wartapoznan.pl\/?p=24785"},"modified":"2023-04-15T18:49:25","modified_gmt":"2023-04-15T16:49:25","slug":"kamil-koscielny-od-poczatku-mielismy-plan-na-to-spotkanie","status":"publish","type":"post","link":"https:\/\/wartapoznan.pl\/index.php\/2023\/04\/15\/kamil-koscielny-od-poczatku-mielismy-plan-na-to-spotkanie\/","title":{"rendered":"Kamil Ko\u015bcielny: Od pocz\u0105tku mieli\u015bmy plan na to spotkanie"},"content":{"rendered":"<p><strong>&#8211; <em>Wynik mo\u017ce wskazywa\u0107 na to, \u017ce wygrali\u015bmy do\u015b\u0107 spokojnie, ale tak nie by\u0142o<\/em> \u2013 uwa\u017ca Kamil Ko\u015bcielny, zawodnik Warty Pozna\u0144, kt\u00f3ra w pi\u0105tkowy wiecz\u00f3r na stadionie w Grodzisku Wlkp. zwyci\u0119\u017cy\u0142a 3:1 \u015al\u0105sk Wroc\u0142aw.<\/strong><\/p>\n<p>W trzech poprzednich meczach blisko 32-letni pi\u0142karz wychodzi\u0142 w podstawowym sk\u0142adzie \u201eZielonych\u201d. Teraz rozpocz\u0105\u0142 spotkanie na \u0142awce rezerwowych, ale pojawi\u0142 si\u0119 na murawie jeszcze przed przerw\u0105, gdy zast\u0105pi\u0142 kontuzjowanego Jakuba Kie\u0142ba.<\/p>\n<p>&#8211; <em>Bramka dla \u015al\u0105ska pad\u0142a bardzo szybko, bo jeszcze nie zd\u0105\u017cyli\u015bmy si\u0119 dobrze rozsi\u0105\u015b\u0107 na \u0142awce. Wydaje mi si\u0119 jednak, \u017ce nie by\u0142o paniki w naszych szeregach. Nie stracili\u015bmy pewno\u015bci siebie, kt\u00f3r\u0105 mieli\u015bmy jeszcze przed meczem. Dalej realizowali\u015bmy swoje zadania. Super, \u017ce szybko strzelili\u015bmy gola na 1:1, potem drugiego, wprawdzie nieuznanego, ale za chwil\u0119 pi\u0142ka zn\u00f3w znalaz\u0142a si\u0119 w siatce. Nasza reakcja na strat\u0119 bramki by\u0142a bardzo dobra<\/em> \u2013 m\u00f3wi Kamil Ko\u015bcielny.<\/p>\n<p>&#8211; <em>Wynik mo\u017ce wskazywa\u0107 na to, \u017ce wygrali\u015bmy do\u015b\u0107 spokojnie, ale tak nie by\u0142o. Spotkanie by\u0142o szarpane, jednak od pocz\u0105tku mieli\u015bmy sw\u00f3j plan. Wygl\u0105dali\u015bmy ca\u0142kiem nie\u017ale, szczeg\u00f3lnie w pierwszej po\u0142owie. P\u00f3\u017aniej skoncentrowali\u015bmy si\u0119 bardziej na utrzymaniu wyniku. Dobrze, \u017ce uda\u0142o si\u0119 zdoby\u0107 trzeci\u0105 bramk\u0119, kt\u00f3ra doda\u0142a nam du\u017co pewno\u015bci siebie<\/em> \u2013 dodaje zawodnik Warty Pozna\u0144.<\/p>\n<p>Pytany o swoj\u0105 ulubion\u0105 pozycj\u0119 na boisku, Kamil Ko\u015bcielny odpowiada: &#8211; <em>Jestem w miar\u0119 elastycznym zawodnikiem. Oczywi\u015bcie moj\u0105 podstawow\u0105 pozycj\u0105 jest \u015brodek obrony, ale zwykle nie ma tam wielu zmian, poniewa\u017c trener gra inn\u0105 tr\u00f3jk\u0105 defensor\u00f3w. W zwi\u0105zku z tym mo\u017cna powiedzie\u0107, \u017ce troch\u0119 si\u0119 przebran\u017cowi\u0142em na wahad\u0142owego, co jednak by\u0142o z korzy\u015bci\u0105 zar\u00f3wno dla mnie, jak i dla dru\u017cyny. Trener nie boi si\u0119 na mnie stawia\u0107, a ja potrafi\u0119 si\u0119 dostosowa\u0107.<\/em><\/p>\n","protected":false},"excerpt":{"rendered":"<p>&#8211; Wynik mo\u017ce wskazywa\u0107 na to, \u017ce wygrali\u015bmy do\u015b\u0107 spokojnie, ale tak nie by\u0142o \u2013 uwa\u017ca Kamil Ko\u015bcielny, zawodnik Warty&#8230;<\/p>\n","protected":false},"author":36,"featured_media":24777,"comment_status":"closed","ping_status":"closed","sticky":false,"template":"","format":"standard","meta":{"om_disable_all_campaigns":false,"inline_featured_image":false,"footnotes":"","_links_to":"","_links_to_target":""},"categories":[94,100,245,1],"tags":[],"aioseo_notices":[],"_links":{"self":[{"href":"https:\/\/wartapoznan.pl\/index.php\/wp-json\/wp\/v2\/posts\/24785"}],"collection":[{"href":"https:\/\/wartapoznan.pl\/index.php\/wp-json\/wp\/v2\/posts"}],"about":[{"href":"https:\/\/wartapoznan.pl\/index.php\/wp-json\/wp\/v2\/types\/post"}],"author":[{"embeddable":true,"href":"https:\/\/wartapoznan.pl\/index.php\/wp-json\/wp\/v2\/users\/36"}],"replies":[{"embeddable":true,"href":"https:\/\/wartapoznan.pl\/index.php\/wp-json\/wp\/v2\/comments?post=24785"}],"version-history":[{"count":2,"href":"https:\/\/wartapoznan.pl\/index.php\/wp-json\/wp\/v2\/posts\/24785\/revisions"}],"predecessor-version":[{"id":24788,"href":"https:\/\/wartapoznan.pl\/index.php\/wp-json\/wp\/v2\/posts\/24785\/revisions\/24788"}],"wp:featuredmedia":[{"embeddable":true,"href":"https:\/\/wartapoznan.pl\/index.php\/wp-json\/wp\/v2\/media\/24777"}],"wp:attachment":[{"href":"https:\/\/wartapoznan.pl\/index.php\/wp-json\/wp\/v2\/media?parent=24785"}],"wp:term":[{"taxonomy":"category","embeddable":true,"href":"https:\/\/wartapoznan.pl\/index.php\/wp-json\/wp\/v2\/categories?post=24785"},{"taxonomy":"post_tag","embeddable":true,"href":"https:\/\/wartapoznan.pl\/index.php\/wp-json\/wp\/v2\/tags?post=24785"}],"curies":[{"name":"wp","href":"https:\/\/api.w.org\/{rel}","templated":true}]}}