{"id":24926,"date":"2023-04-23T22:52:33","date_gmt":"2023-04-23T20:52:33","guid":{"rendered":"https:\/\/wartapoznan.pl\/?p=24926"},"modified":"2023-04-23T22:54:25","modified_gmt":"2023-04-23T20:54:25","slug":"warta-poznan-awansowala-do-grupy-mistrzowskiej-ekstraklasy-amp-futbolu","status":"publish","type":"post","link":"https:\/\/wartapoznan.pl\/index.php\/2023\/04\/23\/warta-poznan-awansowala-do-grupy-mistrzowskiej-ekstraklasy-amp-futbolu\/","title":{"rendered":"Warta Pozna\u0144 awansowa\u0142a do grupy mistrzowskiej Ekstraklasy amp futbolu!"},"content":{"rendered":"<p><strong>Dwa zwyci\u0119stwa odnie\u015bli zawodnicy Warty Pozna\u0144 w drugim turnieju sezonu PZU Amp Futbol Ekstraklasy w Warszawie i dzi\u0119ki temu zakwalifikowali si\u0119 do grupy mistrzowskiej. Oznacza to, \u017ce w tym roku &#8222;Zieloni&#8221; &#8211; po raz pierwszy w historii &#8211; zajm\u0105 miejsce na ligowym podium!\u00a0<\/strong><\/p>\n<p>Zesp\u00f3\u0142 trenera Dariusza Sylwestrzaka w marcu podczas turnieju w Poznaniu otworzy\u0142 sobie drzwi do najlepszej tr\u00f3jki Ekstraklasy, pokonuj\u0105c Legi\u0119 Warszawa. Teraz w stolicy, gdzie obywa\u0142 si\u0119 drugi turniej w sezonie, celem Warty Pozna\u0144 by\u0142o wykorzystanie historycznej szansy, kt\u00f3ra stan\u0119\u0142a przed dru\u017cyn\u0105.<\/p>\n<p>W sobot\u0119, w pierwszym dniu zawod\u00f3w wszystko posz\u0142o zgodnie z planem. Poznaniacy pokonali 1:0 Stal Rzesz\u00f3w, a swoj\u0105 pierwsz\u0105 bramk\u0119 w barwach &#8222;Zielonych&#8221; zdoby\u0142\u00a0\u0141ukasz Mamczarz.<\/p>\n<p>Nazajutrz &#8222;Warciarze&#8221; mieli do rozegrania dwa mecze, ale by\u0142o jasne, \u017ce wygrana w pierwszym pojedynku z Nowymi Technologiami R\u00f3\u017cyca b\u0119dzie oznacza\u0142a awans do grupy mistrzowskiej. Najnowsza historia nie przemawia\u0142a jednak za dru\u017cyn\u0105 z Poznania, kt\u00f3ra w \u017cadnym z pojedynk\u00f3w z tym rywalem w minionym sezonie nie by\u0142a w stanie zgarn\u0105\u0107 kompletu punkt\u00f3w.<\/p>\n<p>Prze\u0142amanie przysz\u0142o a najlepszym momencie. W doliczonym czasie pierwszej po\u0142owy Bartosz Skrzypek sprytnie wstrzeli\u0142 pi\u0142k\u0119 z rzutu wolnego tak, \u017ce bramkarz rywali wbi\u0142 j\u0105 sobie do bramki. Po zmianie stron poznaniacy zagrali bardzo dojrzale. Nie tylko m\u0105drze bronili prowadzenia, ale te\u017c stworzyli sobie kilka okazji do zdobycia kolejnych bramek. Pad\u0142a tylko jedna &#8211; bramkarz Przemys\u0142aw Nadobny zagra\u0142 do Marcina Oleksego, a ten w sytuacji sam na sam z golkiperem Nowych Technologii kopn\u0105\u0142 spokojnie po ziemi wprost do siatki.<\/p>\n<p>&#8211; <em>Mecz z R\u00f3\u017cycami by\u0142 bardzo dobry w naszym wykonaniu. Zawodnicy realizowali wszystkie za\u0142o\u017cenia. Pokazali ogromne zaanga\u017cowanie, ch\u0119\u0107 zwyci\u0119stwa, dyscyplin\u0119 taktyczn\u0105. To by\u0142 jeden z lepszych mecz\u00f3w w naszym wykonaniu w ci\u0105gu tych dw\u00f3ch turniej\u00f3w<\/em> &#8211; m\u00f3wi trener Warty Pozna\u0144<em>, <\/em>Dariusz Sylwestrzak.<\/p>\n<p>W drugim niedzielnym wyst\u0119pie &#8222;Zieloni&#8221; musieli uzna\u0107 wy\u017cszo\u015b\u0107 \u015al\u0105ska Wroc\u0142aw (0:2), ale wynik ten nie mia\u0142 ju\u017c wi\u0119kszego wp\u0142ywu na tabel\u0119. <em>&#8211; W meczu ze \u015al\u0105skiem Wroc\u0142aw widoczne by\u0142o zm\u0119czenie zawodnik\u00f3w. Nie byli\u015bmy w stanie nawi\u0105za\u0107 wyr\u00f3wnanej walki &#8211; <\/em>ocenia trener Sylwestrzak. &#8211; <em>Jeste\u015bmy bardzo szcz\u0119\u015bliwi po wywalczeniu historycznego awansu do najlepszej tr\u00f3jki Ekstraklasy. W zespole od d\u0142u\u017cszego czasu panuje wspania\u0142a atmosfera. Ca\u0142y czas si\u0119 rozwijamy.<\/em><\/p>\n<p>Liderem tabeli jest Wis\u0142a Krak\u00f3w przed zespo\u0142em TSP Kuloodporni Bielsko-Bia\u0142a.<br \/>\nZ tymi dwoma dru\u017cynami \u201eZieloni\u201d b\u0119d\u0105 si\u0119 mierzy\u0107 w nast\u0119pnych turniejach w walce o Mistrzostwo Polski.\u00a0Najbli\u017cszy zaplanowano na weekend 13-14 maja w Rzeszowie.<\/p>\n<p><strong>Wyniki Warty Pozna\u0144 w II turnieju PZU Amp Futbol Ekstraklasy:<\/strong><\/p>\n<p><strong>Warta Pozna\u0144<\/strong> <strong>\u2013 Stal Rzesz\u00f3w 1:0<\/strong><br \/>\n<strong>Bramka:<\/strong> \u0141ukasz Mamczarz (2. minuta)<\/p>\n<p><strong>Warta Pozna\u0144 \u2013 Nowe Technologie R\u00f3\u017cyca 2:0<\/strong><br \/>\n<strong>Bramki:<\/strong> 1:0 Bartosz Skrzypek (20. +1), 2:0 Marcin Oleksy (32.)<\/p>\n<p><strong>Warta Pozna\u0144<\/strong> <strong>\u2013 \u015al\u0105sk Wroc\u0142aw 0:2<\/strong><\/p>\n<p>Fot. Cyfrasport \/ Amp Futbol Polska<\/p>\n","protected":false},"excerpt":{"rendered":"<p>Dwa zwyci\u0119stwa odnie\u015bli zawodnicy Warty Pozna\u0144 w drugim turnieju sezonu PZU Amp Futbol Ekstraklasy w Warszawie i dzi\u0119ki temu zakwalifikowali&#8230;<\/p>\n","protected":false},"author":36,"featured_media":24934,"comment_status":"closed","ping_status":"closed","sticky":false,"template":"","format":"standard","meta":{"om_disable_all_campaigns":false,"inline_featured_image":false,"footnotes":"","_links_to":"","_links_to_target":""},"categories":[94,184,1],"tags":[],"aioseo_notices":[],"_links":{"self":[{"href":"https:\/\/wartapoznan.pl\/index.php\/wp-json\/wp\/v2\/posts\/24926"}],"collection":[{"href":"https:\/\/wartapoznan.pl\/index.php\/wp-json\/wp\/v2\/posts"}],"about":[{"href":"https:\/\/wartapoznan.pl\/index.php\/wp-json\/wp\/v2\/types\/post"}],"author":[{"embeddable":true,"href":"https:\/\/wartapoznan.pl\/index.php\/wp-json\/wp\/v2\/users\/36"}],"replies":[{"embeddable":true,"href":"https:\/\/wartapoznan.pl\/index.php\/wp-json\/wp\/v2\/comments?post=24926"}],"version-history":[{"count":6,"href":"https:\/\/wartapoznan.pl\/index.php\/wp-json\/wp\/v2\/posts\/24926\/revisions"}],"predecessor-version":[{"id":24936,"href":"https:\/\/wartapoznan.pl\/index.php\/wp-json\/wp\/v2\/posts\/24926\/revisions\/24936"}],"wp:featuredmedia":[{"embeddable":true,"href":"https:\/\/wartapoznan.pl\/index.php\/wp-json\/wp\/v2\/media\/24934"}],"wp:attachment":[{"href":"https:\/\/wartapoznan.pl\/index.php\/wp-json\/wp\/v2\/media?parent=24926"}],"wp:term":[{"taxonomy":"category","embeddable":true,"href":"https:\/\/wartapoznan.pl\/index.php\/wp-json\/wp\/v2\/categories?post=24926"},{"taxonomy":"post_tag","embeddable":true,"href":"https:\/\/wartapoznan.pl\/index.php\/wp-json\/wp\/v2\/tags?post=24926"}],"curies":[{"name":"wp","href":"https:\/\/api.w.org\/{rel}","templated":true}]}}