{"id":24944,"date":"2023-04-25T08:30:01","date_gmt":"2023-04-25T06:30:01","guid":{"rendered":"https:\/\/wartapoznan.pl\/?p=24944"},"modified":"2023-04-24T16:34:17","modified_gmt":"2023-04-24T14:34:17","slug":"najskuteczniejsi-w-warcie-poznan-po-29-kolejce-pko-bank-polski-ekstraklasy-2","status":"publish","type":"post","link":"https:\/\/wartapoznan.pl\/index.php\/2023\/04\/25\/najskuteczniejsi-w-warcie-poznan-po-29-kolejce-pko-bank-polski-ekstraklasy-2\/","title":{"rendered":"Najskuteczniejsi w Warcie Pozna\u0144 \u2013 po 29. kolejce PKO Bank Polski Ekstraklasy"},"content":{"rendered":"<p><strong>Dzi\u0119ki bramce zdobytej w drugim meczu z rz\u0119du Adam Zrelak ma ju\u017c teraz wi\u0119cej punkt\u00f3w w klasyfikacji kanadyjskiej ni\u017c w ca\u0142ym poprzednim sezonie. Pi\u0105t\u0105 ju\u017c asyst\u0119 zanotowa\u0142 w rozgrywkach wychowanek \u201eZielonych\u201d, Kajetan Szmyt.<\/strong><\/p>\n<p>Adam Zrelak wyst\u0119puje w Warcie Pozna\u0144 od ponad 2 lat. Pierwsze p\u00f3\u0142rocze \u2013 wiosn\u0105 2021 \u2013 mia\u0142 nieudane. Dochodzi\u0142 do siebie po urazie i w efekcie w \u017cadnym z o\u015bmiu wyst\u0119p\u00f3w tamtego sezonu nie trafi\u0142 do siatki. W sezonie 2021\/22 reprezentant S\u0142owacji by\u0142 ju\u017c najlepszym strzelcem zespo\u0142u \u2013 zdoby\u0142 9 bramek, a 2 kolejne wypracowa\u0142. W sumie z 11 punktami wygra\u0142 klubow\u0105 klasyfikacj\u0119 kanadyjsk\u0105.<\/p>\n<p>W bie\u017c\u0105cych rozgrywkach Adam Zrelak nadal jest liderem ofensywy \u201eZielonych\u201d. W pi\u0105tek strzeli\u0142 gola w drugim kolejnym meczu \u2013 tak jak tydzie\u0144 wcze\u015bniej w starciu ze \u015al\u0105skiem Wroc\u0142aw, tak\u017ce by\u0142o to pierwsze trafienie zespo\u0142u. To ju\u017c \u00f3smy gol S\u0142owaka w tym sezonie PKO Bank Polski Ekstraklasy. Do wyr\u00f3wnania osi\u0105gni\u0119cia sprzed roku brakuje mu wi\u0119c ju\u017c tylko jednego trafienia, a dw\u00f3ch do powt\u00f3rzenia swojego najlepszego wyniku, czyli 10 goli w sezonie 2014\/15 dla MFK Ru\u017comberok i Slovana Bratys\u0142awa.<\/p>\n<p>Opr\u00f3cz o\u015bmiu zdobytych bramek Adam Zrelak ma jeszcze cztery asysty \u2013 w sumie to 12 punkt\u00f3w, czyli o 1 wi\u0119cej ni\u017c w minionym sezonie. Ponadto, 17 goli strzelonych podczas wyst\u0119p\u00f3w w Warcie Pozna\u0144 zr\u00f3wnuje napastnika \u201eZielonych\u201d z Mateuszem Kupczakiem. \u017baden z obecnych zawodnik\u00f3w w kadrze pierwszej dru\u017cyny nie zdoby\u0142 wi\u0119cej bramek.<\/p>\n<p><img loading=\"lazy\" decoding=\"async\" width=\"1500\" height=\"1000\" class=\"aligncenter size-full wp-image-24947\" src=\"https:\/\/wartapoznan.pl\/wp-content\/uploads\/2023\/04\/B41A5486_www.jpg\" alt=\"Warta Pozna\u0144 - Legia Warszawa 1:0. Kajetan Szmyt\" srcset=\"https:\/\/wartapoznan.pl\/wp-content\/uploads\/2023\/04\/B41A5486_www.jpg 1500w, https:\/\/wartapoznan.pl\/wp-content\/uploads\/2023\/04\/B41A5486_www-300x200.jpg 300w, https:\/\/wartapoznan.pl\/wp-content\/uploads\/2023\/04\/B41A5486_www-128x85.jpg 128w, https:\/\/wartapoznan.pl\/wp-content\/uploads\/2023\/04\/B41A5486_www-32x21.jpg 32w\" sizes=\"(max-width: 1500px) 100vw, 1500px\" \/><\/p>\n<p>Coraz lepsze tzw. liczby ma Kajetan Szmyt, kt\u00f3ry w trzech kolejnych spotkaniach w Grodzisku Wlkp. strzeli\u0142 dwa gole i jednego wypracowa\u0142. To podaniu wychowanka Akademii Warty Pozna\u0144 bramkarza Legii Warszawa pokona\u0142 Adam Zrelak. Kajetan Szmyt, kt\u00f3ry jeszcze jesieni\u0105 z rzadka bra\u0142 udzia\u0142 w bramkowych akcjach Warty Pozna\u0144, teraz odgrywa znacz\u0105c\u0105 rol\u0119 w ofensywie. Wsp\u00f3lnie z Konradem Matuszewskim s\u0105 najlepszymi \u201easystentami\u201d w dru\u017cynie, a m\u0142ody awansowa\u0142 ponadto na czwarte miejsce klubowej punktacji kanadyjskiej.<\/p>\n<h4>Z czego jeszcze zapami\u0119tamy mecz Warta Pozna\u0144 \u2013 Legia Warszawa?<\/h4>\n<p>&#8211; Warta Pozna\u0144 odnios\u0142a drugie zwyci\u0119stwo nad Legi\u0105 Warszawa od powrotu do Ekstraklasy w 2020 roku; poprzednia wygrana \u2013 tak\u017ce 1:0 \u2013 mia\u0142a miejsce w rundzie wiosennej poprzedniego sezonu w pojedynku rozegranym na stadionie przy ul. \u0141azienkowskiej<\/p>\n<p>&#8211; To zarazem pierwsze domowe zwyci\u0119stwo ze sto\u0142eczn\u0105 dru\u017cyn\u0105 od wiosny 1995 roku, kiedy poznaniacy pokonali Legi\u0119 1:0 na stadionie im. Edmunda Szyca; gola strzeli\u0142 w\u00f3wczas Czes\u0142aw Jako\u0142cewicz<\/p>\n<p>&#8211; w 34 meczach Ekstraklasy pomi\u0119dzy Wart\u0105 Pozna\u0144 i Legi\u0105 Warszawa pad\u0142 tylko jeden remis (0:0 w sezonie 1993\/94, rywale wygrali 19 razy, a pi\u0105tkowe zwyci\u0119stwo by\u0142o 14. triumfem \u201eZielonych\u201d; bilans bramek \u2013 66:57 \u2013 jest korzystny dla zespo\u0142u z Warszawy<\/p>\n<p>&#8211; Warta Pozna\u0144 pozostaje niepokonana na stadionie w Grodzisku Wlkp. od jedenastu spotka\u0144 \u2013 od pocz\u0105tku wrze\u015bnia wygra\u0142a tam pi\u0119\u0107 mecz\u00f3w, w tym trzy ostatnie z rz\u0119du i cztery z siedmiu w tym roku<\/p>\n<p>&#8211; Adrian Lis zanotowa\u0142 dziesi\u0105ty mecz bez wpuszczonej bramki; wi\u0119cej czystych kont od niego ma tylko czterech bramkarzy w Ekstraklasie<\/p>\n<p>&#8211; tylko 26 straconych bramek w 29 meczach sprawia, \u017ce Warta Pozna\u0144 ma drug\u0105 najlepsz\u0105 defensyw\u0119 w lidze; mniej goli straci\u0142 tylko lider, Rak\u00f3w Cz\u0119stochowa (19)<\/p>\n<p>&#8211; W pi\u0105tek byli\u015bmy \u015bwiadkami kilku jubileuszowych wyst\u0119p\u00f3w. Jan Grzesik rozegra\u0142 90. oficjalny mecz w barwach Warty Pozna\u0144, Dawid Szymonowicz wyst\u0105pi\u0142 po raz 50., Niilo Maenpaa po raz 40., Dimitris Stavropoulos po raz 30., a dla Stefana Savicia by\u0142o to dziesi\u0105te spotkanie w zespole \u201eZielonych\u201d.<\/p>\n<p><strong>BRAMKI:<\/strong><br \/>\n<strong>8 &#8211; Adam Zrelak (+1)<\/strong><br \/>\n5 &#8211; Jan Grzesik (1 \u2013 w Pucharze Polski)<br \/>\n4 &#8211; Maciej \u017burawski, Mi\u0142osz Szczepa\u0144ski<br \/>\n3 &#8211; Miguel Luis, Dimitris Stavropoulos (1)<br \/>\n2 &#8211; Enis Destan (1), Kajetan Szmyt<br \/>\n1 &#8211; Micha\u0142 Kopczy\u0144ski, Dawid Szymonowicz, Milan Corryn, Robert Ivanov, Stefan Savi\u0107.<\/p>\n<p><strong>ASYSTY:<\/strong><br \/>\n<strong>5 &#8211; <\/strong><strong>Konrad Matuszewski, Kajetan Szmyt (1) +1<\/strong><br \/>\n4 &#8211; Jan Grzesik, Adam Zrelak, Mi\u0142osz Szczepa\u0144ski<br \/>\n3 &#8211; Mateusz Kupczak (1), Maciej \u017burawski, Niilo Maenpaa<strong><br \/>\n<\/strong>1 \u2013 Jakub Kie\u0142b.<\/p>\n<p><strong>PUNKTACJA KANADYJSKA<\/strong><br \/>\n<strong>12 \u2013 Adam Zrelak<\/strong><br \/>\n9 \u2013 Jan Grzesik<br \/>\n8 \u2013 Mi\u0142osz Szczepa\u0144ski<strong><br \/>\n<\/strong>7 &#8211; Maciej \u017burawski, Kajetan Szmyt<br \/>\n5 &#8211; Konrad Matuszewski<br \/>\n3 &#8211; Mateusz Kupczak, Miguel Luis, Dimitris Stavropoulos, Niilo Maenpaa<br \/>\n2 &#8211; Enis Destan<br \/>\n1 \u2013 Jakub Kie\u0142b, Micha\u0142 Kopczy\u0144ski, Dawid Szymonowicz, Milan Corryn, Robert Ivanov, Stefan Savi\u0107.<\/p>\n<p><strong>CZYSTE KONTA<\/strong><br \/>\n<strong>Adrian Lis &#8211; 10 (w 25 meczach)<\/strong><br \/>\nJ\u0119drzej Grobelny \u2013 4 (7).<\/p>\n","protected":false},"excerpt":{"rendered":"<p>Dzi\u0119ki bramce zdobytej w drugim meczu z rz\u0119du Adam Zrelak ma ju\u017c teraz wi\u0119cej punkt\u00f3w w klasyfikacji kanadyjskiej ni\u017c w&#8230;<\/p>\n","protected":false},"author":36,"featured_media":24946,"comment_status":"closed","ping_status":"closed","sticky":false,"template":"","format":"standard","meta":{"om_disable_all_campaigns":false,"inline_featured_image":false,"footnotes":"","_links_to":"","_links_to_target":""},"categories":[94,100,245,1],"tags":[],"aioseo_notices":[],"_links":{"self":[{"href":"https:\/\/wartapoznan.pl\/index.php\/wp-json\/wp\/v2\/posts\/24944"}],"collection":[{"href":"https:\/\/wartapoznan.pl\/index.php\/wp-json\/wp\/v2\/posts"}],"about":[{"href":"https:\/\/wartapoznan.pl\/index.php\/wp-json\/wp\/v2\/types\/post"}],"author":[{"embeddable":true,"href":"https:\/\/wartapoznan.pl\/index.php\/wp-json\/wp\/v2\/users\/36"}],"replies":[{"embeddable":true,"href":"https:\/\/wartapoznan.pl\/index.php\/wp-json\/wp\/v2\/comments?post=24944"}],"version-history":[{"count":2,"href":"https:\/\/wartapoznan.pl\/index.php\/wp-json\/wp\/v2\/posts\/24944\/revisions"}],"predecessor-version":[{"id":24948,"href":"https:\/\/wartapoznan.pl\/index.php\/wp-json\/wp\/v2\/posts\/24944\/revisions\/24948"}],"wp:featuredmedia":[{"embeddable":true,"href":"https:\/\/wartapoznan.pl\/index.php\/wp-json\/wp\/v2\/media\/24946"}],"wp:attachment":[{"href":"https:\/\/wartapoznan.pl\/index.php\/wp-json\/wp\/v2\/media?parent=24944"}],"wp:term":[{"taxonomy":"category","embeddable":true,"href":"https:\/\/wartapoznan.pl\/index.php\/wp-json\/wp\/v2\/categories?post=24944"},{"taxonomy":"post_tag","embeddable":true,"href":"https:\/\/wartapoznan.pl\/index.php\/wp-json\/wp\/v2\/tags?post=24944"}],"curies":[{"name":"wp","href":"https:\/\/api.w.org\/{rel}","templated":true}]}}