{"id":24968,"date":"2023-04-26T18:42:04","date_gmt":"2023-04-26T16:42:04","guid":{"rendered":"https:\/\/wartapoznan.pl\/?p=24968"},"modified":"2023-04-26T18:42:04","modified_gmt":"2023-04-26T16:42:04","slug":"warta-poznan-przegrala-sparing-z-polonia-sroda-wlkp","status":"publish","type":"post","link":"https:\/\/wartapoznan.pl\/index.php\/2023\/04\/26\/warta-poznan-przegrala-sparing-z-polonia-sroda-wlkp\/","title":{"rendered":"Warta Pozna\u0144 przegra\u0142a sparing z Poloni\u0105 \u015aroda Wlkp."},"content":{"rendered":"<p><strong>Bramki stracone w ko\u0144c\u00f3wce spotkania przes\u0105dzi\u0142y o pora\u017cce Warty Pozna\u0144 z Poloni\u0105 \u015aroda Wlkp. w sparingu rozegranym w \u015brodowe popo\u0142udnie na jej stadionie. Po raz pierwszy po p\u00f3\u0142torarocznej przerwie pojawi\u0142 na boisku pojawi\u0142 si\u0119 Bartosz Kieliba.<\/strong><\/p>\n<p>Wieloletni kapitan \u201eZielonych\u201d i jedyny pi\u0142karz z obecnej kadry, kt\u00f3ry przeszed\u0142 z Wart\u0105 Pozna\u0144 drog\u0119 z III ligi do Ekstraklasy, przez kilkana\u015bcie miesi\u0119cy leczy\u0142 kontuzje i przechodzi\u0142 rehabilitacje po zabiegach. W kwietniu wr\u00f3ci\u0142 do trening\u00f3w z zespo\u0142em, a w \u015brod\u0119 trener Dawid Szulczek wystawi\u0142 Bartosza Kielib\u0119 w sk\u0142adzie na sparingowy mecz z Poloni\u0105 \u015aroda Wlkp., trzecim zespo\u0142em w tabeli grupy 2 III ligi.<\/p>\n<p>Do\u015bwiadczony obro\u0144ca gra\u0142 przez 45 minut, podobnie jak inny rekonwalescent, Mateusz Kupczak, dla kt\u00f3rego by\u0142 to pierwszy wyst\u0119p w tym roku. W wyj\u015bciowej jedenastce znalaz\u0142o si\u0119 tylko dw\u00f3ch pi\u0142karzy, kt\u00f3rzy w tej rundzie zagrali w PKO Bank Polski Ekstraklasie: Kamil Ko\u015bcielny i Enis Destan. Pierwszy z nich zdoby\u0142 jedyn\u0105 bramk\u0119 przed przerw\u0105 \u2013 po zagraniu z lewej strony przez Mi\u0142osza W\u00f3deckiego Kamil Ko\u015bcielny pos\u0142a\u0142 pi\u0142k\u0119 pod poprzeczk\u0119 bramki rywali.<\/p>\n<p><img loading=\"lazy\" decoding=\"async\" width=\"1500\" height=\"996\" class=\"aligncenter size-full wp-image-24969\" src=\"https:\/\/wartapoznan.pl\/wp-content\/uploads\/2023\/04\/Sparing-Polonia-Sroda-Warta-6860_www.jpg\" alt=\"Polonia \u015aroda Wlkp. - Warta Pozna\u0144 2:1 w sparingu. Mateusz Kupczak\" srcset=\"https:\/\/wartapoznan.pl\/wp-content\/uploads\/2023\/04\/Sparing-Polonia-Sroda-Warta-6860_www.jpg 1500w, https:\/\/wartapoznan.pl\/wp-content\/uploads\/2023\/04\/Sparing-Polonia-Sroda-Warta-6860_www-300x199.jpg 300w, https:\/\/wartapoznan.pl\/wp-content\/uploads\/2023\/04\/Sparing-Polonia-Sroda-Warta-6860_www-128x85.jpg 128w, https:\/\/wartapoznan.pl\/wp-content\/uploads\/2023\/04\/Sparing-Polonia-Sroda-Warta-6860_www-32x21.jpg 32w\" sizes=\"(max-width: 1500px) 100vw, 1500px\" \/><\/p>\n<p>Do przerwy \u201eWarciarze\u201d powinni prowadzi\u0107 wy\u017cej, ale w dogodnych sytuacjach minimalnie pud\u0142owali Wiktor Kami\u0144ski i Enis Destan, a Szymon Sarbinowski przegra\u0142 pojedynek z bramkarzem gospodarzy. Ju\u017c przy stanie 1:0 Kamil Ko\u015bcielny m\u00f3g\u0142 podwy\u017cszy\u0107 prowadzenie, ale jego strza\u0142 obroni\u0142 bramkarz, a po dobitce Wiktora Kami\u0144skiego pi\u0142k\u0119 sprzed linii bramkowej wybi\u0142 obro\u0144ca Polonii.<\/p>\n<p>W drugiej po\u0142owie w zespole \u201eZielonych\u201d byli ju\u017c w wi\u0119kszo\u015bci m\u0142odzi zawodnicy z Akademii Warty Pozna\u0144. J\u0119drzej Grobelny mia\u0142 coraz wi\u0119cej pracy, gdy\u017c Polonia zacz\u0119\u0142a dochodzi\u0107 do sytuacji strzeleckich. Bramki dla niej pad\u0142y w samej ko\u0144c\u00f3wce, kr\u00f3tko po tym, jak zeszli ju\u017c ostatni gracze z pola, kt\u00f3rzy w tym sezonie zagrali w Ekstraklasie, czyli Enis Destan i Kamil Ko\u015bcielny.<\/p>\n<p>Gol na 1:1 by\u0142 efektem strza\u0142u w g\u00f3rny r\u00f3g bramki, a kr\u00f3tko potem Polonia zapewni\u0142a sobie wygran\u0105. J\u0119drzej Grobelny interweniowa\u0142 po strzale i odbi\u0142 pi\u0142k\u0119, ale ta mimo to wyl\u0105dowa\u0142a w siatce.<\/p>\n<p><strong>POLONIA \u015aRODA WLKP. \u2013 WARTA POZNA\u0143 2:1 (0:1)<\/strong><br \/>\n<strong>Bramki:<\/strong> 0:1 Kamil Ko\u015bcielny (41. minuta) 1:1 (82.), 2:1 (85.)<br \/>\n<strong>Warta Pozna\u0144:<\/strong> J\u0119drzej Grobelny \u2013 Filip Jakubowski, Bartosz Kieliba (46. Aleksander Kultys), Nikolas Korzeniecki \u2013 Kamil Ko\u015bcielny (75. Alan Rudawski), Mateusz Kupczak (46. Mateusz Lechowicz), Mi\u0142osz W\u00f3decki (60. Miko\u0142aj Stangel), Jakub Wajman (75. Kamil Janik)\u2013 Szymon Sarbinowski (60. Wiktor Kami\u0144ski), Wiktor Kami\u0144ski (46. Igor Sta\u0144czak)\u2013 Enis Destan (75. Mi\u0142osz W\u00f3decki).<br \/>\n<strong>S\u0119dziowa\u0142<\/strong> Piotr Idzik<\/p>\n","protected":false},"excerpt":{"rendered":"<p>Bramki stracone w ko\u0144c\u00f3wce spotkania przes\u0105dzi\u0142y o pora\u017cce Warty Pozna\u0144 z Poloni\u0105 \u015aroda Wlkp. w sparingu rozegranym w \u015brodowe popo\u0142udnie&#8230;<\/p>\n","protected":false},"author":36,"featured_media":24970,"comment_status":"closed","ping_status":"closed","sticky":false,"template":"","format":"standard","meta":{"om_disable_all_campaigns":false,"inline_featured_image":false,"footnotes":"","_links_to":"","_links_to_target":""},"categories":[94,100,1],"tags":[],"aioseo_notices":[],"_links":{"self":[{"href":"https:\/\/wartapoznan.pl\/index.php\/wp-json\/wp\/v2\/posts\/24968"}],"collection":[{"href":"https:\/\/wartapoznan.pl\/index.php\/wp-json\/wp\/v2\/posts"}],"about":[{"href":"https:\/\/wartapoznan.pl\/index.php\/wp-json\/wp\/v2\/types\/post"}],"author":[{"embeddable":true,"href":"https:\/\/wartapoznan.pl\/index.php\/wp-json\/wp\/v2\/users\/36"}],"replies":[{"embeddable":true,"href":"https:\/\/wartapoznan.pl\/index.php\/wp-json\/wp\/v2\/comments?post=24968"}],"version-history":[{"count":1,"href":"https:\/\/wartapoznan.pl\/index.php\/wp-json\/wp\/v2\/posts\/24968\/revisions"}],"predecessor-version":[{"id":24971,"href":"https:\/\/wartapoznan.pl\/index.php\/wp-json\/wp\/v2\/posts\/24968\/revisions\/24971"}],"wp:featuredmedia":[{"embeddable":true,"href":"https:\/\/wartapoznan.pl\/index.php\/wp-json\/wp\/v2\/media\/24970"}],"wp:attachment":[{"href":"https:\/\/wartapoznan.pl\/index.php\/wp-json\/wp\/v2\/media?parent=24968"}],"wp:term":[{"taxonomy":"category","embeddable":true,"href":"https:\/\/wartapoznan.pl\/index.php\/wp-json\/wp\/v2\/categories?post=24968"},{"taxonomy":"post_tag","embeddable":true,"href":"https:\/\/wartapoznan.pl\/index.php\/wp-json\/wp\/v2\/tags?post=24968"}],"curies":[{"name":"wp","href":"https:\/\/api.w.org\/{rel}","templated":true}]}}