{"id":24992,"date":"2023-04-29T18:16:45","date_gmt":"2023-04-29T16:16:45","guid":{"rendered":"https:\/\/wartapoznan.pl\/?p=24992"},"modified":"2023-04-29T18:16:45","modified_gmt":"2023-04-29T16:16:45","slug":"warta-poznan-przegrala-z-jagiellonia-bialystok-decydujace-pol-godziny","status":"publish","type":"post","link":"https:\/\/wartapoznan.pl\/index.php\/2023\/04\/29\/warta-poznan-przegrala-z-jagiellonia-bialystok-decydujace-pol-godziny\/","title":{"rendered":"Warta Pozna\u0144 przegra\u0142a z Jagielloni\u0105 Bia\u0142ystok \u2013 decyduj\u0105ce p\u00f3\u0142 godziny"},"content":{"rendered":"<p><strong>Nie uda\u0142o si\u0119 pi\u0142karzom Warty Pozna\u0144 odnie\u015b\u0107 trzeciego z rz\u0119du zwyci\u0119stwa \u2013 w meczu 30. Kolejki PKO Bank Polski Ekstraklasy \u201eZieloni\u201d ulegli w Bia\u0142ymstoku Jagiellonii 1:3 po bramkach straconych w pierwszych 31 minutach. Poznaniacy ko\u0144czyli spotkanie z tylko jednym podstawowym obro\u0144c\u0105.<\/strong><\/p>\n<p>Nie ma szcz\u0119\u015bcia zesp\u00f3\u0142 trenera Dawida Szulczka na stadionie w Bia\u0142ymstoku. Przed rokiem Warta Pozna\u0144 prowadzi\u0142a tu 1:0, rywale grali w dziesi\u0105tk\u0119, a mimo to uda\u0142o im si\u0119 wyr\u00f3wna\u0107 i zdoby\u0107 punkt. Tamten i ten mecz z Jagielloni\u0105 \u0142\u0105cz\u0105 jeszcze koszmarne kontuzje. W marcu 2022 roku z boiska do szpitala z rozbitym nosem trafi\u0142 Micha\u0142 Kopczy\u0144ski. Teraz spotkanie zako\u0144czy\u0142o si\u0119 przedwcze\u015bnie dla Wiktora Ple\u015bnierowicza i Dimitrisa Stavropoulosa, kt\u00f3rzy zderzyli si\u0119 w walce o pi\u0142k\u0119 z Jesusem Imazem. O wiele gorzej sko\u0144czy\u0142o si\u0119 to dla Greka, kt\u00f3ry z rozci\u0119t\u0105 sk\u00f3r\u0105 na czole i z\u0142amanym nosem zosta\u0142 zabrany do szpitala na dok\u0142adne badanie g\u0142owy. Wiktor Ple\u015bnierowicz, na szcz\u0119\u015bcie, nie ucierpia\u0142 tak bardzo \u2013 ma rozci\u0119t\u0105 sk\u00f3r\u0119 w okolicach \u0142uku brwiowego.<\/p>\n<p>Je\u015bli dodamy do tego uraz Roberta Ivanova z meczu z Legi\u0105 Warszawa i nieobeco\u015b\u0107 Fina w kadrze na sobotnie spotkanie, to wyjdzie na to, \u017ce Warta Pozna\u0144 ko\u0144czy\u0142a mecz w Bia\u0142ymstoku z jednym tylko podstawowym obro\u0144c\u0105, Dawidem Szymonowiczem. Wymuszone zmiany pokrzy\u017cowa\u0142y wi\u0119c plany trenerowi Dawidowi Szulczkowi na ostatnie 20 minut meczu, gdy \u201eZieloni\u201d walczyli o odrobienie strat z pierwszej po\u0142owy.<\/p>\n<p>Jagiellonia mia\u0142a trzybramkow\u0105 przewag\u0119 ju\u017c po niewiele ponad p\u00f3\u0142 godzinie gry, mimo \u017ce tylko dwa razy celnie strzeli\u0142a na bramk\u0119 Adriana Lisa. Pozna\u0144ski bramkarz nie mia\u0142 szans przy p\u0142askim uderzeniu Marca Guala z 9. minuty gry i technicznym strzale z 31. minuty, gdy Nene pos\u0142a\u0142 pi\u0142k\u0119 do siatki tu\u017c przy s\u0142upku. W mi\u0119dzyczasie niefortunnie interweniowa\u0142 Dawid Szymonowicz \u2013 chcia\u0142 przeci\u0105\u0107 podanie przed bramk\u0119, ale skierowa\u0142 pi\u0142k\u0119 do w\u0142asnej siatki\u2026<\/p>\n<p>W pierwszych 45 minutach go\u015bcie nie zagrozili powa\u017cnie bramce Zlatana Alomerovicia. Minimalnie niecelnie z dystansu strzela\u0142 Wiktor Ple\u015bnierowicz, a w niez\u0142ej sytuacji przed bramk\u0105 Micha\u0142 Pazdan zablokowa\u0142 Adama Zrelaka.<\/p>\n<p>A\u017c do mniej wi\u0119cej 60. minuty nic nie zapowiada\u0142o tego, \u017ce Warta Pozna\u0144 b\u0119dzie w stanie strzeli\u0107 gola. Po godzinie gry, wprowadzony w przerwie Jan Grzesik dobrze wypatrzy\u0142 w polu karnym Adama Zrelaka, ale pi\u0142ce na drodze stan\u0105\u0142 Mi\u0142osz Matysik. Gdyby nie on, napastnik \u201eZielonych\u201d mia\u0142by idealn\u0105 okazj\u0119.<\/p>\n<p>Jedyna bramka dla go\u015bci pad\u0142a po sprytnym podaniu Kajetana Szmyta do Stefana Savicia. Ten pi\u0119knie przymierzy\u0142 w g\u00f3rny r\u00f3g i trafi\u0142 idealnie w tzw. okienko bramki Jagiellonii. Zlatan Alomerovi\u0107 by\u0142 bez szans na skuteczn\u0105 interwencj\u0119. Niestety, w innych sytuacjach, gdy w ko\u0144c\u00f3wce poznaniacy cz\u0119sto wstrzeliwali pi\u0142k\u0119 w pole karne, bramkarz bia\u0142ostoczan by\u0142 bezb\u0142\u0119dny.<\/p>\n<p>Po drugiej stronie boiska gro\u017anie zrobi\u0142o si\u0119 tylko raz \u2013 w 83. minucie Tomas Prikryl trafi\u0142 z dystansu w zewn\u0119trzn\u0105 cz\u0119\u015b\u0107 s\u0142upka.<\/p>\n<p><strong>JAGIELLONIA BIA\u0141YSTOK &#8211; WARTA POZNA\u0143 3:1 (3:0)<\/strong><br \/>\n<strong>Bramki:<\/strong> 1:0 Marc Gual (9. minuta), 2:0 Dawid Szymonowicz (17., sam.), 3:0 Nene (31.), 3:1 Stefan Savi\u0107 (81.)<br \/>\n<strong>Warta Pozna\u0144:<\/strong> Adrian Lis \u2013 Dimitris Stavropoulos (70. Micha\u0142 Kopczy\u0144ski), Dawid Szymonowicz, Wiktor Ple\u015bnierowicz (70. Kamil Ko\u015bcielny) &#8211; Jakub Kie\u0142b <strong>\u017b<\/strong> (46. Jan Grzesik), Niilo Maenpaa <strong>\u017b<\/strong> (78. Mateusz Kupczak), Maciej \u017burawski (70. Miguel Luis), Konrad Matuszewski &#8211; 24. Kajetan Szmyt, Stefan Savi\u0107 &#8211; Adam Zrelak.<br \/>\n<strong>S\u0119dziowa\u0142<\/strong> Pawe\u0142 Malec z \u0141odzi<br \/>\n<strong>Widz\u00f3w: 8481.<\/strong><\/p>\n","protected":false},"excerpt":{"rendered":"<p>Nie uda\u0142o si\u0119 pi\u0142karzom Warty Pozna\u0144 odnie\u015b\u0107 trzeciego z rz\u0119du zwyci\u0119stwa \u2013 w meczu 30. Kolejki PKO Bank Polski Ekstraklasy&#8230;<\/p>\n","protected":false},"author":36,"featured_media":24994,"comment_status":"closed","ping_status":"closed","sticky":false,"template":"","format":"standard","meta":{"om_disable_all_campaigns":false,"inline_featured_image":false,"footnotes":"","_links_to":"","_links_to_target":""},"categories":[94,100,245,1],"tags":[],"aioseo_notices":[],"_links":{"self":[{"href":"https:\/\/wartapoznan.pl\/index.php\/wp-json\/wp\/v2\/posts\/24992"}],"collection":[{"href":"https:\/\/wartapoznan.pl\/index.php\/wp-json\/wp\/v2\/posts"}],"about":[{"href":"https:\/\/wartapoznan.pl\/index.php\/wp-json\/wp\/v2\/types\/post"}],"author":[{"embeddable":true,"href":"https:\/\/wartapoznan.pl\/index.php\/wp-json\/wp\/v2\/users\/36"}],"replies":[{"embeddable":true,"href":"https:\/\/wartapoznan.pl\/index.php\/wp-json\/wp\/v2\/comments?post=24992"}],"version-history":[{"count":1,"href":"https:\/\/wartapoznan.pl\/index.php\/wp-json\/wp\/v2\/posts\/24992\/revisions"}],"predecessor-version":[{"id":24993,"href":"https:\/\/wartapoznan.pl\/index.php\/wp-json\/wp\/v2\/posts\/24992\/revisions\/24993"}],"wp:featuredmedia":[{"embeddable":true,"href":"https:\/\/wartapoznan.pl\/index.php\/wp-json\/wp\/v2\/media\/24994"}],"wp:attachment":[{"href":"https:\/\/wartapoznan.pl\/index.php\/wp-json\/wp\/v2\/media?parent=24992"}],"wp:term":[{"taxonomy":"category","embeddable":true,"href":"https:\/\/wartapoznan.pl\/index.php\/wp-json\/wp\/v2\/categories?post=24992"},{"taxonomy":"post_tag","embeddable":true,"href":"https:\/\/wartapoznan.pl\/index.php\/wp-json\/wp\/v2\/tags?post=24992"}],"curies":[{"name":"wp","href":"https:\/\/api.w.org\/{rel}","templated":true}]}}