{"id":25430,"date":"2023-06-12T11:56:05","date_gmt":"2023-06-12T09:56:05","guid":{"rendered":"https:\/\/wartapoznan.pl\/?p=25430"},"modified":"2023-06-12T11:56:05","modified_gmt":"2023-06-12T09:56:05","slug":"alezasadzil-posadzimy-4400-drzew-za-gole-strzelone-przez-pilkarzy-warty-poznan","status":"publish","type":"post","link":"https:\/\/wartapoznan.pl\/index.php\/2023\/06\/12\/alezasadzil-posadzimy-4400-drzew-za-gole-strzelone-przez-pilkarzy-warty-poznan\/","title":{"rendered":"#AleZasadzi\u0142! \u2013 posadzimy 4400 drzew za gole strzelone przez pi\u0142karzy Warty Pozna\u0144"},"content":{"rendered":"<p><strong>Dok\u0142adnie 4400 drzew \u2013 po 110 za ka\u017cd\u0105 bramk\u0119 zdobyt\u0105 w tym sezonie przez pi\u0142karzy Warty Pozna\u0144 \u2013 posadzimy jesieni\u0105 podczas fina\u0142u drugiej edycji akcji \u201eAle Zasadzi\u0142!\u201d. Prowadzimy j\u0105 wsp\u00f3lnie z Regionaln\u0105 Dyrekcj\u0105 Las\u00f3w Pa\u0144stwowych w Poznaniu.<\/strong><\/p>\n<p>Z pierwsz\u0105 edycj\u0105 akcji \u201eAleZasadzi\u0142!\u201d wystartowali\u015bmy w sezonie 2021\/22. Chodzi\u0142o o to, \u017ceby kibice \u201eZielonych\u201d mieli dodatkowy pow\u00f3d do tego, \u017ceby \u015bciska\u0107 kciuki za gole pi\u0142karzy Warty Pozna\u0144 \u2013 nie tylko dawa\u0142y one zwyci\u0119stwa i remisy w oficjalnych meczach, ale pozwoli\u0142y one r\u00f3wnie\u017c stworzy\u0107 m\u0142ody las w Nadle\u015bnictwie \u0141opuch\u00f3wko. We wrze\u015bniu ubieg\u0142ego roku trenerzy i zawodnicy pierwszego zespo\u0142u oraz Akademii Warty Pozna\u0144 wzi\u0119li tam udzia\u0142 w pikniku, w trakcie kt\u00f3rego posadzono 3710 drzew. By\u0142o to mo\u017cliwe dzi\u0119ki wsparciu i zaanga\u017cowaniu pracownik\u00f3w Regionalnej Dyrekcji Las\u00f3w Pa\u0144stwowych w Poznaniu, kt\u00f3ra jest partnerem \u201eAle Zasadzi\u0142!\u201d.<\/p>\n<p>W zako\u0144czonym niedawno sezonie pi\u0142karze trenera Dawida Szulczka przebili ubieg\u0142oroczny wynik. W rozgrywkach PKO Bank Polski Ekstraklasy zdobyli 37 bramek, a 3 kolejne do\u0142o\u017cyli w meczach Fortuna Pucharu Polski. \u0141\u0105cznie to 40 trafie\u0144, kt\u00f3re prze\u0142o\u017cy\u0142y si\u0119 na 4400 drzew.<\/p>\n<p><img loading=\"lazy\" decoding=\"async\" width=\"1000\" height=\"1000\" class=\"aligncenter size-full wp-image-25431\" src=\"https:\/\/wartapoznan.pl\/wp-content\/uploads\/2023\/06\/ale_zasadzil_2022_2023_www.jpg\" alt=\"Ale Zasadzi\u0142 - akcja Warty Pozna\u0144\" srcset=\"https:\/\/wartapoznan.pl\/wp-content\/uploads\/2023\/06\/ale_zasadzil_2022_2023_www.jpg 1000w, https:\/\/wartapoznan.pl\/wp-content\/uploads\/2023\/06\/ale_zasadzil_2022_2023_www-300x300.jpg 300w, https:\/\/wartapoznan.pl\/wp-content\/uploads\/2023\/06\/ale_zasadzil_2022_2023_www-128x128.jpg 128w, https:\/\/wartapoznan.pl\/wp-content\/uploads\/2023\/06\/ale_zasadzil_2022_2023_www-32x32.jpg 32w\" sizes=\"(max-width: 1000px) 100vw, 1000px\" \/><\/p>\n<p>&#8211; <em>Gratulujemy klubowi Warta Pozna\u0144 kolejnego sezonu, kt\u00f3rego efektem b\u0119dzie zasadzenie \u0142\u0105cznie 4400 sadzonek. Tym razem jesieni\u0105 posadzimy m\u0142ode pokolenie lasu w Nadle\u015bnictwie Konstantynowo m.in. d\u0119by i lipy. D\u0105b to gatunek d\u0142ugowieczny, b\u0119d\u0105cy symbolem si\u0142y i trwa\u0142o\u015bci. Z kolei lipa to drzewo miododajne, z kt\u00f3rego bardzo ch\u0119tnie korzystaj\u0105 pszczo\u0142y<\/em> &#8211; wyja\u015bnia Dyrektor Regionalnej Dyrekcji Las\u00f3w Pa\u0144stwowych w Poznaniu, dr in\u017c. Andrzej Konieczny i dodaje: &#8211; <em>Drzewa od pokole\u0144 fascynuj\u0105 ludzi, s\u0105 \u017ar\u00f3d\u0142em inspiracji i pe\u0142ni\u0105 wiele dobroczynnych funkcji. Lasy tworz\u0105 ostoj\u0119 bior\u00f3\u017cnorodno\u015bci oraz odgrywaj\u0105 nieocenion\u0105 rol\u0119 w kszta\u0142towaniu klimatu. Le\u015bnicy od pokole\u0144 piel\u0119gnuj\u0105 lasy, dzi\u0119ki czemu ich powierzchnia w Polsce zwi\u0119kszy\u0142a si\u0119 z 20% w 1946 roku do 30% w roku 2020. W ubieg\u0142ym roku na terenie pozna\u0144skiej dyrekcji Las\u00f3w Pa\u0144stwowych le\u015bnicy posadzili blisko 32 miliony nowych drzew, co odpowiada 60 sadzonkom na jednego mieszka\u0144ca Poznania.<\/em><\/p>\n<p>Podsumowanie drugiej edycji akcji \u201eAle Zasadzi\u0142!\u201d jest zaplanowane na jesie\u0144 i prawdopodobnie odb\u0119dzie si\u0119 w pa\u017adzierniku, kiedy to panuj\u0105 najbardziej sprzyjaj\u0105ce warunki pogodowe do nasadze\u0144 drzew. O konkretnym terminie poinformujemy z wyprzedzeniem, tak aby r\u00f3wnie\u017c kibice \u201eZielonych\u201d mogli wzi\u0105\u0107 udzia\u0142 w tym wydarzeniu.<\/p>\n","protected":false},"excerpt":{"rendered":"<p>Dok\u0142adnie 4400 drzew \u2013 po 110 za ka\u017cd\u0105 bramk\u0119 zdobyt\u0105 w tym sezonie przez pi\u0142karzy Warty Pozna\u0144 \u2013 posadzimy jesieni\u0105&#8230;<\/p>\n","protected":false},"author":36,"featured_media":25432,"comment_status":"closed","ping_status":"closed","sticky":false,"template":"","format":"standard","meta":{"om_disable_all_campaigns":false,"inline_featured_image":false,"footnotes":"","_links_to":"","_links_to_target":""},"categories":[94,100,1],"tags":[],"aioseo_notices":[],"_links":{"self":[{"href":"https:\/\/wartapoznan.pl\/index.php\/wp-json\/wp\/v2\/posts\/25430"}],"collection":[{"href":"https:\/\/wartapoznan.pl\/index.php\/wp-json\/wp\/v2\/posts"}],"about":[{"href":"https:\/\/wartapoznan.pl\/index.php\/wp-json\/wp\/v2\/types\/post"}],"author":[{"embeddable":true,"href":"https:\/\/wartapoznan.pl\/index.php\/wp-json\/wp\/v2\/users\/36"}],"replies":[{"embeddable":true,"href":"https:\/\/wartapoznan.pl\/index.php\/wp-json\/wp\/v2\/comments?post=25430"}],"version-history":[{"count":1,"href":"https:\/\/wartapoznan.pl\/index.php\/wp-json\/wp\/v2\/posts\/25430\/revisions"}],"predecessor-version":[{"id":25433,"href":"https:\/\/wartapoznan.pl\/index.php\/wp-json\/wp\/v2\/posts\/25430\/revisions\/25433"}],"wp:featuredmedia":[{"embeddable":true,"href":"https:\/\/wartapoznan.pl\/index.php\/wp-json\/wp\/v2\/media\/25432"}],"wp:attachment":[{"href":"https:\/\/wartapoznan.pl\/index.php\/wp-json\/wp\/v2\/media?parent=25430"}],"wp:term":[{"taxonomy":"category","embeddable":true,"href":"https:\/\/wartapoznan.pl\/index.php\/wp-json\/wp\/v2\/categories?post=25430"},{"taxonomy":"post_tag","embeddable":true,"href":"https:\/\/wartapoznan.pl\/index.php\/wp-json\/wp\/v2\/tags?post=25430"}],"curies":[{"name":"wp","href":"https:\/\/api.w.org\/{rel}","templated":true}]}}