{"id":25438,"date":"2023-06-13T20:38:03","date_gmt":"2023-06-13T18:38:03","guid":{"rendered":"https:\/\/wartapoznan.pl\/?p=25438"},"modified":"2023-06-13T20:38:03","modified_gmt":"2023-06-13T18:38:03","slug":"wyniki-gier-akademii-warty-poznan","status":"publish","type":"post","link":"https:\/\/wartapoznan.pl\/index.php\/2023\/06\/13\/wyniki-gier-akademii-warty-poznan\/","title":{"rendered":"Wyniki gier Akademii Warty Pozna\u0144"},"content":{"rendered":"<p><strong>Za nami jedna z ostatnich serii gier w wykonaniu zespo\u0142\u00f3w Akademii Warty Pozna\u0144 w sezonie 2022\/2023. Zesz\u0142y tydzie\u0144 przyni\u00f3s\u0142 nam kilka rozstrzygni\u0119\u0107, ale najwa\u017cniejsz\u0105 wiadomo\u015bci\u0105 by\u0142o si\u0119gniecie po br\u0105zowe medale w Centralnej Lidze Juniorek przez nasz zesp\u00f3\u0142 kobiecy do lat 17.<\/strong><\/p>\n<p><strong>Warta Pozna\u0144 2:4 G\u00f3rnik \u0141\u0119czna<\/strong><\/p>\n<p><em>2. mecz p\u00f3\u0142fina\u0142owy CLJ WU-17<\/em><\/p>\n<p><strong><em>Bramki<\/em><\/strong>: Agnieszka Kabaci\u0144ska, Zofia Wojciechowska;<\/p>\n<p>Sk\u0142ad: <em>Darol &#8211; Polak, Kabaci\u0144ska, Tokar, Matuszek, \u0141uczak, Stolarek, Pawlicka, Wojciechowska, Golec, Jagodzi\u0144ska;<\/em><\/p>\n<p>\u0141awka rezerwowych: <em>Senger, Drzewiecka, A. Ko\u015bcielak, M. Ko\u015bcielak, Szyma\u0144ska, Depczy\u0144ska;<\/em><\/p>\n<p><strong>Warta Pozna\u0144 WU-13 3:1 LAS Puszczykowo<\/strong><\/p>\n<p><em>Liga Okr\u0119gowa M\u0142odzik\u00f3w do lat 13<\/em><\/p>\n<p><strong><em>Bramki<\/em><\/strong>: Katarzyna W\u0142odarska (2), Antonina Przygocka;<\/p>\n<p><strong>SPN Szamotu\u0142y 2:2 Warta Pozna\u0144<\/strong><\/p>\n<p><em>12. kolejka Ligi Wojew\u00f3dzkiej do lat 18<\/em><\/p>\n<p><em><strong>Triumf w Lidze Wojew\u00f3dzkiej<\/strong><\/em><\/p>\n<p><em><strong>Bramki<\/strong><\/em>: Maciej Owczarek (2);<\/p>\n<p>Sk\u0142ad: <em>Siwek &#8211; Kl\u00f3ska, Weso\u0142ek, Furmianiak, Budych, Marciniak, Strakowski, Ratajczak, Szalaty, \u015amiechowski, Owczarek;<\/em><\/p>\n<p>\u0141awka rezerwowych: <em>Dziendziur, Schade, Urbaniak, Mocny, Popielski;<\/em><\/p>\n<p><strong>KP Pi\u0142a 1:6 Warta Pozna\u0144<\/strong><\/p>\n<p><em>14. kolejka Ligi Wojew\u00f3dzkiej do lat 14<\/em><\/p>\n<p><em><strong>Triumf w Lidze Wojew\u00f3dzkiej<\/strong><\/em><\/p>\n<p><strong>Warta Pozna\u0144 6:1 Polonia \u015aroda Wlkp.<\/strong><\/p>\n<p><em>12. kolejka Ligi Wojew\u00f3dzkiej do lat 12<\/em><\/p>\n<p><strong>Warta Pozna\u0144 6:0 KP Pi\u0142a<\/strong><\/p>\n<p><em>12. kolejka Ligi Wojew\u00f3dzkiej do lat 11<\/em><\/p>\n","protected":false},"excerpt":{"rendered":"<p>Za nami jedna z ostatnich serii gier w wykonaniu zespo\u0142\u00f3w Akademii Warty Pozna\u0144 w sezonie 2022\/2023. Zesz\u0142y tydzie\u0144 przyni\u00f3s\u0142 nam&#8230;<\/p>\n","protected":false},"author":36,"featured_media":25439,"comment_status":"closed","ping_status":"closed","sticky":false,"template":"","format":"standard","meta":{"om_disable_all_campaigns":false,"inline_featured_image":false,"footnotes":"","_links_to":"","_links_to_target":""},"categories":[95],"tags":[],"aioseo_notices":[],"_links":{"self":[{"href":"https:\/\/wartapoznan.pl\/index.php\/wp-json\/wp\/v2\/posts\/25438"}],"collection":[{"href":"https:\/\/wartapoznan.pl\/index.php\/wp-json\/wp\/v2\/posts"}],"about":[{"href":"https:\/\/wartapoznan.pl\/index.php\/wp-json\/wp\/v2\/types\/post"}],"author":[{"embeddable":true,"href":"https:\/\/wartapoznan.pl\/index.php\/wp-json\/wp\/v2\/users\/36"}],"replies":[{"embeddable":true,"href":"https:\/\/wartapoznan.pl\/index.php\/wp-json\/wp\/v2\/comments?post=25438"}],"version-history":[{"count":1,"href":"https:\/\/wartapoznan.pl\/index.php\/wp-json\/wp\/v2\/posts\/25438\/revisions"}],"predecessor-version":[{"id":25440,"href":"https:\/\/wartapoznan.pl\/index.php\/wp-json\/wp\/v2\/posts\/25438\/revisions\/25440"}],"wp:featuredmedia":[{"embeddable":true,"href":"https:\/\/wartapoznan.pl\/index.php\/wp-json\/wp\/v2\/media\/25439"}],"wp:attachment":[{"href":"https:\/\/wartapoznan.pl\/index.php\/wp-json\/wp\/v2\/media?parent=25438"}],"wp:term":[{"taxonomy":"category","embeddable":true,"href":"https:\/\/wartapoznan.pl\/index.php\/wp-json\/wp\/v2\/categories?post=25438"},{"taxonomy":"post_tag","embeddable":true,"href":"https:\/\/wartapoznan.pl\/index.php\/wp-json\/wp\/v2\/tags?post=25438"}],"curies":[{"name":"wp","href":"https:\/\/api.w.org\/{rel}","templated":true}]}}