{"id":25957,"date":"2023-07-08T12:55:57","date_gmt":"2023-07-08T10:55:57","guid":{"rendered":"https:\/\/wartapoznan.pl\/?p=25957"},"modified":"2023-07-08T12:55:57","modified_gmt":"2023-07-08T10:55:57","slug":"remisowy-sparing-warty-poznan-z-cracovia","status":"publish","type":"post","link":"https:\/\/wartapoznan.pl\/index.php\/2023\/07\/08\/remisowy-sparing-warty-poznan-z-cracovia\/","title":{"rendered":"Remisowy sparing Warty Pozna\u0144 z Cracovi\u0105"},"content":{"rendered":"<p><strong>Sprawiedliwym wynikiem 1:1 zako\u0144czy\u0142 si\u0119 pierwszy sobotni mecz kontrolny pi\u0142karzy Warty Pozna\u0144, kt\u00f3rzy w Opalenicy mierzyli si\u0119 z Cracovi\u0105. Ju\u017c drug\u0105 bramk\u0119 tego lata zdoby\u0142 Stefan Savi\u0107.<\/strong><\/p>\n<p>Sztab \u201eZielonych\u201d tym razem podzieli\u0142 zesp\u00f3\u0142 na dwa sk\u0142ady, a ka\u017cdy z nich by\u0142 mieszank\u0105 graczy do\u015bwiadczonych i junior\u00f3w. Wydaje si\u0119, \u017ce mocniejsza jedenastka rozpocz\u0119\u0142a mecz z Cracovi\u0105, a pozostali szykowali si\u0119 w tym czasie do popo\u0142udniowego wyst\u0119pu przeciwko Chrobremu G\u0142og\u00f3w.<\/p>\n<p>Starcie z Cracovi\u0105 by\u0142o rozgrywane w pot\u0119\u017cnym upale, na tym samym boisku treningowym w Opalenicy, gdzie Warta w \u015brod\u0119 mierzy\u0142a si\u0119 z Pogoni\u0105 Szczecin. I, tak jak wtedy, ju\u017c w pierwszej akcji zapachnia\u0142o golem dla zespo\u0142u trenera Dawida Szulczka. Po przej\u0119ciu pi\u0142ki przez Stefana Savicia Jakub Kie\u0142b zagra\u0142 wzd\u0142u\u017c bramki, ale obro\u0144cy Cracovii za\u017cegnali niebezpiecze\u0144stwo. W odpowiedzi, w 9. minucie Adrian Lis bez wi\u0119kszych problem\u00f3w z\u0142apa\u0142 pi\u0142k\u0119 po strzale z kilkunastu metr\u00f3w Benjamina Kallmana.<\/p>\n<p>Jedyna bramka przed przerw\u0105 pad\u0142a w 20. minucie. Atak na bramk\u0119 krakowian wyprowadzili Stefan Savi\u0107 i Jakub Kie\u0142b. Uderzenie tego drugiego zosta\u0142o zablokowane, ale pi\u0142ka trafi\u0142a do Stefana Savicia, kt\u00f3ry kopn\u0105\u0142 po ziemi i pokona\u0142 Lukasa Hrosso. Po drodze pi\u0142ka otar\u0142a si\u0119 jeszcze od n\u00f3g obro\u0144cy i zmyli\u0142a bramkarza \u201ePas\u00f3w\u201d. To drugie sparingowe trafienie austriackiego skrzyd\u0142owego, kt\u00f3ry przed tygodniem strzeli\u0142 te\u017c pierwszego gola w meczu z Farulem Konstanca.<\/p>\n<p>Krakowianie mieli inicjatyw\u0119, cz\u0119\u015bciej atakowali, ale Warta nie broni\u0142a si\u0119 jako\u015b rozpaczliwie. Adrian Lis nie musia\u0142 interweniowa\u0107 zbyt cz\u0119sto \u2013 w ostatniej minucie obroni\u0142 mocny strza\u0142 Jakuba Jugasa. Wcze\u015bniej \u201eZieloni\u201d mieli niez\u0142\u0105 szans\u0119 do podwy\u017cszenia prowadzenia po tym, jak Lukas Hrosso wybieg\u0142 z bramki i nie z\u0142apa\u0142 pi\u0142ki. Mateusz Kupczak m\u00f3g\u0142 pr\u00f3bowa\u0107 strza\u0142u w polu karnym, ale wybra\u0142 podanie pod bramk\u0119, wprost w r\u0119ce bramkarza.<\/p>\n<p>Po zmianie stron Adrian Lis mia\u0142 ju\u017c wi\u0119cej pracy, gdy\u017c gracze w koszulkach w czerwono-bia\u0142e pasy mieli przewag\u0119. Do wyr\u00f3wnania doprowadzili w 54. minucie \u2013 po podaniu z prawej strony boiska Patryk Makuch kopn\u0105\u0142 z pierwszej pi\u0142ki, a ta wpad\u0142a do siatki tu\u017c przy s\u0142upku.<\/p>\n<p>Wkr\u00f3tce trenerzy obu dru\u017cyn zacz\u0119li posy\u0142a\u0107 do gry kolejnych, m\u0142odych zawodnik\u00f3w i mecz si\u0119 wyr\u00f3wna\u0142. Brakowa\u0142o jednak sytuacji bramkowych i spotkanie zako\u0144czy\u0142o si\u0119 sprawiedliwym remisem. To pierwszy taki wynik \u201eZielonych\u201d, kt\u00f3rzy w trakcie okresu przygotowawczego do nowego sezonu ulegli wcze\u015bniej reprezentacji Polski U-19 0:1, Pogoni Szczecin 0:3 i pokonali 3:0 Farul Konstanca.<\/p>\n<p><strong>CRACOVIA \u2013 WARTA POZNA\u0143 1:1 (0:1)<\/strong><br \/>\n<strong>Bramki:<\/strong> 0:1 Stefan Savi\u0107 (20. minuta), 1:1 Patryk Makuch (54.)<br \/>\n<strong>Warta Pozna\u0144:<\/strong> Adrian Lis \u2013 Filip Jakubowski, Dawid Szymonowicz (84. Zawodnik testowany 2), Wiktor Ple\u015bnierowicz (70. J\u0119drzej Hanuszczak) \u00a0\u2013 Jakub Bartkowski (80. Aleks Jechura) , Mateusz Kupczak (70. Jakub Paszkowski), Miguel Luis (63. Mi\u0142osz W\u00f3decki), Jakub Kie\u0142b (63. Jakub Wajman) \u2013 Stefan Savi\u0107 (80. Natan J\u00f3skowski), Kajetan Szmyt (70. zawodnik testowany 1) \u2013 Wiktor Kami\u0144ski (84. Filip Malchrowicz).<\/p>\n","protected":false},"excerpt":{"rendered":"<p>Sprawiedliwym wynikiem 1:1 zako\u0144czy\u0142 si\u0119 pierwszy sobotni mecz kontrolny pi\u0142karzy Warty Pozna\u0144, kt\u00f3rzy w Opalenicy mierzyli si\u0119 z Cracovi\u0105. Ju\u017c&#8230;<\/p>\n","protected":false},"author":36,"featured_media":25959,"comment_status":"closed","ping_status":"closed","sticky":false,"template":"","format":"standard","meta":{"om_disable_all_campaigns":false,"inline_featured_image":false,"footnotes":"","_links_to":"","_links_to_target":""},"categories":[94,100,102,1],"tags":[],"aioseo_notices":[],"_links":{"self":[{"href":"https:\/\/wartapoznan.pl\/index.php\/wp-json\/wp\/v2\/posts\/25957"}],"collection":[{"href":"https:\/\/wartapoznan.pl\/index.php\/wp-json\/wp\/v2\/posts"}],"about":[{"href":"https:\/\/wartapoznan.pl\/index.php\/wp-json\/wp\/v2\/types\/post"}],"author":[{"embeddable":true,"href":"https:\/\/wartapoznan.pl\/index.php\/wp-json\/wp\/v2\/users\/36"}],"replies":[{"embeddable":true,"href":"https:\/\/wartapoznan.pl\/index.php\/wp-json\/wp\/v2\/comments?post=25957"}],"version-history":[{"count":1,"href":"https:\/\/wartapoznan.pl\/index.php\/wp-json\/wp\/v2\/posts\/25957\/revisions"}],"predecessor-version":[{"id":25958,"href":"https:\/\/wartapoznan.pl\/index.php\/wp-json\/wp\/v2\/posts\/25957\/revisions\/25958"}],"wp:featuredmedia":[{"embeddable":true,"href":"https:\/\/wartapoznan.pl\/index.php\/wp-json\/wp\/v2\/media\/25959"}],"wp:attachment":[{"href":"https:\/\/wartapoznan.pl\/index.php\/wp-json\/wp\/v2\/media?parent=25957"}],"wp:term":[{"taxonomy":"category","embeddable":true,"href":"https:\/\/wartapoznan.pl\/index.php\/wp-json\/wp\/v2\/categories?post=25957"},{"taxonomy":"post_tag","embeddable":true,"href":"https:\/\/wartapoznan.pl\/index.php\/wp-json\/wp\/v2\/tags?post=25957"}],"curies":[{"name":"wp","href":"https:\/\/api.w.org\/{rel}","templated":true}]}}