{"id":26295,"date":"2023-07-31T09:28:30","date_gmt":"2023-07-31T07:28:30","guid":{"rendered":"https:\/\/wartapoznan.pl\/?p=26295"},"modified":"2023-08-07T09:23:51","modified_gmt":"2023-08-07T07:23:51","slug":"szczegolowe-statystyki-meczu-warta-poznan-gornik-zabrze-4","status":"publish","type":"post","link":"https:\/\/wartapoznan.pl\/index.php\/2023\/07\/31\/szczegolowe-statystyki-meczu-warta-poznan-gornik-zabrze-4\/","title":{"rendered":"Szczeg\u00f3\u0142owe statystyki meczu Warta Pozna\u0144 &#8211; G\u00f3rnik Zabrze"},"content":{"rendered":"<p><strong>Zapraszamy na statystyczne podsumowanie sobotniego meczu Warty Pozna\u0144 z G\u00f3rnikiem Zabrze w 2. kolejce PKO Bank Polski Ekstraklasy. Gospodarze wygrali w Grodzisku Wlkp. 2:0 po golach Kajetana Szmyta i Mateusza Kupczaka.<\/strong><\/p>\n<table class=\" aligncenter\" width=\"367\">\n<tbody>\n<tr>\n<td>Warta Pozna\u0144<\/td>\n<td>&#8211;<\/td>\n<td>G\u00f3rnik Zabrze<\/td>\n<\/tr>\n<tr>\n<td>33%<\/td>\n<td>posiadanie pi\u0142ki<\/td>\n<td>67%<\/td>\n<\/tr>\n<tr>\n<td>2,20<\/td>\n<td>gole oczekiwane (xG)<\/td>\n<td>1,29<\/td>\n<\/tr>\n<tr>\n<td>11<\/td>\n<td>strza\u0142y<\/td>\n<td>11<\/td>\n<\/tr>\n<tr>\n<td>3<\/td>\n<td>strza\u0142y celne<\/td>\n<td>1<\/td>\n<\/tr>\n<tr>\n<td>2<\/td>\n<td>strza\u0142y zablokowane<\/td>\n<td>5<\/td>\n<\/tr>\n<tr>\n<td>0<\/td>\n<td>s\u0142upki\/poprzeczki<\/td>\n<td>0<\/td>\n<\/tr>\n<tr>\n<td>7<\/td>\n<td>rzuty ro\u017cne<\/td>\n<td>5<\/td>\n<\/tr>\n<tr>\n<td>12<\/td>\n<td>faule<\/td>\n<td>12<\/td>\n<\/tr>\n<tr>\n<td>0<\/td>\n<td>\u017c\u00f3\u0142te kartki<\/td>\n<td>2<\/td>\n<\/tr>\n<tr>\n<td>0<\/td>\n<td>czerwone kartki<\/td>\n<td>0<\/td>\n<\/tr>\n<tr>\n<td>230<\/td>\n<td>podania<\/td>\n<td>607<\/td>\n<\/tr>\n<tr>\n<td>169<\/td>\n<td>podania celne<\/td>\n<td>540<\/td>\n<\/tr>\n<tr>\n<td>73%<\/td>\n<td>celno\u015b\u0107 poda\u0144<\/td>\n<td>89%<\/td>\n<\/tr>\n<tr>\n<td>0<\/td>\n<td>spalone<\/td>\n<td>0<\/td>\n<\/tr>\n<tr>\n<td>5<\/td>\n<td>do\u015brodkowania<\/td>\n<td>21<\/td>\n<\/tr>\n<tr>\n<td>3<\/td>\n<td>do\u015brodkowania celne<\/td>\n<td>5<\/td>\n<\/tr>\n<tr>\n<td>89<\/td>\n<td>pojedynki wygrane<\/td>\n<td>85<\/td>\n<\/tr>\n<tr>\n<td>20<\/td>\n<td>wygrane pojedynki g\u0142\u00f3wkowe<\/td>\n<td>18<\/td>\n<\/tr>\n<tr>\n<td>17<\/td>\n<td>dryblingi<\/td>\n<td>24<\/td>\n<\/tr>\n<tr>\n<td>7<\/td>\n<td>dryblingi udane<\/td>\n<td>10<\/td>\n<\/tr>\n<tr>\n<td>28<\/td>\n<td>przechwyty<\/td>\n<td>42<\/td>\n<\/tr>\n<tr>\n<td>69<\/td>\n<td>odzyskane pi\u0142ki<\/td>\n<td>82<\/td>\n<\/tr>\n<\/tbody>\n<\/table>\n<p>.<br \/>\n<strong>STRZA\u0141Y<\/strong><br \/>\n3 &#8211; Mateusz Kupczak<br \/>\n2 &#8211; Kajetan Szmyt, Miguel Luis<br \/>\n1 &#8211; Maciej \u017burawski, Dawid Szymonowicz, Adam Zrelak, Jakub Bartkowski<\/p>\n<p><strong>STRZA\u0141Y CELNE<\/strong><br \/>\n1 &#8211; Maciej \u017burawski, Kajetan Szmyt, Mateusz Kupczak<\/p>\n<p><strong>PODANIA (TOP 5)<\/strong><br \/>\nMateusz Kupczak &#8211; 34<br \/>\nWiktor Ple\u015bnierowicz &#8211; 24<br \/>\nDawid Szymonowicz &#8211; 23<br \/>\nJakub Bartkowski &#8211; 22<br \/>\nJakub Kie\u0142b &#8211; 18<\/p>\n<p><strong>CELNO\u015a\u0106 PODA\u0143 (MINIMUM 10 ZAGRA\u0143; TOP 5)<\/strong><br \/>\nKajetan Szmyt &#8211; 93%<br \/>\nDawid Szymonowicz &#8211; 87%<br \/>\nNiilo Maenpaa &#8211; 83%<br \/>\nMateusz Kupczak &#8211; 74%<br \/>\nJakub Kie\u0142b &#8211; 72%<\/p>\n<p><strong>PODANIA KLUCZOWE<\/strong><br \/>\n1 &#8211; Jakub Kie\u0142b, Filip Borowski<\/p>\n<p><strong>DO\u015aRODKOWANIA (TOP 3)<\/strong><br \/>\n3 &#8211; Jakub Kie\u0142b<br \/>\n1 &#8211; Stefan Savi\u0107, Miguel Luis<\/p>\n<p><strong>DO\u015aRODKOWANIA CELNE<\/strong><br \/>\nJakub Kie\u0142b &#8211; 3<\/p>\n<p><strong>DRYBLINGI (TOP 3)<\/strong><br \/>\n5 &#8211; Kajetan Szmyt<br \/>\n3 &#8211; Stefan Savi\u0107<br \/>\n1 &#8211; Jakub Bartkowski, Miguel Luis, Maciej \u017burawski, Dario Vizinger, Niilo Maenpaa<\/p>\n<p><strong>DRYBLINGI UDANE<\/strong><br \/>\nKajetan Szmyt &#8211; 2<br \/>\nStefan Savi\u0107, Maciej \u017burawski, Dario Vizinger &#8211; 1<\/p>\n<p><strong>POJEDYNKI (TOP 5)<\/strong><br \/>\n23 &#8211; Dario Vizinger<br \/>\n16 &#8211; Wiktor Ple\u015bnierowicz<br \/>\n15 &#8211; Kajetan Szmyt<br \/>\n14 &#8211; Jakub Bartkowski, Jakub Kie\u0142b<\/p>\n<p><strong>SKUTECZNO\u015a\u0106 POJEDYNK\u00d3W (MINIMUM 5; TOP 3)<\/strong><br \/>\nMaciej \u017burawski &#8211; 67%<br \/>\nWiktor Ple\u015bnierowicz, Miguel Luis &#8211; po 63%<\/p>\n<p><strong>POJEDYNKI G\u0141\u00d3WKOWE (TOP 3)<\/strong><br \/>\nDawid Szymonowicz &#8211; 8<br \/>\nMateusz Kupczak &#8211; 7<br \/>\nDario Vizinger &#8211; 6<\/p>\n<p><strong>SKUTECZNO\u015a\u0106 POJEDYNK\u00d3W G\u0141\u00d3WKOWYCH (MINIMUM 2; TOP 3)<\/strong><br \/>\nJakub Bartkowski &#8211; 100%<br \/>\nMiguel Luis &#8211; 75%<br \/>\nDawid Szymonowicz &#8211; 63%<\/p>\n<p><strong>PRZECHWYTY (TOP 3)<\/strong><br \/>\nDawid Szymonowicz, Jakub Kie\u0142b &#8211; po 5<br \/>\nMateusz Kupczak, Jakub Bartkowski &#8211; po 4<\/p>\n<p><strong>ODZYSKANE PI\u0141KI (TOP 3)<\/strong><br \/>\nMateusz Kupczak &#8211; 14<br \/>\nWiktor Ple\u015bnierowicz &#8211; 11<br \/>\nDawid Szymonowicz &#8211; 9<\/p>\n<p><strong>Przebiegni\u0119te kilometry (dru\u017cyna):<\/strong> 113,43 km<br \/>\n<strong>Najwi\u0119cej przebiegni\u0119tych kilometr\u00f3w:<\/strong> Mateusz Kupczak \u2013 11,08 km<br \/>\n<strong>Najwi\u0119cej sprint\u00f3w:<\/strong> Adam Zrelak \u2013 10<br \/>\n<strong>Najszybszy:<\/strong> Jakub Kie\u0142b \u2013 33,37 km\/h<\/p>\n<p><small><strong>\u0179r\u00f3d\u0142o:<\/strong> WyScout, ChyronHego<\/small><\/p>\n","protected":false},"excerpt":{"rendered":"<p>Zapraszamy na statystyczne podsumowanie sobotniego meczu Warty Pozna\u0144 z G\u00f3rnikiem Zabrze w 2. kolejce PKO Bank Polski Ekstraklasy. Gospodarze wygrali&#8230;<\/p>\n","protected":false},"author":36,"featured_media":26299,"comment_status":"closed","ping_status":"closed","sticky":false,"template":"","format":"standard","meta":{"om_disable_all_campaigns":false,"inline_featured_image":false,"footnotes":"","_links_to":"","_links_to_target":""},"categories":[94,100,245,1],"tags":[],"aioseo_notices":[],"_links":{"self":[{"href":"https:\/\/wartapoznan.pl\/index.php\/wp-json\/wp\/v2\/posts\/26295"}],"collection":[{"href":"https:\/\/wartapoznan.pl\/index.php\/wp-json\/wp\/v2\/posts"}],"about":[{"href":"https:\/\/wartapoznan.pl\/index.php\/wp-json\/wp\/v2\/types\/post"}],"author":[{"embeddable":true,"href":"https:\/\/wartapoznan.pl\/index.php\/wp-json\/wp\/v2\/users\/36"}],"replies":[{"embeddable":true,"href":"https:\/\/wartapoznan.pl\/index.php\/wp-json\/wp\/v2\/comments?post=26295"}],"version-history":[{"count":5,"href":"https:\/\/wartapoznan.pl\/index.php\/wp-json\/wp\/v2\/posts\/26295\/revisions"}],"predecessor-version":[{"id":26409,"href":"https:\/\/wartapoznan.pl\/index.php\/wp-json\/wp\/v2\/posts\/26295\/revisions\/26409"}],"wp:featuredmedia":[{"embeddable":true,"href":"https:\/\/wartapoznan.pl\/index.php\/wp-json\/wp\/v2\/media\/26299"}],"wp:attachment":[{"href":"https:\/\/wartapoznan.pl\/index.php\/wp-json\/wp\/v2\/media?parent=26295"}],"wp:term":[{"taxonomy":"category","embeddable":true,"href":"https:\/\/wartapoznan.pl\/index.php\/wp-json\/wp\/v2\/categories?post=26295"},{"taxonomy":"post_tag","embeddable":true,"href":"https:\/\/wartapoznan.pl\/index.php\/wp-json\/wp\/v2\/tags?post=26295"}],"curies":[{"name":"wp","href":"https:\/\/api.w.org\/{rel}","templated":true}]}}