{"id":26300,"date":"2023-08-01T08:30:04","date_gmt":"2023-08-01T06:30:04","guid":{"rendered":"https:\/\/wartapoznan.pl\/?p=26300"},"modified":"2023-08-01T10:42:28","modified_gmt":"2023-08-01T08:42:28","slug":"najskuteczniejsi-w-warcie-poznan-po-2-kolejce-pko-bank-polski-ekstraklasy-2","status":"publish","type":"post","link":"https:\/\/wartapoznan.pl\/index.php\/2023\/08\/01\/najskuteczniejsi-w-warcie-poznan-po-2-kolejce-pko-bank-polski-ekstraklasy-2\/","title":{"rendered":"Najskuteczniejsi w Warcie Pozna\u0144 \u2013 po 2. kolejce PKO Bank Polski Ekstraklasy"},"content":{"rendered":"<p><strong>Kajetan Szmyt rozpocz\u0105\u0142 zdobywanie bramek przez Wart\u0119 Pozna\u0144 w nowym sezonie PKO Bank Polski Ekstraklasy. Wychowanek akademii \u201eZielonych\u201d mia\u0142 udzia\u0142 w sze\u015bciu z o\u015bmiu ostatnich goli zespo\u0142u. Mateusz Kupczak natomiast zdoby\u0142 swoj\u0105 18. bramk\u0119 w barwach Warty Pozna\u0144 i jest to najlepszy wynik spo\u015br\u00f3d graczy obecnej kadry.<\/strong><\/p>\n<p>W sobotnim pojedynku z G\u00f3rnikiem Zabrze dru\u017cyna trenera Dawida Szulczka odnios\u0142a pierwsze zwyci\u0119stwo po serii sze\u015bciu spotka\u0144 bez kompletu punkt\u00f3w. Podczas nieudanego finiszu poprzedniego sezonu Warta Pozna\u0144 wywalczy\u0142a tylko jeden remis, a punkt w starciu z Piastem Gliwice da\u0142 gol strzelony z rzutu karnego przez Kajetana Szmyta. Teraz skrzyd\u0142owy m\u0142odzie\u017cowej reprezentacji Polski w taki sam spos\u00f3b rozpocz\u0105\u0142 strzelanie w nowych rozgrywkach. W og\u00f3le, to dobry okres dla wychowanka Akademii Warty Pozna\u0144, kt\u00f3ry mia\u0142 sw\u00f3j udzia\u0142 (bramka lub asysta) przy sze\u015bciu z o\u015bmiu ostatnich goli zespo\u0142u.<\/p>\n<p>A to nie wszystko. Pocz\u0105wszy od 25. kolejki minionych rozgrywek \u201eWarciarze\u201d w siedmiu meczach co najmniej raz trafiali do siatki rywali i w ka\u017cdym z tych pojedynk\u00f3w w zdobycie bramki \u201ezamieszany\u201d by\u0142 Kajetan Szmyt. Oto te trafienia:<\/p>\n<p>&#8211; gol na 1:0 w meczu z Lechi\u0105 Gda\u0144sk (2:0)<\/p>\n<p>&#8211; gol na 2:1 w meczu ze \u015al\u0105skiem Wroc\u0142aw (3:1)<\/p>\n<p>&#8211; asysta przy golu Adama Zrelaka z Legi\u0105 Warszawa (1:0)<\/p>\n<p>&#8211; asysta przy golu Stefana Savicia z Jagielloni\u0105 Bia\u0142ystok (1:3)<\/p>\n<p>&#8211; asysta przy golu Stefana Savicia z Radomiakiem Radom (1:2)<\/p>\n<p>&#8211; gol na 1:1 w meczu z Piastem Gliwice (1:1)<\/p>\n<p>&#8211; gol na 1:0 z G\u00f3rnikiem Zabrze (2:0)<\/p>\n<p>Asyst\u0119 przy bramce na 1:0 z zabrzanami zapisujemy na konto Stefana Savicia , kt\u00f3ry by\u0142 faulowany w polu karnym. Austriak by\u0142 w minionym sezonie najbardziej efektywnym graczem dru\u017cyny (gol lub asysta w przeliczeniu na czas sp\u0119dzony na boisku), a zawdzi\u0119cza\u0142 to dobrej skuteczno\u015bci. Teraz ma na koncie pierwszego gola wypracowanego w barwach \u201eZielonych\u201d.<\/p>\n<p>Jakub Kie\u0142b na asyst\u0119 w oficjalnym meczu czeka\u0142 r\u00f3wny rok. 30 lipca 2022 roku do\u015bwiadczony pi\u0142karz wystawi\u0142 pi\u0142k\u0119 do Adama Zrelaka, kt\u00f3ry da\u0142 Warcie Pozna\u0144 prowadzenie w zwyci\u0119skim meczu z Miedzi\u0105 Legnica. Teraz by\u0142a to asysta przy bramce Mateusza Kupczaka, kt\u00f3ra przypiecz\u0119towa\u0142a wygran\u0105 z G\u00f3rnikiem Zabrze.<\/p>\n<p><img loading=\"lazy\" decoding=\"async\" width=\"1500\" height=\"1000\" class=\"aligncenter size-full wp-image-26303\" src=\"https:\/\/wartapoznan.pl\/wp-content\/uploads\/2023\/08\/wargor-29-07-23-na-strone-1_www.jpg\" alt=\"Warta Pozna\u0144 - G\u00f3rnik Zabrze 2:0. Najskuteczniejsi\" srcset=\"https:\/\/wartapoznan.pl\/wp-content\/uploads\/2023\/08\/wargor-29-07-23-na-strone-1_www.jpg 1500w, https:\/\/wartapoznan.pl\/wp-content\/uploads\/2023\/08\/wargor-29-07-23-na-strone-1_www-300x200.jpg 300w, https:\/\/wartapoznan.pl\/wp-content\/uploads\/2023\/08\/wargor-29-07-23-na-strone-1_www-128x85.jpg 128w, https:\/\/wartapoznan.pl\/wp-content\/uploads\/2023\/08\/wargor-29-07-23-na-strone-1_www-32x21.jpg 32w\" sizes=\"(max-width: 1500px) 100vw, 1500px\" \/><\/p>\n<p>Kapitan pozna\u0144skiej dru\u017cyny czeka\u0142 na trafienie w Ekstraklasie od 7 maja 2022 roku i gola strzelonego z rzutu wolnego w starciu z Wis\u0142\u0105 w P\u0142ocku (3:0). To ju\u017c 18. bramka Mateusza Kupczaka w barwach Warty Pozna\u0144 i jest to najlepszy wynik \u017caden spo\u015br\u00f3d obecnych graczy \u201eZielonych\u201d.<\/p>\n<p>Warto jeszcze odnotowa\u0107 pierwsze w sezonie czyste kontro Adriana Lisa. Poprzednio bramkarz \u201eZielonych\u201d obroni\u0142 wszystkie strza\u0142y Legii Warszawa w 29. kolejce poprzedniej kampanii ligowej.<\/p>\n<h4><strong>Z czego jeszcze zapami\u0119tamy mecz Warta Pozna\u0144 \u2013 G\u00f3rnik Zabrze?<\/strong><\/h4>\n<p>&#8211; debiut w pierwszej dru\u017cynie \u201eZielonych\u201d i zarazem w Ekstraklasie zaliczy\u0142 w sobot\u0119 Filip Borowski, zawodnik wypo\u017cyczony w minionym tygodniu z Lecha Pozna\u0144. M\u0142ody zawodnik jest pi\u0105tym debiutantem w Warcie Pozna\u0144 w tym sezonie. W 1. kolejce swoje premierowe wyst\u0119py w zespole zanotowali: Dario Vizinger, Jakub Bartkowski, Jakub Wajman, Kacper Przyby\u0142ko<\/p>\n<p>&#8211; trzy punkty po dw\u00f3ch meczach i wygrana ju\u017c w drugiej kolejce to najlepszy start sezonu Ekstraklasy w wykonaniu Warty Pozna\u0144 w ostatnich latach. W 2021 i 2022 roku na pierwsze zwyci\u0119stwo kibice czekali do trzeciej kolejki, a w debiutanckim sezonie 2020\/21 \u2013 a\u017c do pi\u0105tej serii spotka\u0144<\/p>\n<p>&#8211; 2:0 z G\u00f3rnikiem Zabrze by\u0142o meczem numer 510 Warty Pozna\u0144 na najwy\u017cszym poziomie ligowym i zarazem 214. zwyci\u0119stwem w Ekstraklasie.<\/p>\n<p><strong>BRAMKI:<\/strong><br \/>\n<strong>1 \u2013 Kajetan Szmyt (+1), Mateusz Kupczak (+1)<\/strong><\/p>\n<p><strong>ASYSTY:<\/strong><br \/>\n<strong>1 \u2013 Stefan Savi\u0107 (+1), Jakub Kie\u0142b (+1)<\/strong><\/p>\n<p><strong>PUNKTACJA KANADYJSKA<\/strong><br \/>\n<strong>1 \u2013 <\/strong><strong>Kajetan Szmyt, Mateusz Kupczak, Stefan Savi\u0107, Jakub Kie\u0142b<\/strong><\/p>\n<p><strong>CZYSTE KONTA<\/strong><br \/>\n<strong>Adrian Lis &#8211; 1 (w 2 meczach)<\/strong><\/p>\n","protected":false},"excerpt":{"rendered":"<p>Kajetan Szmyt rozpocz\u0105\u0142 zdobywanie bramek przez Wart\u0119 Pozna\u0144 w nowym sezonie PKO Bank Polski Ekstraklasy. Wychowanek akademii \u201eZielonych\u201d mia\u0142 udzia\u0142&#8230;<\/p>\n","protected":false},"author":36,"featured_media":26302,"comment_status":"closed","ping_status":"closed","sticky":false,"template":"","format":"standard","meta":{"om_disable_all_campaigns":false,"inline_featured_image":false,"footnotes":"","_links_to":"","_links_to_target":""},"categories":[94,100,245,1],"tags":[],"aioseo_notices":[],"_links":{"self":[{"href":"https:\/\/wartapoznan.pl\/index.php\/wp-json\/wp\/v2\/posts\/26300"}],"collection":[{"href":"https:\/\/wartapoznan.pl\/index.php\/wp-json\/wp\/v2\/posts"}],"about":[{"href":"https:\/\/wartapoznan.pl\/index.php\/wp-json\/wp\/v2\/types\/post"}],"author":[{"embeddable":true,"href":"https:\/\/wartapoznan.pl\/index.php\/wp-json\/wp\/v2\/users\/36"}],"replies":[{"embeddable":true,"href":"https:\/\/wartapoznan.pl\/index.php\/wp-json\/wp\/v2\/comments?post=26300"}],"version-history":[{"count":5,"href":"https:\/\/wartapoznan.pl\/index.php\/wp-json\/wp\/v2\/posts\/26300\/revisions"}],"predecessor-version":[{"id":26308,"href":"https:\/\/wartapoznan.pl\/index.php\/wp-json\/wp\/v2\/posts\/26300\/revisions\/26308"}],"wp:featuredmedia":[{"embeddable":true,"href":"https:\/\/wartapoznan.pl\/index.php\/wp-json\/wp\/v2\/media\/26302"}],"wp:attachment":[{"href":"https:\/\/wartapoznan.pl\/index.php\/wp-json\/wp\/v2\/media?parent=26300"}],"wp:term":[{"taxonomy":"category","embeddable":true,"href":"https:\/\/wartapoznan.pl\/index.php\/wp-json\/wp\/v2\/categories?post=26300"},{"taxonomy":"post_tag","embeddable":true,"href":"https:\/\/wartapoznan.pl\/index.php\/wp-json\/wp\/v2\/tags?post=26300"}],"curies":[{"name":"wp","href":"https:\/\/api.w.org\/{rel}","templated":true}]}}