{"id":26380,"date":"2023-08-04T17:00:24","date_gmt":"2023-08-04T15:00:24","guid":{"rendered":"https:\/\/wartapoznan.pl\/?p=26380"},"modified":"2023-08-04T14:59:56","modified_gmt":"2023-08-04T12:59:56","slug":"pierwszy-wyjazdowy-mecz-warty-poznan-rywalem-mistrz-polski","status":"publish","type":"post","link":"https:\/\/wartapoznan.pl\/index.php\/2023\/08\/04\/pierwszy-wyjazdowy-mecz-warty-poznan-rywalem-mistrz-polski\/","title":{"rendered":"Pierwszy wyjazdowy mecz Warty Pozna\u0144 \u2013 rywalem mistrz Polski"},"content":{"rendered":"<p><strong>Opromieniony awansem do III rundy kwalifikacji do Ligi Mistrz\u00f3w zesp\u00f3\u0142 Rakowa Cz\u0119stochowa b\u0119dzie rywalem pi\u0142karzy Warty Pozna\u0144 w sobotnim pojedynku 3. kolejki PKO Bank Polski Ekstraklasy. Pocz\u0105tek spotkania o godz. 15. Transmisja z Cz\u0119stochowy w Canal+ Sport, Canal+ Online oraz w MC Radiu.<\/strong><\/p>\n<p>Tego lata mistrzowie Polski s\u0105 p\u00f3ki co skupieni g\u0142\u00f3wnie na rywalizacji w Europie. Rozegrali dotychczas sze\u015b\u0107 spotka\u0144, z czego cztery mia\u0142y miejsce na arenie mi\u0119dzynarodowej. Rak\u00f3w Cz\u0119stochowa dwukrotnie pokona\u0142 Flor\u0119 Tallin, a nast\u0119pnie zwyci\u0119\u017cy\u0142 u siebie Karabach Agdam, by w \u015brod\u0119 remisem przypiecz\u0119towa\u0107 awans do III rundy eliminacji do Ligi Mistrz\u00f3w. W ten spos\u00f3b klub spod Jasnej G\u00f3ry ma ju\u017c zapewniony udzia\u0142 w fazie grupowej kt\u00f3rego\u015b z europejskich puchar\u00f3w.<\/p>\n<p>Niejako przy okazji Rak\u00f3w rozegra\u0142 w ostatnich tygodniach dwa mecze w krajowych rozgrywkach. Najpierw bezbramkowo zremisowa\u0142, a nast\u0119pnie przegra\u0142 konkurs rzut\u00f3w karnych w pojedynku o Superpuchar Polski, a w 1. kolejce PKO Bank Polski Ekstraklasy rozbi\u0142 w Cz\u0119stochowie Jagielloni\u0119 Bia\u0142ystok 3:0. W nast\u0119pnej kolejce ju\u017c nie gra\u0142, bo mecz z Koron\u0105 Kielce zosta\u0142 prze\u0142o\u017cony z uwagi na rywalizacj\u0119 w Europie. Teraz cz\u0119stochowianie wracaj\u0105 na chwil\u0119 do gry w lidze \u2013 dwa dni po powrocie z Azerbejd\u017canu, a zarazem trzy dni przed wtorkowym starciem z Arisem Limassol zmierz\u0105 si\u0119 z Wart\u0105 Pozna\u0144.<\/p>\n<p><img loading=\"lazy\" decoding=\"async\" width=\"1500\" height=\"996\" class=\"aligncenter size-full wp-image-26385\" src=\"https:\/\/wartapoznan.pl\/wp-content\/uploads\/2023\/08\/Trening_przed_RCZWAR-8435_www.jpg\" alt=\"Trening Warty Pozna\u0144 przed meczem z Rakowem Cz\u0119stochowa. Dawid Szulczek\" srcset=\"https:\/\/wartapoznan.pl\/wp-content\/uploads\/2023\/08\/Trening_przed_RCZWAR-8435_www.jpg 1500w, https:\/\/wartapoznan.pl\/wp-content\/uploads\/2023\/08\/Trening_przed_RCZWAR-8435_www-300x199.jpg 300w, https:\/\/wartapoznan.pl\/wp-content\/uploads\/2023\/08\/Trening_przed_RCZWAR-8435_www-128x85.jpg 128w, https:\/\/wartapoznan.pl\/wp-content\/uploads\/2023\/08\/Trening_przed_RCZWAR-8435_www-32x21.jpg 32w\" sizes=\"(max-width: 1500px) 100vw, 1500px\" \/><\/p>\n<p>&#8211; <em>Przede wszystkim to ciesz\u0119 si\u0119, \u017ce Rak\u00f3w awansowa\u0142 i \u017ce nadal b\u0119dzie zdobywa\u0142 punkty do europejskiego rankingu. Gratuluj\u0119 tego wyniku. Kibicuj\u0119 wszystkim polskim dru\u017cynom, kt\u00f3re graj\u0105 w pucharach, bo to wa\u017cne, \u017ce \u017ceby r\u00f3s\u0142 poziom ligi, \u017ceby odbi\u00f3r Ekstraklasy na zewn\u0105trz, w innych krajach by\u0142 jeszcze lepszy<\/em> \u2013 m\u00f3wi trener \u201eZielonych\u201d, Dawid Szulczek i dodaje, \u017ce nie liczy na \u017cadne ulgowe podej\u015bcie rywali do sobotniego pojedynku. \u2013 <em>Ten awans nie b\u0119dzie mia\u0142 w sobot\u0119 wi\u0119kszego znaczenia. Rak\u00f3w to taka dru\u017cyna, kt\u00f3ra, niezale\u017cnie od tego, czy wygra, czy przegra, to ma do zrealizowania kr\u00f3tkoterminowe zadania. W meczu z nami rywale b\u0119d\u0105 chcieli postawi\u0107 kolejny krok, bo po sukcesie w pucharach wszyscy wiedz\u0105, \u017ce teraz czas na zdobywanie punkt\u00f3w w walce o mistrzostwo Polski. Nie wydaje mi si\u0119 wi\u0119c, \u017ce dru\u017cyna gospodarzy mo\u017ce by\u0107 w jaki\u015b spos\u00f3b rozlu\u017aniona w sobot\u0119.<\/em><\/p>\n<p>Sztab Warty Pozna\u0144 spodziewa si\u0119 jednak tego, \u017ce w ekipie z Cz\u0119stochowy mo\u017ce od pierwszej minuty pojawi\u0107 si\u0119 kilku pi\u0142karzy, kt\u00f3rzy s\u0105 mniej zaanga\u017cowani w rywalizacj\u0119 w pucharach. \u2013 <em>Pewnie b\u0119dzie troch\u0119 zmian w sk\u0142adzie, bo ten \u015brodowy mecz jednak kosztowa\u0142 zawodnik\u00f3w troch\u0119 zdrowia. Poza tym przed nimi pojedynek z Arisem. Ale bior\u0105c po uwag\u0119 to, jacy zawodnicy siedz\u0105 w Rakowie na \u0142awce rezerwowych, to b\u0119dzie gra\u0142a z nami rywalizowa\u0142a taka jedenastka, \u017ce gdyby by\u0142a osobn\u0105 dru\u017cyn\u0105, to i tak walczy\u0142aby o miejsce w najlepszej czw\u00f3rce Ekstraklasy. Rak\u00f3w ma po prostu dwa bardzo silne sk\u0142ady<\/em> \u2013 uwa\u017ca Dawid Szulczek.<\/p>\n<p><img loading=\"lazy\" decoding=\"async\" width=\"1500\" height=\"996\" class=\"aligncenter size-full wp-image-26384\" src=\"https:\/\/wartapoznan.pl\/wp-content\/uploads\/2023\/08\/Trening_przed_RCZWAR-8402_www.jpg\" alt=\"Trening Warty Pozna\u0144 przed meczem z Rakowem Cz\u0119stochowa. Kajetan Szmyt\" srcset=\"https:\/\/wartapoznan.pl\/wp-content\/uploads\/2023\/08\/Trening_przed_RCZWAR-8402_www.jpg 1500w, https:\/\/wartapoznan.pl\/wp-content\/uploads\/2023\/08\/Trening_przed_RCZWAR-8402_www-300x199.jpg 300w, https:\/\/wartapoznan.pl\/wp-content\/uploads\/2023\/08\/Trening_przed_RCZWAR-8402_www-128x85.jpg 128w, https:\/\/wartapoznan.pl\/wp-content\/uploads\/2023\/08\/Trening_przed_RCZWAR-8402_www-32x21.jpg 32w\" sizes=\"(max-width: 1500px) 100vw, 1500px\" \/><\/p>\n<p>Najbli\u017cszy przeciwnik Warty Pozna\u0144 do\u015b\u0107 p\u0142ynnie przeszed\u0142 przez proces zmiany trenera. Po sezonie ze stanowiskiem po\u017cegna\u0142 si\u0119 Marek Papszun (prowadzi\u0142 zesp\u00f3\u0142 przez ponad 7 lat, od kwietnia 2016 roku), a jego nast\u0119pc\u0105 jest Dawid Szarga, dotychczasowy asystent. To zreszt\u0105 r\u00f3wie\u015bnik Dawida Szulczka \u2013 obaj szkoleniowcy urodzili si\u0119 w 1990 roku, a trener Warty Pozna\u0144 jest starszy o ponad 8 miesi\u0119cy.<\/p>\n<p>&#8211; <em>My\u015bl\u0119, \u017ce w Rakowie ma miejsce raczej kontynuacja pracy z poprzedniego sezonu. Wszystkie zasady gry s\u0105 zachowane, mo\u017ce jedyna r\u00f3\u017cnica jest taka, \u017ce zesp\u00f3\u0142 podejmuje nieco wi\u0119cej ryzyka i cz\u0119\u015bciej pr\u00f3buje gra\u0107 w pobli\u017cu swojego pola karnego<\/em> \u2013 analizuje trener Szulczek, ale jednocze\u015bnie dodaje: &#8211; <em>Faktycznie, Rak\u00f3w nadal jest mo\u017ce \u0142atwym zespo\u0142em do rozczytania, ale co innego wiedzie\u0107, co rywal b\u0119dzie robi\u0142, a co innego si\u0119 temu przeciwstawi\u0107, bo gracze Rakowa robi\u0105 wszystko na du\u017cej szybko\u015bci i z automatyzmami. Mo\u017ce wi\u0119c pod k\u0105tem pracy analityka jest to przyjemne ogl\u0105da\u0107 Rak\u00f3w, ale z perspektywy pi\u0142karza, kt\u00f3ry musi przeciwko Rakowowi gra\u0107, to jest to ju\u017c mniejsza przyjemno\u015b\u0107.<\/em><\/p>\n<p>Akurat \u201eZieloni\u201d mog\u0105 dobrze wspomina\u0107 sw\u00f3j ostatni pojedynek z dru\u017cyn\u0105 z Cz\u0119stochowy. W styczniu, w Grodzisku Wlkp. zremisowali 1:1 z p\u00f3\u017aniejszym mistrzem Polski i byli jedn\u0105 z niewielu ekip w lidze, kt\u00f3re odebra\u0142y wiosn\u0105 punkty p\u00f3\u017aniejszemu mistrzowi. Rak\u00f3w si\u0119gn\u0105\u0142 po tytu\u0142 g\u0142\u00f3wnie dzi\u0119ki znakomitej postawie na swoim stadionie, gdzie wygra\u0142 14 z 17 spotka\u0144 w minionym sezonie, a jedyn\u0105 pora\u017ck\u0119 (z Lechem Pozna\u0144) i jeden remis zanotowa\u0142 ju\u017c po zdobyciu mistrzostwa. W ostatnich 19 meczach cz\u0119stochowianie w roli gospodarzy zdobyli 50 na 57 mo\u017cliwych punkt\u00f3w.<\/p>\n<p><img loading=\"lazy\" decoding=\"async\" width=\"1500\" height=\"1000\" class=\"aligncenter size-full wp-image-26388\" src=\"https:\/\/wartapoznan.pl\/wp-content\/uploads\/2023\/08\/WARRCZ_01.jpg\" alt=\"Warta Pozna\u0144 - Rak\u00f3w Cz\u0119stochowa. Miguel Luis\" srcset=\"https:\/\/wartapoznan.pl\/wp-content\/uploads\/2023\/08\/WARRCZ_01.jpg 1500w, https:\/\/wartapoznan.pl\/wp-content\/uploads\/2023\/08\/WARRCZ_01-300x200.jpg 300w, https:\/\/wartapoznan.pl\/wp-content\/uploads\/2023\/08\/WARRCZ_01-128x85.jpg 128w, https:\/\/wartapoznan.pl\/wp-content\/uploads\/2023\/08\/WARRCZ_01-32x21.jpg 32w\" sizes=\"(max-width: 1500px) 100vw, 1500px\" \/><\/p>\n<p>W historii pojedynk\u00f3w z Rakowem Cz\u0119stochowa w Ekstraklasie Warta Pozna\u0144 tylko raz cieszy\u0142a si\u0119 z wygranej i by\u0142o to bardzo dawno, bo w listopadzie 1994 roku. \u201eZieloni\u201d wygrali w\u00f3wczas na Stadionie im. Szyca 1:0 po golu Piotra Prabuckiego. Potem w sze\u015bciu meczach z rz\u0119du g\u00f3r\u0105 by\u0142 Rak\u00f3w, a pass\u0119 t\u0119 przerwa\u0142 dopiero wspomniany remis ze stycznia tego roku.<\/p>\n<p>W poprzednim pojedynku tych dru\u017cyn na obiekcie przy ul. Limanowskiego Warta Pozna\u0144 pokaza\u0142a si\u0119 z dobrej strony. D\u0142ugo toczy\u0142a wyr\u00f3wnany b\u00f3j z faworyzowanym Rakowem, kt\u00f3ry jednak w ko\u0144cu zdoby\u0142 zwyci\u0119sk\u0105 bramk\u0119. Trener Dawid Szulczek uwa\u017ca, \u017ce jego dru\u017cyna jest w stanie zagra\u0107 w sobot\u0119 na podobnym poziomie i z takim samym zaanga\u017cowaniem. Poznaniacy pojechali na mecz po wygranej z G\u00f3rnikiem Zabrze \u2013 po powrocie do Ekstraklasy w 2020 roku jeszcze nie zdarzy\u0142o si\u0119, by po dw\u00f3ch wyst\u0119pach mieli na koncie jeden komplet punkt\u00f3w.<\/p>\n<p>Mecz Rak\u00f3w Cz\u0119stochowa \u2013 Warta Pozna\u0144 rozpocznie si\u0119 w sobot\u0119 o godz. 15 i b\u0119dzie pierwszym tego dnia starciem w 3. kolejce PKO Bank Polski Ekstraklasy. Do prowadzenia zawod\u00f3w zosta\u0142 wyznaczony Karol Arys, arbiter ze Szczecina. Transmisja z Cz\u0119stochowy w Canal+ Sport, Canal+ Online oraz w MC Radiu na 102,7 FM.<\/p>\n","protected":false},"excerpt":{"rendered":"<p>Opromieniony awansem do III rundy kwalifikacji do Ligi Mistrz\u00f3w zesp\u00f3\u0142 Rakowa Cz\u0119stochowa b\u0119dzie rywalem pi\u0142karzy Warty Pozna\u0144 w sobotnim pojedynku&#8230;<\/p>\n","protected":false},"author":36,"featured_media":26383,"comment_status":"closed","ping_status":"closed","sticky":false,"template":"","format":"standard","meta":{"om_disable_all_campaigns":false,"inline_featured_image":false,"footnotes":"","_links_to":"","_links_to_target":""},"categories":[94,100,245,1],"tags":[],"aioseo_notices":[],"_links":{"self":[{"href":"https:\/\/wartapoznan.pl\/index.php\/wp-json\/wp\/v2\/posts\/26380"}],"collection":[{"href":"https:\/\/wartapoznan.pl\/index.php\/wp-json\/wp\/v2\/posts"}],"about":[{"href":"https:\/\/wartapoznan.pl\/index.php\/wp-json\/wp\/v2\/types\/post"}],"author":[{"embeddable":true,"href":"https:\/\/wartapoznan.pl\/index.php\/wp-json\/wp\/v2\/users\/36"}],"replies":[{"embeddable":true,"href":"https:\/\/wartapoznan.pl\/index.php\/wp-json\/wp\/v2\/comments?post=26380"}],"version-history":[{"count":4,"href":"https:\/\/wartapoznan.pl\/index.php\/wp-json\/wp\/v2\/posts\/26380\/revisions"}],"predecessor-version":[{"id":26389,"href":"https:\/\/wartapoznan.pl\/index.php\/wp-json\/wp\/v2\/posts\/26380\/revisions\/26389"}],"wp:featuredmedia":[{"embeddable":true,"href":"https:\/\/wartapoznan.pl\/index.php\/wp-json\/wp\/v2\/media\/26383"}],"wp:attachment":[{"href":"https:\/\/wartapoznan.pl\/index.php\/wp-json\/wp\/v2\/media?parent=26380"}],"wp:term":[{"taxonomy":"category","embeddable":true,"href":"https:\/\/wartapoznan.pl\/index.php\/wp-json\/wp\/v2\/categories?post=26380"},{"taxonomy":"post_tag","embeddable":true,"href":"https:\/\/wartapoznan.pl\/index.php\/wp-json\/wp\/v2\/tags?post=26380"}],"curies":[{"name":"wp","href":"https:\/\/api.w.org\/{rel}","templated":true}]}}