{"id":26778,"date":"2023-08-27T09:54:34","date_gmt":"2023-08-27T07:54:34","guid":{"rendered":"https:\/\/wartapoznan.pl\/?p=26778"},"modified":"2023-08-27T09:54:34","modified_gmt":"2023-08-27T07:54:34","slug":"wideo-skrot-meczu-warta-poznan-cracovia-3","status":"publish","type":"post","link":"https:\/\/wartapoznan.pl\/index.php\/2023\/08\/27\/wideo-skrot-meczu-warta-poznan-cracovia-3\/","title":{"rendered":"[WIDEO] Skr\u00f3t meczu Warta Pozna\u0144 &#8211; Cracovia"},"content":{"rendered":"<p><strong>Zapraszamy do obejrzenia skr\u00f3tu meczu pi\u0142karzy Warty Pozna\u0144, kt\u00f3rzy w sobot\u0119 zremisowali 0:0 z Cracovi\u0105 w pojedynku na Stadionie Respect Energy w ramach 6. kolejki PKO Bank Polski Ekstraklasy.<\/strong><\/p>\n<p>Po kilku meczach &#8222;Zielonych&#8221; z du\u017c\u0105 liczb\u0105 goli tym razem kibice nie obejrzeli bramek, a i samych okazji do ich zdobycia by\u0142o jak na lekarstwo.<\/p>\n<p><iframe style=\"overflow: hidden; width: 100%; aspect-ratio: 16 \/ 9;\" src=\"https:\/\/embed.mls.mycujoo.tv\/player\/2UWmcdyuxawScGC4wMYhDud833U?publicKey=K8IS91R64HUMD85634D7QEJ8S5BUN7OM&#038;showQualitySelector=true\" frameborder=\"0\"><\/iframe><\/p>\n","protected":false},"excerpt":{"rendered":"<p>Zapraszamy do obejrzenia skr\u00f3tu meczu pi\u0142karzy Warty Pozna\u0144, kt\u00f3rzy w sobot\u0119 zremisowali 0:0 z Cracovi\u0105 w pojedynku na Stadionie Respect&#8230;<\/p>\n","protected":false},"author":36,"featured_media":26780,"comment_status":"closed","ping_status":"closed","sticky":false,"template":"","format":"standard","meta":{"om_disable_all_campaigns":false,"inline_featured_image":false,"footnotes":"","_links_to":"","_links_to_target":""},"categories":[94,100,245,337,1,246],"tags":[],"aioseo_notices":[],"_links":{"self":[{"href":"https:\/\/wartapoznan.pl\/index.php\/wp-json\/wp\/v2\/posts\/26778"}],"collection":[{"href":"https:\/\/wartapoznan.pl\/index.php\/wp-json\/wp\/v2\/posts"}],"about":[{"href":"https:\/\/wartapoznan.pl\/index.php\/wp-json\/wp\/v2\/types\/post"}],"author":[{"embeddable":true,"href":"https:\/\/wartapoznan.pl\/index.php\/wp-json\/wp\/v2\/users\/36"}],"replies":[{"embeddable":true,"href":"https:\/\/wartapoznan.pl\/index.php\/wp-json\/wp\/v2\/comments?post=26778"}],"version-history":[{"count":1,"href":"https:\/\/wartapoznan.pl\/index.php\/wp-json\/wp\/v2\/posts\/26778\/revisions"}],"predecessor-version":[{"id":26779,"href":"https:\/\/wartapoznan.pl\/index.php\/wp-json\/wp\/v2\/posts\/26778\/revisions\/26779"}],"wp:featuredmedia":[{"embeddable":true,"href":"https:\/\/wartapoznan.pl\/index.php\/wp-json\/wp\/v2\/media\/26780"}],"wp:attachment":[{"href":"https:\/\/wartapoznan.pl\/index.php\/wp-json\/wp\/v2\/media?parent=26778"}],"wp:term":[{"taxonomy":"category","embeddable":true,"href":"https:\/\/wartapoznan.pl\/index.php\/wp-json\/wp\/v2\/categories?post=26778"},{"taxonomy":"post_tag","embeddable":true,"href":"https:\/\/wartapoznan.pl\/index.php\/wp-json\/wp\/v2\/tags?post=26778"}],"curies":[{"name":"wp","href":"https:\/\/api.w.org\/{rel}","templated":true}]}}