{"id":27070,"date":"2023-09-16T15:24:17","date_gmt":"2023-09-16T13:24:17","guid":{"rendered":"https:\/\/wartapoznan.pl\/?p=27070"},"modified":"2023-09-16T15:24:17","modified_gmt":"2023-09-16T13:24:17","slug":"jedynetakiederby-warta-poznan-chce-przerwac-serie-w-meczach-z-lechem-poznan","status":"publish","type":"post","link":"https:\/\/wartapoznan.pl\/index.php\/2023\/09\/16\/jedynetakiederby-warta-poznan-chce-przerwac-serie-w-meczach-z-lechem-poznan\/","title":{"rendered":"#JedyneTakieDerby Warta Pozna\u0144 chce przerwa\u0107 seri\u0119 w meczach z Lechem Pozna\u0144"},"content":{"rendered":"<p><strong>&#8211; <em>W tym roku dobrze punktujemy z dru\u017cynami z najlepszej tr\u00f3jki w lidze: z Rakowem Cz\u0119stochowa mieli\u015bmy dwa remisy, z Legi\u0105 Warszawa wygrali\u015bmy, wi\u0119c teraz pora na Lecha Pozna\u0144<\/em> \u2013 m\u00f3wi Dawid Szulczek, trener Warty Pozna\u0144 przed derbami stolicy Wielkopolski. Spotkanie 8. kolejki PKO Bank Polski Ekstraklasy rozpocznie si\u0119 w niedziel\u0119 o godz. 17:30, a na stadionie przy Bu\u0142garskiej zapowiada si\u0119 rekordowa, jak na derby, frekwencja.<\/strong><\/p>\n<p>W sobot\u0119 po po\u0142udniu licznik os\u00f3b uprawnionych do wej\u015bcia na #JedyneTakieDerby pokazywa\u0142 ju\u017c blisko 24,5 tys. os\u00f3b. Jest wi\u0119c w\u0142a\u015bciwie przes\u0105dzone, \u017ce b\u0119dzie to najwy\u017csza frekwencja na meczu \u201eZielonych\u201d w Ekstraklasie, a tak\u017ce derby Poznania, mi\u0119dzy Wart\u0105 i Lechem, z najbardziej liczn\u0105 widowni\u0105 w historii.<\/p>\n<p><a href=\"https:\/\/wartapoznan.pl\/index.php\/2023\/08\/30\/jedynetakiederby-kup-bilet-na-mecz-warta-poznan-lech-poznan\/\" target=\"_blank\" rel=\"noopener noreferrer\">WSZYSTKO O WEJ\u015aCI\u00d3WKACH NA TEN HISTORYCZNY MECZ<\/a><\/p>\n<p>Wst\u0119pem do starcia dw\u00f3ch najlepszych dru\u017cyn pi\u0142karskich w mie\u015bcie by\u0142a \u2013 tradycyjnie ju\u017c &#8211; wsp\u00f3lna konferencja prasowa z udzia\u0142em trener\u00f3w obu dru\u017cyn. W pi\u0105tkowe popo\u0142udnie na stadionie przy Bu\u0142garskiej za zielonym sto\u0142em konferencyjnym usiedli John van den Brom i Dawid Szulczek. Jak zwykle, by\u0142o sporo u\u015bmiech\u00f3w i kurtuazji z obu stron. Dziennikarze wykorzystali jedn\u0105 z dw\u00f3ch w roku okazji do tego, by zada\u0107 m.in. wsp\u00f3lne pytania obu szkoleniowcom.<\/p>\n<p><img loading=\"lazy\" decoding=\"async\" width=\"1500\" height=\"1000\" class=\"aligncenter size-full wp-image-27075\" src=\"https:\/\/wartapoznan.pl\/wp-content\/uploads\/2023\/09\/WARLPO_konfa.jpg\" alt=\"Konferencja prasowa przed meczem Warta Pozna\u0144 - Lech Pozna\u0144\" srcset=\"https:\/\/wartapoznan.pl\/wp-content\/uploads\/2023\/09\/WARLPO_konfa.jpg 1500w, https:\/\/wartapoznan.pl\/wp-content\/uploads\/2023\/09\/WARLPO_konfa-300x200.jpg 300w, https:\/\/wartapoznan.pl\/wp-content\/uploads\/2023\/09\/WARLPO_konfa-128x85.jpg 128w, https:\/\/wartapoznan.pl\/wp-content\/uploads\/2023\/09\/WARLPO_konfa-32x21.jpg 32w\" sizes=\"(max-width: 1500px) 100vw, 1500px\" \/><\/p>\n<p>Gdy pojawi\u0142a si\u0119 kwestia tego, co jeden trener \u201ewzi\u0105\u0142by\u201d od drugiego, Dawid Szulczek wskaza\u0142 na ogromne do\u015bwiadczenie zdobyte zar\u00f3wno w meczach ligowych, ja i w europejskich pucharach. Z kolei Holender odpowiedzia\u0142 tak: &#8211; <em>Wiecie, \u017ce lubi\u0119 ofensywny futbol, a Warta trenera Szulczka coraz lepiej spisuje si\u0119 w\u0142a\u015bnie w ofensywie. Ciesz\u0119 si\u0119, \u017ce trener pracuje ju\u017c tak d\u0142ugo w klubie, dobrze zna lig\u0119 i wykonuje w Warcie dobr\u0105 robot\u0119, nie tylko w tym sezonie, ale tak\u017ce w poprzednich.<\/em><\/p>\n<p>Dla Dawida Szulczka b\u0119dzie to ju\u017c pi\u0105ty pojedynek z lokalnym rywalem. Niestety, poprzednie cztery, tak jak wcze\u015bniejsze dwa za kadencji trenera Piotra Tworka ko\u0144czy\u0142y si\u0119 po my\u015bli \u201eKolejorza\u2019. Ostatni raz Warta pokona\u0142a Lecha w po\u0142owie maja 1995 roku, gdy po dw\u00f3ch bramkach Piotra Prabuckiego niespodziewanie wygra\u0142a 2:1 przy Bu\u0142garskiej.<\/p>\n<p>Teraz trener \u201eZielonych\u201d przypomina, \u017ce wsp\u00f3\u0142czesne mecze derbowe nie by\u0142y tak jednostronne, jak mog\u0142aby na to wskazywa\u0107 seria zwyci\u0119stw Lecha. &#8211; Jest taka statystyka, kt\u00f3ra podpowiada, \u017ce w derbach czas teraz na Wart\u0119. Nie jest tak, \u017ce w ostatnich 6 meczach zas\u0142u\u017cylimy na zero punkt\u00f3w. Zdecydowanie powinni\u015bmy mie\u0107 ju\u017c jak\u0105\u015b zdobycz w derbach z Lechem \u2013 uwa\u017ca Dawid Szulczek i dodaje: &#8211; <em>Pr\u00f3bujemy doszlifowa\u0107 rzeczy, kt\u00f3re nam wychodzi\u0142y i pr\u00f3bujemy naprawi\u0107 to, co nam nie wysz\u0142o w dw\u00f3ch ostatnich meczach z Lechem. W tym roku dobrze punktujemy z dru\u017cynami z najlepszej tr\u00f3jki w lidze: z Rakowem Cz\u0119stochowa mieli\u015bmy dwa remisy, z Legi\u0105 Warszawa wygrali\u015bmy, wi\u0119c teraz pora na Lecha Pozna\u0144.<\/em><\/p>\n<p><img loading=\"lazy\" decoding=\"async\" width=\"1500\" height=\"1000\" class=\"aligncenter size-full wp-image-27072\" src=\"https:\/\/wartapoznan.pl\/wp-content\/uploads\/2023\/09\/Lech_Warta-1575_www.jpg\" alt=\"Lech Pozna\u0144 - Warta Pozna\u0144. Maciej \u017burawski\" srcset=\"https:\/\/wartapoznan.pl\/wp-content\/uploads\/2023\/09\/Lech_Warta-1575_www.jpg 1500w, https:\/\/wartapoznan.pl\/wp-content\/uploads\/2023\/09\/Lech_Warta-1575_www-300x200.jpg 300w, https:\/\/wartapoznan.pl\/wp-content\/uploads\/2023\/09\/Lech_Warta-1575_www-128x85.jpg 128w, https:\/\/wartapoznan.pl\/wp-content\/uploads\/2023\/09\/Lech_Warta-1575_www-32x21.jpg 32w\" sizes=\"(max-width: 1500px) 100vw, 1500px\" \/><\/p>\n<p>Do meczu z lokalnym przeciwnikiem Warta przyst\u0119puje z wy\u017cszego miejsca w tabeli \u2013 jest na \u00f3smej pozycji, a Lech zajmuje 10. lokat\u0119. Ma 8 pkt, czyli punkt mniej od \u201eZielonych\u201d, ale te\u017c dwa mecze do rozegrania wi\u0119cej. Te zaleg\u0142o\u015bci powsta\u0142y przez udzia\u0142 dru\u017cyny (oraz jej rywali) w eliminacjach do Ligi Konferencji Europy \u2013 od 20 sierpnia zesp\u00f3\u0142 z Bu\u0142garskiej rozegra\u0142 tylko jedno oficjalne spotkanie (1:1 z G\u00f3rnikiem Zabrze), wcze\u015bniej przegra\u0142 po 1:3 ze \u015al\u0105skiem Wroc\u0142aw i \u2013 sensacyjnie \u2013 ze Spartakiem Trnawa. Na wygran\u0105 w Ekstraklasie Lechici czekaj\u0105 od ostatniego weekendu lipca, kiedy to pokonali 2:0 Radomiaka Radom.<\/p>\n<p>To dlatego trener John van den Brom musia\u0142 odpowiada\u0107 na pytania, czy w czasie przerwy reprezentacyjnej znalaz\u0142 spos\u00f3b na popraw\u0119 gry i skuteczno\u015bci swoich zawodnik\u00f3w. \u2013 <em>Po analizie musieli\u015bmy zastanowi\u0107 si\u0119, sk\u0105d bierze si\u0119 problem z kreowaniem sytuacji i gole stracone przez nie najlepsz\u0105 organizacj\u0119 gry. Do tego strona fizyczna. Pracowali\u015bmy nad tym wszystkim i liczymy na to, \u017ce efekty tej pracy b\u0119dzie wida\u0107 w niedziel\u0119. Je\u015bli tak si\u0119 nie stanie, to b\u0119dzie to oznacza\u0142o, \u017ce gdzie\u015b pope\u0142nili\u015bmy b\u0142\u0119dy<\/em> \u2013 m\u00f3wi Holender.<\/p>\n<p>Dawid Szulczek uwa\u017ca, \u017ce \u015al\u0105sk i G\u00f3rnik mia\u0142y sporo szcz\u0119\u015bcia w starciach z \u201eKolejorzem\u201d. &#8211; <em>Lechowi takie mecze nie zdarzaj\u0105 si\u0119 cz\u0119sto, a ju\u017c na pewno nie po 3-4 z rz\u0119du, wi\u0119c musimy by\u0107 uwa\u017cni, \u017ceby nie dopuszcza\u0107 do sytuacji strzeleckich, bo fakt, \u017ce ostatnio brakowa\u0142o Lechowi skuteczno\u015bci nie oznacza, \u017ce w kolejnych spotkaniach te\u017c tak musi by\u0107<\/em> \u2013 m\u00f3wi szkoleniowiec Warty i dodaje: &#8211; <em>Jedyne, co mo\u017cemy wyci\u0105gn\u0105\u0107 z gry \u015al\u0105ska i G\u00f3rnika to to, \u017ce te dru\u017cyny broni\u0142y nisko, zamyka\u0142y przestrzenie, stara\u0142y si\u0119 wykorzysta\u0107 kontratak i sta\u0142e fragmenty gry. W tych aspektach rzeczywi\u015bcie mo\u017cna szuka\u0107 podpowiedzi na temat tego, jak broni\u0107 si\u0119 przeciwko Lechowi.<\/em><\/p>\n<p>Trener \u201eZielonych\u201d nie zgadza si\u0119 z tym, \u017ce kibice zn\u00f3w mog\u0105 zobaczy\u0107 \u201ezamkni\u0119ty\u201d mecz i m\u00f3wi z u\u015bmiechem: &#8211; <em>Ju\u017c ostatnie derby by\u0142y ca\u0142kiem niez\u0142e w wykonaniu obu zespo\u0142\u00f3w, a kibice zobaczyli sporo sytuacji bramkowych. Sam fakt, \u017ce s\u0119dzia Szymon Marciniak b\u0119dzie prowadzi\u0142 to spotkanie, sprawia, \u017ce b\u0119dziemy musieli zagra\u0107 troch\u0119 lepiej ni\u017c zazwyczaj gramy, bo inaczej nie wypada przy tak znakomitym arbitrze. S\u0119dzia Marciniak jest przyzwyczajony do innej jako\u015bci, wi\u0119c \u017ceby mu nie zbrzyd\u0142a Ekstraklasa, spr\u00f3bujemy wej\u015b\u0107 na wy\u017cszy poziom.<\/em><\/p>\n<p><img loading=\"lazy\" decoding=\"async\" width=\"1500\" height=\"1000\" class=\"aligncenter size-full wp-image-27073\" src=\"https:\/\/wartapoznan.pl\/wp-content\/uploads\/2023\/09\/WARLPO_trening.jpg\" alt=\"Trening Warty Pozna\u0144\" srcset=\"https:\/\/wartapoznan.pl\/wp-content\/uploads\/2023\/09\/WARLPO_trening.jpg 1500w, https:\/\/wartapoznan.pl\/wp-content\/uploads\/2023\/09\/WARLPO_trening-300x200.jpg 300w, https:\/\/wartapoznan.pl\/wp-content\/uploads\/2023\/09\/WARLPO_trening-128x85.jpg 128w, https:\/\/wartapoznan.pl\/wp-content\/uploads\/2023\/09\/WARLPO_trening-32x21.jpg 32w\" sizes=\"(max-width: 1500px) 100vw, 1500px\" \/><\/p>\n<p>W Warcie zabraknie Filipa Borowskiego, kt\u00f3ry jest wypo\u017cyczony z Lecha. Wyst\u0119p tego gracza wi\u0105za\u0142by si\u0119 z konieczno\u015bci\u0105 zap\u0142acenia dodatkowej kwoty, na co klub si\u0119 nie zdecyduje. Smutn\u0105 informacj\u0105 jest te\u017c nieobecno\u015b\u0107 Adama Zrelaka, kt\u00f3ry nabawi\u0142 si\u0119 uraz podczas zgrupowania reprezentacji S\u0142owacji. \u2013 <em>Jest kilku graczy, kt\u00f3rych wyst\u0119p stoi pod znakiem zapytania, ale nie powiem, o kogo chodzi, bo nie chc\u0119 u\u0142atwia\u0107 zadania Lechowi. Jedna informacja ju\u017c jednak wyp\u0142yn\u0119\u0142a, wi\u0119c mog\u0119 j\u0105 potwierdzi\u0107, \u017ce \u00a0Adam Zrelak ma do\u015b\u0107 powa\u017cny uraz i w derbach nie zagra<\/em> \u2013 przyznaje trener Szulczek.<\/p>\n<p>W ekipie rywali na boisku nie pojawi\u0105 si\u0119 pomocnicy Nika Kwekweskiri i Ali Gholizadeh (obaj urazy), a obro\u0144ca Elias Andersson zosta\u0142 niedawno ojcem i dopiero w poniedzia\u0142ek wr\u00f3ci ze Szwecji.<\/p>\n<p>&#8211; <em>Fajnie b\u0119dzie zn\u00f3w rozegra\u0107 derby Poznania, kt\u00f3re s\u0105 wyj\u0105tkowe, i zmierzy\u0107 si\u0119 z Wart\u0105. Tym bardziej, \u017ce to zesp\u00f3\u0142, kt\u00f3ry gra teraz coraz bardziej ofensywn\u0105 pi\u0142k\u0119. Mam nadziej\u0119, \u017ce ucieszy to kibic\u00f3w, je\u015bli zobacz\u0105 dwie dru\u017cyny walcz\u0105ce o zwyci\u0119stwo<\/em> \u2013 m\u00f3wi John van den Brom.<\/p>\n<p>#JedyneTakieDerby rozpoczn\u0105 si\u0119 w niedziel\u0119 o godz. 17:30 na Inea Stadionie przy ul. Bu\u0142garskiej. Wejd\u017a na <a href=\"https:\/\/bilety.wartapoznan.pl\/\" target=\"_blank\" rel=\"noopener noreferrer\">bilety.wartapoznan.pl<\/a> i kup bilet na 17. pojedynek Warta Pozna\u0144 \u2013 Lech Pozna\u0144 w Ekstraklasie.<\/p>\n","protected":false},"excerpt":{"rendered":"<p>&#8211; W tym roku dobrze punktujemy z dru\u017cynami z najlepszej tr\u00f3jki w lidze: z Rakowem Cz\u0119stochowa mieli\u015bmy dwa remisy, z&#8230;<\/p>\n","protected":false},"author":36,"featured_media":27074,"comment_status":"closed","ping_status":"closed","sticky":false,"template":"","format":"standard","meta":{"om_disable_all_campaigns":false,"inline_featured_image":false,"footnotes":"","_links_to":"","_links_to_target":""},"categories":[94,100,245,1],"tags":[],"aioseo_notices":[],"_links":{"self":[{"href":"https:\/\/wartapoznan.pl\/index.php\/wp-json\/wp\/v2\/posts\/27070"}],"collection":[{"href":"https:\/\/wartapoznan.pl\/index.php\/wp-json\/wp\/v2\/posts"}],"about":[{"href":"https:\/\/wartapoznan.pl\/index.php\/wp-json\/wp\/v2\/types\/post"}],"author":[{"embeddable":true,"href":"https:\/\/wartapoznan.pl\/index.php\/wp-json\/wp\/v2\/users\/36"}],"replies":[{"embeddable":true,"href":"https:\/\/wartapoznan.pl\/index.php\/wp-json\/wp\/v2\/comments?post=27070"}],"version-history":[{"count":2,"href":"https:\/\/wartapoznan.pl\/index.php\/wp-json\/wp\/v2\/posts\/27070\/revisions"}],"predecessor-version":[{"id":27076,"href":"https:\/\/wartapoznan.pl\/index.php\/wp-json\/wp\/v2\/posts\/27070\/revisions\/27076"}],"wp:featuredmedia":[{"embeddable":true,"href":"https:\/\/wartapoznan.pl\/index.php\/wp-json\/wp\/v2\/media\/27074"}],"wp:attachment":[{"href":"https:\/\/wartapoznan.pl\/index.php\/wp-json\/wp\/v2\/media?parent=27070"}],"wp:term":[{"taxonomy":"category","embeddable":true,"href":"https:\/\/wartapoznan.pl\/index.php\/wp-json\/wp\/v2\/categories?post=27070"},{"taxonomy":"post_tag","embeddable":true,"href":"https:\/\/wartapoznan.pl\/index.php\/wp-json\/wp\/v2\/tags?post=27070"}],"curies":[{"name":"wp","href":"https:\/\/api.w.org\/{rel}","templated":true}]}}