{"id":27077,"date":"2023-09-17T10:00:53","date_gmt":"2023-09-17T08:00:53","guid":{"rendered":"https:\/\/wartapoznan.pl\/?p=27077"},"modified":"2023-09-16T18:35:39","modified_gmt":"2023-09-16T16:35:39","slug":"rusza-akcja-stadion-otwarty-wejdz-i-zaglosuj","status":"publish","type":"post","link":"https:\/\/wartapoznan.pl\/index.php\/2023\/09\/17\/rusza-akcja-stadion-otwarty-wejdz-i-zaglosuj\/","title":{"rendered":"Rusza akcja Stadion otWarty \u2013 wejd\u017a i zag\u0142osuj"},"content":{"rendered":"<p><strong><em>\u201eCzy Warta Pozna\u0144 powinna rozgrywa\u0107 mecze na nowym obiekcie przy Drodze D\u0119bi\u0144skiej 12 w Poznaniu?\u201d<\/em> \u2013 o odpowied\u017a na to pytanie prosimy odwiedzaj\u0105cych stron\u0119 <a href=\"https:\/\/stadionotwarty.pl\/\" target=\"_blank\" rel=\"noopener noreferrer\">stadionotwarty.pl<\/a> w ramach uruchomionej w\u0142a\u015bnie akcji Stadion otWarty.<\/strong><\/p>\n<p>W niedziel\u0119, 17 wrze\u015bnia odb\u0119d\u0105 si\u0119 pi\u0142karskie derby stolicy Wielkopolski. #JedyneTakieDerby to pojedynek wyj\u0105tkowy \u2013 meczowi Warty Pozna\u0144 z Lechem Pozna\u0144 nie towarzysz\u0105 negatywne emocje, na trybunach jest mn\u00f3stwo rodzin i dzieci. Gospodarzem meczu w 8. kolejce PKO Bank Polski Ekstraklasy jest Warta, ale pojedynek odbywa si\u0119 na stadionie przy Bu\u0142garskiej, czyli tam, gdzie od lat 80. gra Lech. Dzi\u0119ki przeniesieniu meczu z Grodziska Wlkp. do Poznania w mie\u015bcie odbywa si\u0119 pi\u0142karskie \u015bwi\u0119to, a niedzielne spotkanie b\u0119dzie mia\u0142 prawdopodobnie rekordow\u0105 dla derb\u00f3w Poznania widowni\u0119 \u2013 ponad 25 tys. ludzi.<\/p>\n<p>Ale #JedyneTakieDerby to tak\u017ce okazja do tego, \u017ceby g\u0142o\u015bno powiedzie\u0107 o braku stadionu, na kt\u00f3rym Warta Pozna\u0144 mog\u0142aby na co dzie\u0144 podejmowa\u0107 swoich ligowych rywali w Ekstraklasie. Obiekt przy Drodze D\u0119bi\u0144skiej 12 si\u0119 do tego nie nadaje. Klub zabiega o gruntown\u0105 modernizacj\u0119 tamtejszej bazy sportowej. Przy okazji derb\u00f3w Warta wystartowa\u0142a z akcj\u0105 Stadion otWarty.<\/p>\n<p>&#8211; <em>Akcja ruszy\u0142a po to, \u017ceby da\u0107 mieszka\u0144com Poznania mo\u017cliwo\u015b\u0107 wyra\u017cenia swojego zdania na temat nowego obiektu dla Warty. Chcemy, aby nasz klub by\u0142 blisko kibic\u00f3w i mieszka\u0144c\u00f3w Poznania. Akcja Stadion otWarty to dla nas spos\u00f3b na poznanie ich oczekiwa\u0144 i potrzeb. Wierzymy, \u017ce wsp\u00f3lnie mo\u017cemy stworzy\u0107 miejsce, kt\u00f3re b\u0119dzie dum\u0105 dla ca\u0142ego miasta<\/em> \u2013 m\u00f3wi Marcin Kozubski, dyrektor marketingu i komunikacji Warty Pozna\u0144.<\/p>\n<p>O starcie akcji dowiedz\u0105 si\u0119 kibice, kt\u00f3rzy udadz\u0105 si\u0119 w niedziel\u0119 na mecz derbowy z Lechem. Ale do dyskusji i wyra\u017cenia swojej opinii klub zach\u0119ca ka\u017cdego. Wystarczy wej\u015b\u0107 na <a href=\"https:\/\/stadionotwarty.pl\/\" target=\"_blank\" rel=\"noopener noreferrer\">stadionotwarty.pl<\/a> i odpowiedzie\u0107 na pytanie: <em>\u201eCzy Warta Pozna\u0144 powinna rozgrywa\u0107 mecze na nowym obiekcie przy Drodze D\u0119bi\u0144skiej 12 w Poznaniu?\u201d. <\/em>Na stronie s\u0105 te\u017c informacje na temat obiekt\u00f3w projektowanych z my\u015bl\u0105 o modernizacji ca\u0142ej tamtejszej bazy sportowej.<\/p>\n<p>Warta Pozna\u0144 jest najstarszym klubem pi\u0142karskim Poznania i od lat jest integraln\u0105 cz\u0119\u015bci\u0105 kultury sportowej miasta. Jednak mimo swojej bogatej historii i tradycji, klub wci\u0105\u017c poszukuje swojego sta\u0142ego miejsca w sercu Poznania, gdzie m\u00f3g\u0142by rozwija\u0107 si\u0119, \u015bwi\u0119towa\u0107 swoje sukcesy wraz z kibicami i budowa\u0107 spo\u0142eczno\u015b\u0107. Akcja Stadion otWarty to inicjatywa maj\u0105ca na celu poznanie opinii mieszka\u0144c\u00f3w Poznania na temat nowego obiektu dla Warty Pozna\u0144 przy Drodze D\u0119bi\u0144skiej 12. Planowany kompleks nie b\u0119dzie s\u0142u\u017cy\u0142 jedynie rozgrywkom sportowym, ale stanie si\u0119 miejscem spotka\u0144 dla ca\u0142ej spo\u0142eczno\u015bci, integruj\u0105c r\u00f3\u017cne grupy spo\u0142eczne i promuj\u0105c warto\u015bci takie jak rozw\u00f3j, integracja i otwarto\u015b\u0107. Dodatkowo, w duchu ekologicznym, kompleks b\u0119dzie w pe\u0142ni ekologiczny, \u201coptymalny\u201d i mo\u017cliwie samowystarczalny, co sprawi, z\u0307e Poznan\u0301 zyska unikatowy punkt na mapie miasta.<\/p>\n<p>Akcja Stadion otWarty to nie tylko inicjatywa klubu, ale przede wszystkim pr\u00f3ba nawi\u0105zania dialogu z mieszka\u0144cami Poznania. Zach\u0119camy wszystkich do wzi\u0119cia udzia\u0142u w akcji, wyra\u017cenia swojego zdania i wsp\u00f3lnego tworzenia przysz\u0142o\u015bci Warty Pozna\u0144.<\/p>\n","protected":false},"excerpt":{"rendered":"<p>\u201eCzy Warta Pozna\u0144 powinna rozgrywa\u0107 mecze na nowym obiekcie przy Drodze D\u0119bi\u0144skiej 12 w Poznaniu?\u201d \u2013 o odpowied\u017a na to&#8230;<\/p>\n","protected":false},"author":36,"featured_media":27081,"comment_status":"closed","ping_status":"closed","sticky":false,"template":"","format":"standard","meta":{"om_disable_all_campaigns":false,"inline_featured_image":false,"footnotes":"","_links_to":"","_links_to_target":""},"categories":[290,94,100,245,1],"tags":[],"aioseo_notices":[],"_links":{"self":[{"href":"https:\/\/wartapoznan.pl\/index.php\/wp-json\/wp\/v2\/posts\/27077"}],"collection":[{"href":"https:\/\/wartapoznan.pl\/index.php\/wp-json\/wp\/v2\/posts"}],"about":[{"href":"https:\/\/wartapoznan.pl\/index.php\/wp-json\/wp\/v2\/types\/post"}],"author":[{"embeddable":true,"href":"https:\/\/wartapoznan.pl\/index.php\/wp-json\/wp\/v2\/users\/36"}],"replies":[{"embeddable":true,"href":"https:\/\/wartapoznan.pl\/index.php\/wp-json\/wp\/v2\/comments?post=27077"}],"version-history":[{"count":3,"href":"https:\/\/wartapoznan.pl\/index.php\/wp-json\/wp\/v2\/posts\/27077\/revisions"}],"predecessor-version":[{"id":27080,"href":"https:\/\/wartapoznan.pl\/index.php\/wp-json\/wp\/v2\/posts\/27077\/revisions\/27080"}],"wp:featuredmedia":[{"embeddable":true,"href":"https:\/\/wartapoznan.pl\/index.php\/wp-json\/wp\/v2\/media\/27081"}],"wp:attachment":[{"href":"https:\/\/wartapoznan.pl\/index.php\/wp-json\/wp\/v2\/media?parent=27077"}],"wp:term":[{"taxonomy":"category","embeddable":true,"href":"https:\/\/wartapoznan.pl\/index.php\/wp-json\/wp\/v2\/categories?post=27077"},{"taxonomy":"post_tag","embeddable":true,"href":"https:\/\/wartapoznan.pl\/index.php\/wp-json\/wp\/v2\/tags?post=27077"}],"curies":[{"name":"wp","href":"https:\/\/api.w.org\/{rel}","templated":true}]}}