{"id":27082,"date":"2023-09-17T21:01:49","date_gmt":"2023-09-17T19:01:49","guid":{"rendered":"https:\/\/wartapoznan.pl\/?p=27082"},"modified":"2023-09-17T21:02:07","modified_gmt":"2023-09-17T19:02:07","slug":"trwa-niemoc-warty-poznan-w-meczach-z-lechem-poznan","status":"publish","type":"post","link":"https:\/\/wartapoznan.pl\/index.php\/2023\/09\/17\/trwa-niemoc-warty-poznan-w-meczach-z-lechem-poznan\/","title":{"rendered":"Trwa niemoc Warty Pozna\u0144 w meczach z Lechem Pozna\u0144"},"content":{"rendered":"<p><strong>#JedyneTakieDerby zn\u00f3w nie dla Warty Pozna\u0144. \u201eZieloni\u201d przy rekordowej frekwencji na stadionie przy Bu\u0142garskiej ulegli Lechowi Pozna\u0144 0:2 w pojedynku 8. kolejki PKO Bank Polski Ekstraklasy.<\/strong><\/p>\n<p>Pierwsze w tym sezonie #JedyneTakieDerby zgromadzi\u0142y rekordow\u0105 publiczno\u015b\u0107. Poprawiony zosta\u0142 wynik frekwencyjny na meczach Warty Pozna\u0144 w Ekstraklasie, w starciach derbowych z Lechem Pozna\u0144, a tak\u017ce dotychczasowy rekord widowni na meczu ligowym w tym sezonie w Polsce. Nowy to 28 419 widz\u00f3w.<\/p>\n<p>Zanim rozpocz\u0105\u0142 si\u0119 mecz, oba zespo\u0142y w\u0142\u0105czy\u0142y si\u0119 do akcji \u201eStadiony Bez Barier\u201d. Ma ona na celu zach\u0119ci\u0107 do wyj\u015bcia z dom\u00f3w przez osoby z niepe\u0142nosprawno\u015bciami i odwiedzenia stadion\u00f3w, by uczestniczy\u0107 w meczach pi\u0142karskich. W eskorcie, kt\u00f3ra towarzyszy\u0142a \u201eZielonym\u201d podczas wyj\u015bcia na muraw\u0119, znalaz\u0142o si\u0119 dw\u00f3ch m\u0142odych zawodnik\u00f3w sekcji blind footballu Warty Pozna\u0144. Natomiast symbolicznie mecz rozpocz\u0119\u0142o kopni\u0119cie pi\u0142ki przez Dawida Nowaka, zawodnika amp futbolowej dru\u017cyny Warty, trzeciej si\u0142y w kraju.<\/p>\n<p>Ponadto, Kajetan Szmyt z Warty Pozna\u0144 jako pierwszy pi\u0142karz \u201eZielonych\u201d odebra\u0142 nagrod\u0119 M\u0142odzie\u017cowca Miesi\u0105ca Sierpnia od przedstawiciela PKO Banku Polskiego.<\/p>\n<p>Mieli\u015bmy te\u017c minut\u0119 ciszy, kt\u00f3ra by\u0142a po\u015bwi\u0119cona ofiarom napa\u015bci Zwi\u0105zku Radzieckiego na Polsk\u0119 w 1939 roku. Rocznica tej agresji przypada\u0142a w\u0142a\u015bnie w niedziel\u0119. Przypomnijmy, \u017ce w\u015br\u00f3d ofiar sowieckiego ludob\u00f3jstwa by\u0142 m.in. Marian Spojda, by\u0142y pi\u0142karz i trener Warty Pozna\u0144, zamordowany w Katyniu, w 1940 roku.<\/p>\n<p>W niedziel\u0119 przy Bu\u0142garskiej dru\u017cyna trenera Dawida Szulczka musia\u0142a sobie radzi\u0107 bez dw\u00f3ch podstawowych pi\u0142karzy, Adama Zrelaka i Jakuba Kie\u0142ba oraz Micha\u0142a Kopczy\u0144skiego. Ca\u0142\u0105 tr\u00f3jk\u0119 z gry wyeliminowa\u0142y urazy. Ze wzgl\u0119d\u00f3w proceduralnych w ekipie gospodarzy nie zagra\u0142 te\u017c Filip Borowski, m\u0142odzie\u017cowiec wypo\u017cyczony z Lecha Pozna\u0144. Tak\u017ce w dru\u017cynie w niebieskich strojach brakowa\u0142o kilku zawodnik\u00f3w, z Michaelem Ishakiem na czele.<\/p>\n<p>Ju\u017c w pierwszych minutach dwa razy bramce J\u0119drzeja Grobelnego zagrozi\u0142 Filip Marchwi\u0144ski. Najpierw po strzale z dystansu (bramkarz Warty obroni\u0142), a nast\u0119pnie po efektownym uderzeniu tzw. przewrotk\u0105, po kt\u00f3rym pi\u0142ka min\u0119\u0142a bramk\u0119. Na te pr\u00f3by odpowiedzia\u0142 Maciej \u017burawski, kt\u00f3ry w 7. minucie \u0142adnie z\u0142o\u017cy\u0142 si\u0119 do strza\u0142u z p\u00f3\u0142woleja, ale pos\u0142a\u0142 pi\u0142k\u0119 nad bramk\u0105.<\/p>\n<p>Po tej kr\u00f3tkiej wymianie cios\u00f3w derbowy pojedynek nieco si\u0119 uspokoi\u0142. Lech d\u0142ugo przebywa\u0142 z pi\u0142k\u0105 na po\u0142owie Warty, ale nic szczeg\u00f3lnego z tego nie wynika\u0142o. A\u017c do 28. minuty, kiedy to lechici zaatakowali praw\u0105 stron\u0105 boiska \u2013 po do\u015brodkowaniu Alfonso Sousy w polu bramkowym znalaz\u0142 si\u0119 Filip Marchwi\u0144ski i tylko delikatnie tr\u0105ci\u0142 pi\u0142k\u0119, kt\u00f3ra wpad\u0142a do bramki po ziemi, obok J\u0119drzeja Grobelnego.<\/p>\n<p>Gospodarze swoj\u0105 najlepsz\u0105 szans\u0119 na wyr\u00f3wnanie przed przerw\u0105 mieli w 34. minucie. Dzi\u0119ki pressingowi przej\u0119li w\u00f3wczas pi\u0142k\u0119 kopni\u0119t\u0105 przez Jespera Karstroema, w polu karnym znalaz\u0142 si\u0119 Kajetan Szmyt, a po jego zagraniu z bliska strzela\u0142 Konrad Matuszewski. Pi\u0142ka po rykoszecie wylecia\u0142a za boisko. Warta mia\u0142a rzut ro\u017cny, a po nim z powietrza uderza\u0142 Maciej \u017burawski \u2013 celnie, ale tam, gdzie by\u0142 akurat bramkarz Lecha.<\/p>\n<p>Pierwszy kwadrans drugiej po\u0142owy by\u0142 obiecuj\u0105cy dla pi\u0142karzy w zielonych koszulkach. W 56. minucie Kajetan Szmyt popisa\u0142 si\u0119 indywidualn\u0105 akcj\u0105, kt\u00f3r\u0105 zako\u0144czy\u0142 jednak niecelnym, technicznym strza\u0142em. Dwie minuty potem w polu karnym szar\u017cowa\u0142 Stefan Savi\u0107, min\u0105\u0142 obro\u0144c\u0119 i zagra\u0142 przed bramk\u0119, ale Maciej \u017burawski nie by\u0142 w stanie odda\u0107 strza\u0142u z kilku metr\u00f3w. Ten atak zako\u0144czy\u0142o mocne uderzenie Wiktora Ple\u015bnierowicza \u2013 celne, a w Bartosza Mrozka.<\/p>\n<p>Kto wie, czy najbli\u017cej gola na 1:1 nie by\u0142 jednak Miguel Luis, gdy w 77. minucie strzeli\u0142 z powietrza z 12 metr\u00f3w. Bramkarz Lecha tylko si\u0119 spojrza\u0142, jak pi\u0142ka mija s\u0142upek jego bramki. Gracze Lecha mieli w tym czasie bardzo dobr\u0105 okazj\u0119 za spraw\u0105 Kristoffera Velde, ale J\u0119drzej Grobelny sparowa\u0142 pi\u0142k\u0119.<\/p>\n<p>Losy derb\u00f3w rozstrzygn\u0119\u0142a akcja z 82. minuty. Adriel Ba Lua z pierwszej pi\u0142ki zagra\u0142 z prawej strony pod bramk\u0119 do Filipa Dagerstala, a Szwed g\u0142ow\u0105 pos\u0142a\u0142 pi\u0142k\u0119 do siatki. Ju\u017c w ostatniej minucie doliczonego czasu gry znakomit\u0105 interwencj\u0105 popisa\u0142 si\u0119 Konrad Matuszewski, kt\u00f3ry w\u015blizgiem powstrzyma\u0142 Filipa Szymczaka, gdy ten szykowa\u0142 si\u0119 do oddania strza\u0142u w sytuacji sam na sam z bramkarzem.<\/p>\n<p>Warta Pozna\u0144 po raz si\u00f3dmy z rz\u0119du przegra\u0142a pojedynek z lokalnym rywalem i w trzecim kolejnym spotkaniu nie zdoby\u0142a bramki.<\/p>\n<p><strong>WARTA POZNA\u0143 \u2013 LECH POZNA\u0143 0:2 (0:1)<\/strong><br \/>\n<strong>Bramki:<\/strong> Filip Marchwi\u0144ski (28. minuta), Filip Dagerstal (82.)<br \/>\n<strong>Warta Pozna\u0144:<\/strong> J\u0119drzej Grobelny \u2013 Dimitris Stavropoulos <strong>\u017b<\/strong> (75. Niilo Maenpaa), Dawid Szymonowicz, Wiktor Ple\u015bnierowicz \u2013 Jakub Bartkowski <strong>\u017b <\/strong>(83. Bogdan Tiru), Mateusz Kupczak (83. Jakub Paszkowski), Miguel Luis (83. Wiktor Kami\u0144ski), Konrad Matuszewski \u2013 Stefan Savi\u0107, Kajetan Szmyt <strong>\u017b<\/strong> \u2013 Maciej \u017burawski (61. Dario Vizinger).<br \/>\n<strong>S\u0119dziowa\u0142<\/strong> Szymon Marciniak z P\u0142ocka<br \/>\n<strong>Widz\u00f3w: 28 419<\/strong><\/p>\n","protected":false},"excerpt":{"rendered":"<p>#JedyneTakieDerby zn\u00f3w nie dla Warty Pozna\u0144. \u201eZieloni\u201d przy rekordowej frekwencji na stadionie przy Bu\u0142garskiej ulegli Lechowi Pozna\u0144 0:2 w pojedynku&#8230;<\/p>\n","protected":false},"author":36,"featured_media":27084,"comment_status":"closed","ping_status":"closed","sticky":false,"template":"","format":"standard","meta":{"om_disable_all_campaigns":false,"inline_featured_image":false,"footnotes":"","_links_to":"","_links_to_target":""},"categories":[94,100,245,1],"tags":[],"aioseo_notices":[],"_links":{"self":[{"href":"https:\/\/wartapoznan.pl\/index.php\/wp-json\/wp\/v2\/posts\/27082"}],"collection":[{"href":"https:\/\/wartapoznan.pl\/index.php\/wp-json\/wp\/v2\/posts"}],"about":[{"href":"https:\/\/wartapoznan.pl\/index.php\/wp-json\/wp\/v2\/types\/post"}],"author":[{"embeddable":true,"href":"https:\/\/wartapoznan.pl\/index.php\/wp-json\/wp\/v2\/users\/36"}],"replies":[{"embeddable":true,"href":"https:\/\/wartapoznan.pl\/index.php\/wp-json\/wp\/v2\/comments?post=27082"}],"version-history":[{"count":1,"href":"https:\/\/wartapoznan.pl\/index.php\/wp-json\/wp\/v2\/posts\/27082\/revisions"}],"predecessor-version":[{"id":27083,"href":"https:\/\/wartapoznan.pl\/index.php\/wp-json\/wp\/v2\/posts\/27082\/revisions\/27083"}],"wp:featuredmedia":[{"embeddable":true,"href":"https:\/\/wartapoznan.pl\/index.php\/wp-json\/wp\/v2\/media\/27084"}],"wp:attachment":[{"href":"https:\/\/wartapoznan.pl\/index.php\/wp-json\/wp\/v2\/media?parent=27082"}],"wp:term":[{"taxonomy":"category","embeddable":true,"href":"https:\/\/wartapoznan.pl\/index.php\/wp-json\/wp\/v2\/categories?post=27082"},{"taxonomy":"post_tag","embeddable":true,"href":"https:\/\/wartapoznan.pl\/index.php\/wp-json\/wp\/v2\/tags?post=27082"}],"curies":[{"name":"wp","href":"https:\/\/api.w.org\/{rel}","templated":true}]}}