{"id":27085,"date":"2023-09-17T21:57:25","date_gmt":"2023-09-17T19:57:25","guid":{"rendered":"https:\/\/wartapoznan.pl\/?p=27085"},"modified":"2023-09-17T23:50:41","modified_gmt":"2023-09-17T21:50:41","slug":"jedynetakiederby-opinie-trenerow-po-meczu-warta-poznan-lech-poznan","status":"publish","type":"post","link":"https:\/\/wartapoznan.pl\/index.php\/2023\/09\/17\/jedynetakiederby-opinie-trenerow-po-meczu-warta-poznan-lech-poznan\/","title":{"rendered":"#JedyneTakieDerby Opinie trener\u00f3w po meczu Warta Pozna\u0144 \u2013 Lech Pozna\u0144"},"content":{"rendered":"<p><strong>Warta przegra\u0142a z Lechem 0:2 w niedzielnych derbach Poznania rozegranych na stadionie przy Bu\u0142garskiej. Przeczytaj, co po meczu 8. kolejki PKO Bank Polski Ekstraklasy powiedzieli trenerzy obu dru\u017cyn:<\/strong><\/p>\n<p><strong>John van den Brom, trener Lecha Pozna\u0144: <\/strong><em>Jak dobrze wiecie po nienajlepszych wyst\u0119pach w naszym wykonaniu jestem pierwszy, \u017ceby o tym m\u00f3wi\u0107, jednak dzisiaj nie tylko uda\u0142o nam si\u0119 wygra\u0107, ale tak\u017ce zrobi\u0107 to w dobrym stylu. <\/em><\/p>\n<p><em>Na konferencji przed meczem m\u00f3wi\u0142em, \u017ce trenujemy naprawd\u0119 ci\u0119\u017cko i to w ko\u0144cu musia\u0142o prze\u0142o\u017cy\u0107 si\u0119 na wynik, tak\u017ce jestem z tego faktu bardzo zadowolony. Humory w szatni po takim rezultacie oczywi\u015bcie dopisuj\u0105, co bardzo dobrze zobaczy\u0107. W\u0142a\u015bnie takich wynik\u00f3w chcemy i potrzebujemy r\u00f3wnie\u017c w kolejnych spotkaniach.<\/em><\/p>\n<p><em>Du\u017ce gratulacje dla mojego zespo\u0142u, poniewa\u017c byli w stanie podnie\u015b\u0107 si\u0119 po s\u0142abszym okresie.<\/em><\/p>\n<p><strong><img loading=\"lazy\" decoding=\"async\" width=\"1500\" height=\"1000\" class=\"aligncenter size-full wp-image-27087\" src=\"https:\/\/wartapoznan.pl\/wp-content\/uploads\/2023\/09\/5A7A4546_www.jpg\" alt=\"Warta Pozna\u0144 - Lech Pozna\u0144 0:2. John van den Brom\" srcset=\"https:\/\/wartapoznan.pl\/wp-content\/uploads\/2023\/09\/5A7A4546_www.jpg 1500w, https:\/\/wartapoznan.pl\/wp-content\/uploads\/2023\/09\/5A7A4546_www-300x200.jpg 300w, https:\/\/wartapoznan.pl\/wp-content\/uploads\/2023\/09\/5A7A4546_www-128x85.jpg 128w, https:\/\/wartapoznan.pl\/wp-content\/uploads\/2023\/09\/5A7A4546_www-32x21.jpg 32w\" sizes=\"(max-width: 1500px) 100vw, 1500px\" \/><\/strong><\/p>\n<p><strong>Dawid Szulczek, trener Warty Pozna\u0144: <\/strong><em>\u0179le wchodzimy w pierwsze po\u0142owy mecz\u00f3w przy Bu\u0142garskiej. Wida\u0107, \u017ce jest lekki stres u nas. Drugie po\u0142owy s\u0105 du\u017co lepsze w naszym wykonaniu &#8211; tak by\u0142o ostatnio i tak by\u0142o dzisiaj. Sytuacje, kt\u00f3re stwarza Lech, maj\u0105 du\u017c\u0105 jako\u015b\u0107, co finalnie prze\u0142o\u017cy\u0142o si\u0119 dzisiaj na dwie bramki.<\/em><\/p>\n<p><em>My natomiast zbyt cz\u0119sto tracili\u015bmy pi\u0142k\u0119, pojawi\u0142y si\u0119 niedok\u0142adno\u015bci. Chcieli\u015bmy zagra\u0107 dzisiaj odwa\u017cniej, pr\u00f3bowali\u015bmy kr\u00f3tkiego rozegrania. Stracili\u015bmy Adama Zrelaka w zwi\u0105zku z czym brakowa\u0142o nam zawodnika utrzymuj\u0105cego pi\u0142k\u0119 z przodu, tak\u017ce musieli\u015bmy znale\u017a\u0107 inne rozwi\u0105zanie. W drugiej po\u0142owie zaprezentowali\u015bmy si\u0119 lepiej i na tym trzeba budowa\u0107 optymizm. \u00a0<\/em><\/p>\n<p><em>Warto zauwa\u017cy\u0107 to, \u017ce naszej dru\u017cynie ci\u0119\u017cko jest odpali\u0107 w rundzie jesiennej, poniewa\u017c zwykle latem odchodzi od nas kilku kluczowych zawodnik\u00f3w. Teraz dopad\u0142y nas jeszcze urazy &#8211; mam nadziej\u0119, \u017ce to ju\u017c ostatni raz, kiedy Dima Stavropoulos musia\u0142 zej\u015b\u0107 z boiska przed czasem. Ostatnio do\u0142\u0105czy\u0142 do nas tak\u017ce Bogdan Tiru, kt\u00f3ry pewnie w pa\u017adzierniku b\u0119dzie ca\u0142kowicie gotowy do gry. Patrz\u0119 wi\u0119c z du\u017cym optymizmem na to, co si\u0119 b\u0119dzie dzia\u0142o w przysz\u0142o\u015bci, natomiast nie ukrywam, \u017ce bardzo trudno nam tu zapunktowa\u0107.<\/em><\/p>\n<p><em>Zdecydowali\u015bmy si\u0119 na zmian\u0119 strategii w tym meczu, poniewa\u017c Dario Vizingerowi by\u0142oby ci\u0119\u017cko dzisiaj rywalizowa\u0107 z obro\u0144cami Lecha, dlatego postawili\u015bmy na wi\u0119ksz\u0105 mobilno\u015b\u0107 w postaci Ma\u0107ka \u017burawskiego. Jak si\u0119 okaza\u0142o Lech mia\u0142 do\u015b\u0107 podobny pomys\u0142 w kontek\u015bcie boiskowej dziewi\u0105tki, kt\u00f3r\u0105 by\u0142 Filip Marchwi\u0144ski.<\/em><\/p>\n<p><em>Ca\u0142o\u015bciowo nie zgodz\u0119 si\u0119 z tym, \u017ce grali\u015bmy tak, jak we wcze\u015bniejszych meczach. W poprzednich spotkaniach byli\u015bmy praktycznie ca\u0142y czas w obronie niskiej, a dzisiaj cz\u0119sto wychodzili\u015bmy do pressingu, co pewnie potwierdz\u0105 liczby.\u00a0 <\/em><\/p>\n<p><em>Natomiast r\u00f3\u017cnice mi\u0119dzy nami znowu zwi\u0119kszy\u0142y si\u0119 przez to, \u017ce Lech zrobi\u0142 mocne transfery, a my wzi\u0119li\u015bmy zawodnik\u00f3w na odbudowanie, cz\u0119\u015b\u0107 odesz\u0142a od nas latem. Jeszcze jaki\u015b transfer jest nam potrzebny: na pewno w zimie i najlepiej jeszcze teraz.<\/em><\/p>\n<p><em>Realnie, \u017ceby wygra\u0107 taki mecz tak naprawd\u0119 wiele rzeczy musi wsp\u00f3\u0142gra\u0107. Potrzebujemy wi\u0119cej szcz\u0119\u015bcia, wszystkich zawodnik\u00f3w zdrowych, a tak\u017ce kilku os\u0142abie\u0144 w obozie rywala. Sprowadzenie wyniku do systemu, odwagi, czy tego czy nam si\u0119 chce to b\u0142\u0119dna droga. Przyczyn nale\u017cy szuka\u0107 w jako\u015bci.<\/em><\/p>\n<p><em>J\u0119drek Grobelny zalicza du\u017cy post\u0119p z rundy na rund\u0119. Co prawda dalej musi pracowa\u0107 na przedpolu, ale jest wielu golkiper\u00f3w w Ekstraklasie, kt\u00f3rzy te\u017c maj\u0105 z tym problem. Adrian Lis wraca ju\u017c po urazie, natomiast J\u0119drek nie daje nam powod\u00f3w, \u017ceby\u015bmy zmienili go w bramce. Ciesz\u0119 si\u0119, \u017ce mamy w kadrze dw\u00f3ch dobrych bramkarzy. <\/em><\/p>\n<p><em>Je\u017celi chodzi o kontuzj\u0119 Adama Zrelaka to jutro b\u0119dziemy mie\u0107 ostateczny wynik bada\u0144 i powinni\u015bmy wiedzie\u0107, jak powa\u017cny jest to uraz. Niemniej na pewno jego przerwa b\u0119dzie d\u0142u\u017csza ni\u017c kr\u00f3tsza.<\/em><\/p>\n","protected":false},"excerpt":{"rendered":"<p>Warta przegra\u0142a z Lechem 0:2 w niedzielnych derbach Poznania rozegranych na stadionie przy Bu\u0142garskiej. Przeczytaj, co po meczu 8. kolejki&#8230;<\/p>\n","protected":false},"author":36,"featured_media":27088,"comment_status":"closed","ping_status":"closed","sticky":false,"template":"","format":"standard","meta":{"om_disable_all_campaigns":false,"inline_featured_image":false,"footnotes":"","_links_to":"","_links_to_target":""},"categories":[94,100,245,1],"tags":[],"aioseo_notices":[],"_links":{"self":[{"href":"https:\/\/wartapoznan.pl\/index.php\/wp-json\/wp\/v2\/posts\/27085"}],"collection":[{"href":"https:\/\/wartapoznan.pl\/index.php\/wp-json\/wp\/v2\/posts"}],"about":[{"href":"https:\/\/wartapoznan.pl\/index.php\/wp-json\/wp\/v2\/types\/post"}],"author":[{"embeddable":true,"href":"https:\/\/wartapoznan.pl\/index.php\/wp-json\/wp\/v2\/users\/36"}],"replies":[{"embeddable":true,"href":"https:\/\/wartapoznan.pl\/index.php\/wp-json\/wp\/v2\/comments?post=27085"}],"version-history":[{"count":4,"href":"https:\/\/wartapoznan.pl\/index.php\/wp-json\/wp\/v2\/posts\/27085\/revisions"}],"predecessor-version":[{"id":27091,"href":"https:\/\/wartapoznan.pl\/index.php\/wp-json\/wp\/v2\/posts\/27085\/revisions\/27091"}],"wp:featuredmedia":[{"embeddable":true,"href":"https:\/\/wartapoznan.pl\/index.php\/wp-json\/wp\/v2\/media\/27088"}],"wp:attachment":[{"href":"https:\/\/wartapoznan.pl\/index.php\/wp-json\/wp\/v2\/media?parent=27085"}],"wp:term":[{"taxonomy":"category","embeddable":true,"href":"https:\/\/wartapoznan.pl\/index.php\/wp-json\/wp\/v2\/categories?post=27085"},{"taxonomy":"post_tag","embeddable":true,"href":"https:\/\/wartapoznan.pl\/index.php\/wp-json\/wp\/v2\/tags?post=27085"}],"curies":[{"name":"wp","href":"https:\/\/api.w.org\/{rel}","templated":true}]}}