{"id":27092,"date":"2023-09-18T14:21:39","date_gmt":"2023-09-18T12:21:39","guid":{"rendered":"https:\/\/wartapoznan.pl\/?p=27092"},"modified":"2023-09-18T14:21:39","modified_gmt":"2023-09-18T12:21:39","slug":"wideo-skrot-meczu-warta-poznan-lech-poznan-3","status":"publish","type":"post","link":"https:\/\/wartapoznan.pl\/index.php\/2023\/09\/18\/wideo-skrot-meczu-warta-poznan-lech-poznan-3\/","title":{"rendered":"[WIDEO] Skr\u00f3t meczu Warta Pozna\u0144 &#8211; Lech Pozna\u0144"},"content":{"rendered":"<p><strong>Zapraszamy do obejrzenia skr\u00f3tu derb\u00f3w Poznania, czyli niedzielnego spotkania Warty z Lechem w 8. kolejce PKO Bank Polski Ekstraklasy.<\/strong><\/p>\n<p>#JedyneTakieDerby ju\u017c za nami. Niestety, w obecno\u015bci 28 419 os\u00f3b (to nowy rekord frekwencji na meczu &#8222;Zielonych&#8221; w Ekstraklasie) na stadionie przy Bu\u0142garskiej Lech okaza\u0142 si\u0119 lepszy i wygra\u0142 2:0 po golach Filipa Marchwi\u0144skiego i Filipa Dagerstala. <\/p>\n<p><iframe src=\"https:\/\/embed.mls.mycujoo.tv\/player\/2VXDTw8nt2Siv4W4YQ8nEXBXs6J?publicKey=K8IS91R64HUMD85634D7QEJ8S5BUN7OM&#038;showQualitySelector=true\" frameborder=\"0\" style=\"overflow: hidden; width: 100%; aspect-ratio: 16 \/ 9\" allow=\"encrypted-media; fullscreen\"><\/iframe><\/p>\n","protected":false},"excerpt":{"rendered":"<p>Zapraszamy do obejrzenia skr\u00f3tu derb\u00f3w Poznania, czyli niedzielnego spotkania Warty z Lechem w 8. kolejce PKO Bank Polski Ekstraklasy. #JedyneTakieDerby&#8230;<\/p>\n","protected":false},"author":36,"featured_media":27096,"comment_status":"closed","ping_status":"closed","sticky":false,"template":"","format":"standard","meta":{"om_disable_all_campaigns":false,"inline_featured_image":false,"footnotes":"","_links_to":"","_links_to_target":""},"categories":[94,100,245,1,246],"tags":[],"aioseo_notices":[],"_links":{"self":[{"href":"https:\/\/wartapoznan.pl\/index.php\/wp-json\/wp\/v2\/posts\/27092"}],"collection":[{"href":"https:\/\/wartapoznan.pl\/index.php\/wp-json\/wp\/v2\/posts"}],"about":[{"href":"https:\/\/wartapoznan.pl\/index.php\/wp-json\/wp\/v2\/types\/post"}],"author":[{"embeddable":true,"href":"https:\/\/wartapoznan.pl\/index.php\/wp-json\/wp\/v2\/users\/36"}],"replies":[{"embeddable":true,"href":"https:\/\/wartapoznan.pl\/index.php\/wp-json\/wp\/v2\/comments?post=27092"}],"version-history":[{"count":1,"href":"https:\/\/wartapoznan.pl\/index.php\/wp-json\/wp\/v2\/posts\/27092\/revisions"}],"predecessor-version":[{"id":27097,"href":"https:\/\/wartapoznan.pl\/index.php\/wp-json\/wp\/v2\/posts\/27092\/revisions\/27097"}],"wp:featuredmedia":[{"embeddable":true,"href":"https:\/\/wartapoznan.pl\/index.php\/wp-json\/wp\/v2\/media\/27096"}],"wp:attachment":[{"href":"https:\/\/wartapoznan.pl\/index.php\/wp-json\/wp\/v2\/media?parent=27092"}],"wp:term":[{"taxonomy":"category","embeddable":true,"href":"https:\/\/wartapoznan.pl\/index.php\/wp-json\/wp\/v2\/categories?post=27092"},{"taxonomy":"post_tag","embeddable":true,"href":"https:\/\/wartapoznan.pl\/index.php\/wp-json\/wp\/v2\/tags?post=27092"}],"curies":[{"name":"wp","href":"https:\/\/api.w.org\/{rel}","templated":true}]}}