{"id":27100,"date":"2023-09-18T17:19:00","date_gmt":"2023-09-18T15:19:00","guid":{"rendered":"https:\/\/wartapoznan.pl\/?p=27100"},"modified":"2023-09-18T17:30:01","modified_gmt":"2023-09-18T15:30:01","slug":"bialo-czerwoni-gora-w-amp-futbol-cup-2023-polki-z-historycznym-zwyciestwem","status":"publish","type":"post","link":"https:\/\/wartapoznan.pl\/index.php\/2023\/09\/18\/bialo-czerwoni-gora-w-amp-futbol-cup-2023-polki-z-historycznym-zwyciestwem\/","title":{"rendered":"Bia\u0142o-Czerwoni g\u00f3r\u0105 w Amp Futbol Cup 2023. Polki z historycznym zwyci\u0119stwem"},"content":{"rendered":"<p><strong>To by\u0142 wymarzony weekend dla polskiego amp futbolu. Reprezentacja Polski okaza\u0142a si\u0119 najlepsza w tegorocznej edycji turnieju Amp Futbol Cup rozgrywanego na stadionie Hutnika przy ul. Marymonckiej w Warszawie. W kadrze podopiecznych Dmytro Kameki znale\u017ali si\u0119 Hubert Mularczyk i Mateusz Warakomski, kt\u00f3rzy na co dzie\u0144 broni\u0105 barw Warty Pozna\u0144 w rozgrywkach PZU Amp Futbol Ekstraklasy. Niedziela przesz\u0142a do historii za spraw\u0105 reprezentantek Polski, kt\u00f3re w swoim premierowym starciu pokona\u0142y Stany Zjednoczone 1:0. W sk\u0142adzie zobaczyli\u015bmy Dari\u0119 Majkowsk\u0105, Aleksandr\u0119 Matczak, Monik\u0119 Kukl\u0119 i Mart\u0119 Oblas (wszystkie Warta Pozna\u0144).<\/strong><\/p>\n<p>Polscy kadrowicze byli jednym z faworyt\u00f3w warszawskiego turnieju, cho\u0107 jego obsada robi\u0142a wra\u017cenie. Do stolicy Polski zawitali m.in. Anglicy, kt\u00f3rzy w czerwcu zwyci\u0119\u017cyli w rozgrywkach Ligi Narod\u00f3w, a grono uczestnik\u00f3w uzupe\u0142nili Amerykanie, Japo\u0144czycy i Kostarykanie, czyli zespo\u0142y z do\u015bwiadczeniem z mistrzostw \u015bwiata.<\/p>\n<p>W pierwszym sobotnim spotkaniu Bia\u0142o-Czerwoni uporali si\u0119 z zespo\u0142em Stan\u00f3w Zjednoczonych, zwyci\u0119\u017caj\u0105c go 2:0 po bramkach Krzysztofa Wrony i Jakuba Ko\u017cucha. Dok\u0142adnie takim samym wynikiem na korzy\u015b\u0107 naszej kadry zako\u0144czy\u0142o si\u0119 starcie z Japoni\u0105. Tym razem do siatki rywali trafili Dominik Abramczyk oraz Kamil Grygiel.<\/p>\n<p>Drugi dzie\u0144 zawod\u00f3w r\u00f3wnie\u017c rozpocz\u0105\u0142 si\u0119 po my\u015bli Polak\u00f3w. Zawodnicy Dmytro Kameki wykazali si\u0119 du\u017c\u0105 skuteczno\u015bci\u0105 i nie dali wi\u0119kszych szans Kostaryce, triumfuj\u0105c a\u017c 4:0. Warto zaznaczy\u0107, \u017ce czyste konto w tym meczu zanotowa\u0142 Hubert Mularczyk, a jedno z trafie\u0144 zaliczy\u0142 Mateusz Warakomski (obaj na zdj\u0119ciu poni\u017cej). W ostatnim spotkaniu kadra Polski zremisowa\u0142a bezbramkowo z Angli\u0105, co finalnie prze\u0142o\u017cy\u0142o si\u0119 na zwyci\u0119stwo naszej kadry w ca\u0142ym turnieju.<\/p>\n<p><img loading=\"lazy\" decoding=\"async\" width=\"1500\" height=\"1000\" class=\"alignnone size-full wp-image-27102\" src=\"https:\/\/wartapoznan.pl\/wp-content\/uploads\/2023\/09\/Projekt-bez-nazwy.png\" alt=\"\" srcset=\"https:\/\/wartapoznan.pl\/wp-content\/uploads\/2023\/09\/Projekt-bez-nazwy.png 1500w, https:\/\/wartapoznan.pl\/wp-content\/uploads\/2023\/09\/Projekt-bez-nazwy-300x200.png 300w, https:\/\/wartapoznan.pl\/wp-content\/uploads\/2023\/09\/Projekt-bez-nazwy-128x85.png 128w, https:\/\/wartapoznan.pl\/wp-content\/uploads\/2023\/09\/Projekt-bez-nazwy-32x21.png 32w\" sizes=\"(max-width: 1500px) 100vw, 1500px\" \/><\/p>\n<p>Powody do rado\u015bci mia\u0142y te\u017c panie. Niemal p\u00f3\u0142tora roku po za\u0142o\u017ceniu dru\u017cyny narodowej Polki rozegra\u0142y pierwszy w historii oficjalny mecz. Ich przeciwniczkami by\u0142y Amerykanki. Gola na wag\u0119 historycznej wygranej strzeli\u0142a w 27. minucie Marta Rumi\u0144ska, kt\u00f3ra wykorzysta\u0142a sytuacj\u0119 \u201eoko w oko&#8221; z bramkark\u0105. W pierwszym sk\u0142adzie zobaczyli\u015bmy Dari\u0119 Majkowsk\u0105 i Monik\u0119 Kukl\u0119, a na \u0142awce rezerwowych spotkanie zacz\u0119\u0142y Aleksandra Matczak i Marta Olbas. Ca\u0142a czw\u00f3rka jest zwi\u0105zana z Wart\u0105 Pozna\u0144.<\/p>\n<p><strong><img loading=\"lazy\" decoding=\"async\" width=\"1500\" height=\"1000\" class=\"alignnone size-full wp-image-27104\" src=\"https:\/\/wartapoznan.pl\/wp-content\/uploads\/2023\/09\/Projekt-bez-nazwy-1.png\" alt=\"\" srcset=\"https:\/\/wartapoznan.pl\/wp-content\/uploads\/2023\/09\/Projekt-bez-nazwy-1.png 1500w, https:\/\/wartapoznan.pl\/wp-content\/uploads\/2023\/09\/Projekt-bez-nazwy-1-300x200.png 300w, https:\/\/wartapoznan.pl\/wp-content\/uploads\/2023\/09\/Projekt-bez-nazwy-1-128x85.png 128w, https:\/\/wartapoznan.pl\/wp-content\/uploads\/2023\/09\/Projekt-bez-nazwy-1-32x21.png 32w\" sizes=\"(max-width: 1500px) 100vw, 1500px\" \/><\/strong><\/p>\n<p><strong>Wyniki spotka\u0144 reprezentacji Polski w Amp Futbol Cup 2023:<\/strong><\/p>\n<p>Polska \u2013 Stany Zjednoczone 2:0<\/p>\n<p>Japonia &#8211; Polska 0:2<\/p>\n<p>Polska \u2013 Kostaryka 4:0<\/p>\n<p>Anglia \u2013 Polska 0:0<\/p>\n<p><strong>Mecz towarzyski kobiet: Polska &#8211; Stany Zjednoczone 1:0<\/strong><\/p>\n<p>&nbsp;<\/p>\n<p>Autorka zdj\u0119\u0107: Paula Duda \/ Amp Futbol Polska<\/p>\n","protected":false},"excerpt":{"rendered":"<p>To by\u0142 wymarzony weekend dla polskiego amp futbolu. Reprezentacja Polski okaza\u0142a si\u0119 najlepsza w tegorocznej edycji turnieju Amp Futbol Cup&#8230;<\/p>\n","protected":false},"author":36,"featured_media":27101,"comment_status":"closed","ping_status":"closed","sticky":false,"template":"","format":"standard","meta":{"om_disable_all_campaigns":false,"inline_featured_image":false,"footnotes":"","_links_to":"","_links_to_target":""},"categories":[94,184,1],"tags":[],"aioseo_notices":[],"_links":{"self":[{"href":"https:\/\/wartapoznan.pl\/index.php\/wp-json\/wp\/v2\/posts\/27100"}],"collection":[{"href":"https:\/\/wartapoznan.pl\/index.php\/wp-json\/wp\/v2\/posts"}],"about":[{"href":"https:\/\/wartapoznan.pl\/index.php\/wp-json\/wp\/v2\/types\/post"}],"author":[{"embeddable":true,"href":"https:\/\/wartapoznan.pl\/index.php\/wp-json\/wp\/v2\/users\/36"}],"replies":[{"embeddable":true,"href":"https:\/\/wartapoznan.pl\/index.php\/wp-json\/wp\/v2\/comments?post=27100"}],"version-history":[{"count":6,"href":"https:\/\/wartapoznan.pl\/index.php\/wp-json\/wp\/v2\/posts\/27100\/revisions"}],"predecessor-version":[{"id":27110,"href":"https:\/\/wartapoznan.pl\/index.php\/wp-json\/wp\/v2\/posts\/27100\/revisions\/27110"}],"wp:featuredmedia":[{"embeddable":true,"href":"https:\/\/wartapoznan.pl\/index.php\/wp-json\/wp\/v2\/media\/27101"}],"wp:attachment":[{"href":"https:\/\/wartapoznan.pl\/index.php\/wp-json\/wp\/v2\/media?parent=27100"}],"wp:term":[{"taxonomy":"category","embeddable":true,"href":"https:\/\/wartapoznan.pl\/index.php\/wp-json\/wp\/v2\/categories?post=27100"},{"taxonomy":"post_tag","embeddable":true,"href":"https:\/\/wartapoznan.pl\/index.php\/wp-json\/wp\/v2\/tags?post=27100"}],"curies":[{"name":"wp","href":"https:\/\/api.w.org\/{rel}","templated":true}]}}