{"id":27119,"date":"2023-09-18T13:52:23","date_gmt":"2023-09-18T11:52:23","guid":{"rendered":"https:\/\/wartapoznan.pl\/?p=27119"},"modified":"2023-09-19T14:02:00","modified_gmt":"2023-09-19T12:02:00","slug":"blanka-borowa-powolana-do-mlodziezowej-reprezentacji-polski","status":"publish","type":"post","link":"https:\/\/wartapoznan.pl\/index.php\/2023\/09\/18\/blanka-borowa-powolana-do-mlodziezowej-reprezentacji-polski\/","title":{"rendered":"Blanka Borowa powo\u0142ana do M\u0142odzie\u017cowej Reprezentacji Polski"},"content":{"rendered":"<div class=\"xdj266r x11i5rnm xat24cr x1mh8g0r x1vvkbs x126k92a\">\n<div dir=\"auto\"><strong>Ofensywna zawodniczka Juniorek Warty Pozna\u0144, Blanka Borowa, dzi\u0119ki swojej znakomitej postawie w meczach ligowych zosta\u0142a powo\u0142ana na zgrupowanie Reprezentacji Polski Kobiet do lat 17.<\/strong><\/div>\n<div dir=\"auto\"><\/div>\n<div dir=\"auto\">Kilka tygodni temu napastniczka do\u0142\u0105czy\u0142a do dru\u017cyny Warty Pozna\u0144 do lat 16. Swoj\u0105 postaw\u0105 na boisku i poza nim wywalczy\u0142a opask\u0119 kapitanki. Po czterech spotkaniach Centralnej Ligi Juniorek<br \/>\nma na koncie a\u017c 15 zdobytych bramek.<\/div>\n<\/div>\n<div class=\"x11i5rnm xat24cr x1mh8g0r x1vvkbs xtlvy1s x126k92a\">\n<div dir=\"auto\"><\/div>\n<div dir=\"auto\">A od poniedzia\u0142ku trenuje na zgrupowaniu szkoleniowo-selekcyjnym Reprezentacji Polski do lat 17. Blanka Borowa do \u015brody przebywa\u0107 b\u0119dzie w Pruszkowie wraz z innymi reprezentantkami powo\u0142anymi przez Selekcjonera Marcina Kasprowicza.<\/div>\n<\/div>\n<div class=\"x11i5rnm xat24cr x1mh8g0r x1vvkbs xtlvy1s x126k92a\">\n<div dir=\"auto\"><\/div>\n<div dir=\"auto\">Gratulujemy i \u017cyczymy powodzenia! Trzeba przyzna\u0107, \u017ce pocz\u0105tek rundy jesiennej nale\u017cy do Blanki.<\/div>\n<\/div>\n","protected":false},"excerpt":{"rendered":"<p>Ofensywna zawodniczka Juniorek Warty Pozna\u0144, Blanka Borowa, dzi\u0119ki swojej znakomitej postawie w meczach ligowych zosta\u0142a powo\u0142ana na zgrupowanie Reprezentacji Polski&#8230;<\/p>\n","protected":false},"author":36,"featured_media":27120,"comment_status":"closed","ping_status":"closed","sticky":false,"template":"","format":"standard","meta":{"om_disable_all_campaigns":false,"inline_featured_image":false,"footnotes":"","_links_to":"","_links_to_target":""},"categories":[95,1],"tags":[],"aioseo_notices":[],"_links":{"self":[{"href":"https:\/\/wartapoznan.pl\/index.php\/wp-json\/wp\/v2\/posts\/27119"}],"collection":[{"href":"https:\/\/wartapoznan.pl\/index.php\/wp-json\/wp\/v2\/posts"}],"about":[{"href":"https:\/\/wartapoznan.pl\/index.php\/wp-json\/wp\/v2\/types\/post"}],"author":[{"embeddable":true,"href":"https:\/\/wartapoznan.pl\/index.php\/wp-json\/wp\/v2\/users\/36"}],"replies":[{"embeddable":true,"href":"https:\/\/wartapoznan.pl\/index.php\/wp-json\/wp\/v2\/comments?post=27119"}],"version-history":[{"count":1,"href":"https:\/\/wartapoznan.pl\/index.php\/wp-json\/wp\/v2\/posts\/27119\/revisions"}],"predecessor-version":[{"id":27121,"href":"https:\/\/wartapoznan.pl\/index.php\/wp-json\/wp\/v2\/posts\/27119\/revisions\/27121"}],"wp:featuredmedia":[{"embeddable":true,"href":"https:\/\/wartapoznan.pl\/index.php\/wp-json\/wp\/v2\/media\/27120"}],"wp:attachment":[{"href":"https:\/\/wartapoznan.pl\/index.php\/wp-json\/wp\/v2\/media?parent=27119"}],"wp:term":[{"taxonomy":"category","embeddable":true,"href":"https:\/\/wartapoznan.pl\/index.php\/wp-json\/wp\/v2\/categories?post=27119"},{"taxonomy":"post_tag","embeddable":true,"href":"https:\/\/wartapoznan.pl\/index.php\/wp-json\/wp\/v2\/tags?post=27119"}],"curies":[{"name":"wp","href":"https:\/\/api.w.org\/{rel}","templated":true}]}}