{"id":27246,"date":"2023-09-30T23:25:29","date_gmt":"2023-09-30T21:25:29","guid":{"rendered":"https:\/\/wartapoznan.pl\/?p=27246"},"modified":"2023-09-30T23:25:29","modified_gmt":"2023-09-30T21:25:29","slug":"pechowa-porazka-warty-poznan-ze-slaskiem-wroclaw","status":"publish","type":"post","link":"https:\/\/wartapoznan.pl\/index.php\/2023\/09\/30\/pechowa-porazka-warty-poznan-ze-slaskiem-wroclaw\/","title":{"rendered":"Pechowa pora\u017cka Warty Pozna\u0144 ze \u015al\u0105skiem Wroc\u0142aw"},"content":{"rendered":"<p><strong>Warta Pozna\u0144 przegra\u0142a 0:1 ze \u015al\u0105skiem Wroc\u0142aw w 10. kolejce PKO Bank Polski Ekstraklasy, ale na Stadionie Respect Energy w Grodzisku Wlkp. rozegra\u0142a mecz, kt\u00f3rego nie musi si\u0119 wstydzi\u0107. Stworzy\u0142a sobie kilka \u015bwietnych okazji bramkowych, a w ko\u0144c\u00f3wce spotkania Kajetan Szmyt nie wykorzysta\u0142 rzutu karnego.<\/strong><\/p>\n<p>Zesp\u00f3\u0142 trenera Jacka Magiery przyjecha\u0142 do Grodziska Wlkp. po serii sze\u015bciu ligowych zwyci\u0119stw i z nadziej\u0105 na ustanowienie nowego, klubowego rekordu kolejnych wygranych. Aby to osi\u0105gn\u0105\u0107, musia\u0142 pokona\u0107 \u201eZielonych\u201d po awansie w Pucharze Polski chcieli zn\u00f3w zapunktowa\u0107 w Ekstraklasie.<\/p>\n<p>W pierwszych minutach pokaza\u0142 si\u0119 lider ofensywy \u015al\u0105ska Wroc\u0142aw, Erik Exposito, kt\u00f3ry najpierw \u0142adnie przyj\u0105\u0142 pi\u0142k\u0119 i strzeli\u0142 z powietrza (J\u0119drzej Grobelny by\u0142 tam, gdzie trzeba i pewnie z\u0142apa\u0142 pi\u0142k\u0119), a nast\u0119pnie pr\u00f3bowa\u0142 uderzenia z dystansu, ale by\u0142o to bardzo nieudane zagranie.<\/p>\n<p>Poznaniacy odpowiedzieli akcj\u0105, kt\u00f3r\u0105 w 14. minucie zapocz\u0105tkowa\u0142 Wiktor Ple\u015bnierowicz i to on p\u00f3\u017aniej do\u015brodkowa\u0142 pi\u0142k\u0119 spod linii ko\u0144cowej. Poda\u0142 bardzo dobrze do Stefana Savicia, kt\u00f3ry jednak g\u0142ow\u0105 uderzy\u0142 niecelnie z kilku metr\u00f3w.<\/p>\n<p>Kolejna sytuacja sko\u0144czy\u0142a si\u0119 ju\u017c golem. Niestety, dla wroc\u0142awian. Po ich akcji lew\u0105 flank\u0105 pi\u0142ka pow\u0119drowa\u0142a na praw\u0105 stron\u0119, gdzie Burak Ince przymierzy\u0142 i uderzy\u0142 technicznie pod poprzeczk\u0119. Bramkarz Warty rzuci\u0142 si\u0119 w tamt\u0105 stron\u0119, ale nie by\u0142 w stanie odbi\u0107 pi\u0142ki kopni\u0119tej przez Turka.<\/p>\n<p>Po wyj\u015bciu na prowadzenie go\u015bcie wyra\u017anie skupili si\u0119 na obronie. Pr\u00f3bowali dalekich poda\u0144 do Erika Exposito, kt\u00f3ry by\u0142 nieustannie pilnowany przez Dawida Szymonowicza. Wiele wi\u0119c nie wsk\u00f3ra\u0142. Inni gracze \u201eZielonych\u201d te\u017c toczyli m\u0119skie pojedynki z rywalami, a \u017ce czasem przekraczali przepisy, to sko\u0144czy\u0142o si\u0119 na a\u017c trzech \u017c\u00f3\u0142tych kartkach pokazanych przed przerw\u0105: Dimitrisowi Stavropoulosowi, Wiktorowi Ple\u015bnierowiczowi i Jakubowi Bartkowskiemu.<\/p>\n<p>Przede wszystkim jednak poznaniacy stworzyli sobie kilka okazji do zdobycia wyr\u00f3wnuj\u0105cej bramki. Po raz pierwszy w 25. minucie, gdy Stefan Savi\u0107 dostarczy\u0142 pi\u0142k\u0119 Dario Vizingerowi, ale ten nie opanowa\u0142 jej w polu bramkowym. Ca\u0142\u0105 akcje zako\u0144czy\u0142a niecelna pr\u00f3ba Wiktora Ple\u015bnierowicza. W 29. minucie pi\u0119knym uderzeniem g\u0142ow\u0105 popisa\u0142 si\u0119 Dimitris Satvropoulos po zagraniu Konrada Matuszewskiego z rzutu wolnego. Pi\u0142ka zmierza\u0142a pod poprzeczk\u0119, ale Rafa\u0142 Leszczy\u0144ski obroni\u0142 i wybi\u0142 pi\u0142k\u0119 na rzut ro\u017cny. Po nim zn\u00f3w zrobi\u0142o si\u0119 t\u0142oczno w polu karnym \u015al\u0105ska, a ten atak zako\u0144czy\u0142 si\u0119 zbyt lekkim strza\u0142em g\u0142ow\u0105 Miguela Luisa.<\/p>\n<p>Wreszcie, w 45. minucie go\u015bcie zn\u00f3w byli w opa\u0142ach. Tym razem tu\u017c przed ich bramkarzem znale\u017ali si\u0119 Stefan Savi\u0107 i Dario Vizinger, ale \u017caden z nich nie by\u0142 w stanie odda\u0107 strza\u0142u z pola bramkowego, a\u017c wreszcie pi\u0142k\u0119 z\u0142apa\u0142 Rafa\u0142 Leszczy\u0144ski. Ju\u017c w doliczonym czasie gry z kilkunastu metr\u00f3w strzela\u0142 Mateusz Kupczak, ale jedynym zyskiem z tej pr\u00f3by by\u0142 rzut ro\u017cny, gdy\u017c pi\u0142ka po drodze otar\u0142a si\u0119 od jednego z rywali.<\/p>\n<p>Druga po\u0142owa by\u0142a ju\u017c wyj\u0105tkowo jednostronna. Dru\u017cyna z Wroc\u0142awia zosta\u0142a zamkni\u0119ta na swojej po\u0142owie, a \u201eZieloni\u201d doszli do kilku dobrych i bardzo dobrych sytuacji, w kt\u00f3rych powinni zdoby\u0107 bramk\u0119. W 58. minucie zaskakuj\u0105cy strza\u0142 praw\u0105 nog\u0105 odda\u0142 Konrad Matuszewski, a Rafa\u0142 Leszczy\u0144ski z\u0142apa\u0142 pi\u0142k\u0119 z problemami. Dwie minuty p\u00f3\u017aniej na prawym skrzydle b\u0142ysn\u0105\u0142 Kajetan Szmyt, kt\u00f3ry do\u015brodkowa\u0142 w pole bramkowe, ale ciut za wysoko, bo Dario Vizinger nie zdo\u0142a\u0142 skierowa\u0107 pi\u0142ki w stron\u0119 bramki. Cztery minuty p\u00f3\u017aniej po wrzucie z autu celnie po ziemi strzeli\u0142 Wiktor Ple\u015bnierowicz, jednak bramkarz \u015al\u0105ska by\u0142 na miejscu.<\/p>\n<p>Kwadrans przed ko\u0144cem znakomit\u0105 szans\u0119 na gola mia\u0142 Mateusz Kupczak, kt\u00f3remu pi\u0142k\u0119 z lewej strony dostarczy\u0142 Stefan Savi\u0107. Kapitan Warty uderzy\u0142 z kilku metr\u00f3w g\u0142ow\u0105 \u2013 mocno, ale wprost w Rafa\u0142a Leszczy\u0144skiego! Natomiast dwie minuty potem g\u0142ow\u0105 strzela\u0142 Wiktor Ple\u015bnierowicz, kt\u00f3ry jednak pos\u0142a\u0142 pi\u0142k\u0119 tu\u017c nad poprzeczk\u0105.<\/p>\n<p>Nap\u00f3r trwa\u0142. W 84. minucie Maciej \u017burawski strzeli\u0142 w stron\u0119 bramki, a pi\u0142k\u0119 r\u0119k\u0105 odbi\u0142 \u0141ukasz Bejgier. S\u0119dzia Marcin Szczerbowicz dopiero po interwencji VAR obejrza\u0142 sytuacj\u0119 na monitorze i przyzna\u0142 \u201eZielonym\u201d rzut karny. Podszed\u0142 do niego Kajetan Szmyt i strzeli\u0142 mocno w dolny r\u00f3g. Niestety, pomyli\u0142 si\u0119, bo pi\u0142ka trafi\u0142a w s\u0142upek!<\/p>\n<p>Ta sytuacja te\u017c nie za\u0142ama\u0142a dru\u017cyny, kt\u00f3ra do ko\u0144ca walczy\u0142a o wywalczenie cho\u0107by punktu. W 92. Minucie Bogdan Tiru \u0142adnie i mocno strzeli\u0142 g\u0142ow\u0105, ale i tym razem Rafa\u0142 Leszczy\u0144ski interweniowa\u0142 skutecznie \u2013 odbi\u0142 pi\u0142k\u0119, kt\u00f3ra trafi\u0142a jeszcze w poprzeczk\u0119 i wylecia\u0142a za boisko. Szcz\u0119\u015bcie by\u0142o przy \u015al\u0105sku tak\u017ce w 95. minucie. Pi\u0142ka odbi\u0142a si\u0119 w\u00f3wczas rykoszetem od obro\u0144cy i min\u0119\u0142a bramk\u0119\u2026<\/p>\n<p><strong>WARTA POZNA\u0143 \u2013 \u015aL\u0104SK WROC\u0141AW 0:1 (0:1)<\/strong><br \/>\n<strong>Bramka:<\/strong> Burak Ince (18. minuta)<br \/>\n<strong>Warta Pozna\u0144:<\/strong> J\u0119drzej Grobelny <strong>\u017b<\/strong> \u2013 Dimitris Stavropoulos <strong>\u017b <\/strong>(78. Oskar Krzy\u017cak), Dawid Szymonowicz <strong>\u017b<\/strong>, Wiktor Ple\u015bnierowicz <strong>\u017b<\/strong> \u2013 Jakub Bartkowski <strong>\u017b <\/strong>(78. Wiktor Kami\u0144ski), Mateusz Kupczak, Miguel Luis (70. Maciej \u017burawski), Konrad Matuszewski (70. Tomas Prikryl) \u2013 Kajetan Szmyt, Stefan Savi\u0107 (81. Bogdan Tiru) \u2013 Dario Vizinger.<br \/>\n<strong>S\u0119dziowa\u0142<\/strong> Marcin Szczerbowicz z Olsztyna<br \/>\n<strong>Widz\u00f3w: 2386<\/strong><\/p>\n","protected":false},"excerpt":{"rendered":"<p>Warta Pozna\u0144 przegra\u0142a 0:1 ze \u015al\u0105skiem Wroc\u0142aw w 10. kolejce PKO Bank Polski Ekstraklasy, ale na Stadionie Respect Energy w&#8230;<\/p>\n","protected":false},"author":36,"featured_media":27248,"comment_status":"closed","ping_status":"closed","sticky":false,"template":"","format":"standard","meta":{"om_disable_all_campaigns":false,"inline_featured_image":false,"footnotes":"","_links_to":"","_links_to_target":""},"categories":[94,100,245,1],"tags":[],"aioseo_notices":[],"_links":{"self":[{"href":"https:\/\/wartapoznan.pl\/index.php\/wp-json\/wp\/v2\/posts\/27246"}],"collection":[{"href":"https:\/\/wartapoznan.pl\/index.php\/wp-json\/wp\/v2\/posts"}],"about":[{"href":"https:\/\/wartapoznan.pl\/index.php\/wp-json\/wp\/v2\/types\/post"}],"author":[{"embeddable":true,"href":"https:\/\/wartapoznan.pl\/index.php\/wp-json\/wp\/v2\/users\/36"}],"replies":[{"embeddable":true,"href":"https:\/\/wartapoznan.pl\/index.php\/wp-json\/wp\/v2\/comments?post=27246"}],"version-history":[{"count":1,"href":"https:\/\/wartapoznan.pl\/index.php\/wp-json\/wp\/v2\/posts\/27246\/revisions"}],"predecessor-version":[{"id":27247,"href":"https:\/\/wartapoznan.pl\/index.php\/wp-json\/wp\/v2\/posts\/27246\/revisions\/27247"}],"wp:featuredmedia":[{"embeddable":true,"href":"https:\/\/wartapoznan.pl\/index.php\/wp-json\/wp\/v2\/media\/27248"}],"wp:attachment":[{"href":"https:\/\/wartapoznan.pl\/index.php\/wp-json\/wp\/v2\/media?parent=27246"}],"wp:term":[{"taxonomy":"category","embeddable":true,"href":"https:\/\/wartapoznan.pl\/index.php\/wp-json\/wp\/v2\/categories?post=27246"},{"taxonomy":"post_tag","embeddable":true,"href":"https:\/\/wartapoznan.pl\/index.php\/wp-json\/wp\/v2\/tags?post=27246"}],"curies":[{"name":"wp","href":"https:\/\/api.w.org\/{rel}","templated":true}]}}