{"id":27249,"date":"2023-10-01T00:10:16","date_gmt":"2023-09-30T22:10:16","guid":{"rendered":"https:\/\/wartapoznan.pl\/?p=27249"},"modified":"2023-10-01T00:10:16","modified_gmt":"2023-09-30T22:10:16","slug":"opinie-trenerow-po-meczu-warta-poznan-slask-wroclaw-4","status":"publish","type":"post","link":"https:\/\/wartapoznan.pl\/index.php\/2023\/10\/01\/opinie-trenerow-po-meczu-warta-poznan-slask-wroclaw-4\/","title":{"rendered":"Opinie trener\u00f3w po meczu Warta Pozna\u0144 \u2013 \u015al\u0105sk Wroc\u0142aw"},"content":{"rendered":"<p><strong>Gol Buraka Ince z 18. minuty meczu przes\u0105dzi\u0142 o pora\u017cce Warty Pozna\u0144 ze \u015al\u0105skiem Wroc\u0142aw 0:1 w pojedynku 10. Kolejki PKO Bank Polski Ekstraklasy. Oto, co po spotkaniu na Stadionie Respect Energy w Grodzisku Wlkp. powiedzieli trenerzy obu dru\u017cyn:<\/strong><\/p>\n<p><strong>Jacek Magiera, trener \u015al\u0105ska Wroc\u0142aw:<\/strong> <em>Cieszymy si\u0119 z rekordu zwyci\u0119stw. Ta dru\u017cyna wygra\u0142a siedem razy z rz\u0119du i ten fakt na pewno przejdzie do historii klubu, to wielka sprawa. Chcemy konsekwentnie pracowa\u0107 nad tym, aby dalej wygrywa\u0107, bo nap\u0119dza nas to do dalszej pracy.<\/em><\/p>\n<p><em>Druga cz\u0119\u015b\u0107 spotkania by\u0142a bardzo dobra w wykonaniu Warty Pozna\u0144. Naszym zadaniem by\u0142o to, aby skutecznie broni\u0107, poniewa\u017c wszystkie sprawy zwi\u0105zane z poruszaniem si\u0119 po boisku na bie\u017c\u0105co korygowali\u015bmy. Warta mia\u0142a doskona\u0142e sytuacje; s\u0142upek, poprzeczk\u0119. Jednak tak w\u0142a\u015bnie jest w pi\u0142ce. Za kilka lat nikt nie b\u0119dzie pami\u0119ta\u0142 o tych okazjach, bo ostatecznie liczy si\u0119 wynik ko\u0144cowy.<\/em><\/p>\n<p><em>Nie mieli\u015bmy zamiaru cofa\u0107 si\u0119 tak g\u0142\u0119boko. To by\u0142o pod\u015bwiadome dzia\u0142anie spowodowane tym, \u017ce chcieli\u015bmy podtrzyma\u0107 wspomnian\u0105 seri\u0119. Mieli\u015bmy takie za\u0142o\u017cenie, aby wr\u00f3ci\u0107 do meczu i prowadzi\u0107 atak pozycyjny. Zmienili\u015bmy nawet ustawienie. Jednak Warta ca\u0142y czas zagrywa\u0142a diagonalne podania i nie udawa\u0142o nam si\u0119 skutecznie powstrzymywa\u0107 tego typu zagra\u0144. Dru\u017cyna wygl\u0105da\u0142a bardzo dobrze w kwestii pragmatyzmu w defensywie, a to te\u017c atut zespo\u0142u, je\u017celi potrafi tak zagra\u0107, gdy wymaga tego sytuacja boiskowa.<\/em><\/p>\n<p><strong><img loading=\"lazy\" decoding=\"async\" width=\"1500\" height=\"1000\" class=\"aligncenter size-full wp-image-27251\" src=\"https:\/\/wartapoznan.pl\/wp-content\/uploads\/2023\/09\/warsla-30-09-23-magiera.jpg\" alt=\"Warta Pozna\u0144 - \u015al\u0105sk Wroc\u0142aw 0:1. Trener Jacek Magiera\" srcset=\"https:\/\/wartapoznan.pl\/wp-content\/uploads\/2023\/09\/warsla-30-09-23-magiera.jpg 1500w, https:\/\/wartapoznan.pl\/wp-content\/uploads\/2023\/09\/warsla-30-09-23-magiera-300x200.jpg 300w, https:\/\/wartapoznan.pl\/wp-content\/uploads\/2023\/09\/warsla-30-09-23-magiera-128x85.jpg 128w, https:\/\/wartapoznan.pl\/wp-content\/uploads\/2023\/09\/warsla-30-09-23-magiera-32x21.jpg 32w\" sizes=\"(max-width: 1500px) 100vw, 1500px\" \/><\/strong><\/p>\n<p><strong>Dawid Szulczek, trener Warty Pozna\u0144:<\/strong> <em>Gratulacje dla \u015al\u0105ska Wroc\u0142aw z okazji zdobycia trzech punkt\u00f3w oraz przed\u0142u\u017cenia serii zwyci\u0119stw. To by\u0142 bardzo intensywny mecz w naszym wykonaniu i jeden z najlepszych odk\u0105d jestem trenerem Warty. Brakowa\u0142o jedynie wyko\u0144czenia akcji.<\/em><\/p>\n<p><em>Ka\u017cdy realizowa\u0142 swoje za\u0142o\u017cenia taktyczne, mo\u017cna by\u0142o wychwyci\u0107 wiele pozytyw\u00f3w. Jako formacje te\u017c spisywali\u015bmy si\u0119 dobrze. Przypuszczam, \u017ce w statystykach mieli\u015bmy du\u017c\u0105 przewag\u0119. Natomiast to kolejny mecz, kt\u00f3ry przegrywamy po tym jak przeciwnik popisuje si\u0119 pi\u0119knym uderzeniem. <\/em><\/p>\n<p><em>Nasz trener przygotowania motorycznego, Tomasz Olszewski przed sezonem zapowiada\u0142, \u017ce z uwagi na wszelkie kontuzje oraz powroty po urazach pierwszy mecz na pe\u0142nych obrotach uda nam si\u0119 zagra\u0107 dopiero w pa\u017adzierniku, ale jak wida\u0107 pomyli\u0142 si\u0119 o cztery godziny, poniewa\u017c uda\u0142o nam si\u0119 to jeszcze we wrze\u015bniu. <\/em><\/p>\n<p><em>S\u0105dz\u0119, \u017ce w przysz\u0142o\u015bci musimy utrzyma\u0107 wiele rzeczy, kt\u00f3re robili\u015bmy dzisiaj oraz po prostu zacz\u0105\u0107 trafia\u0107 do siatki. \u015al\u0105sk broni\u0142 w niskim i \u015brednim pressingu, my wygl\u0105dali\u015bmy dobrze z przodu, ale stracili\u015bmy gola, dzi\u0119ki czemu \u015al\u0105sk m\u00f3g\u0142 jeszcze bardziej skoncentrowa\u0107 si\u0119 na defensywie.<\/em><\/p>\n<p><em>W przerwie ustalili\u015bmy strategi\u0119 na drug\u0105 po\u0142ow\u0119, jednak musieli\u015bmy mie\u0107 na uwadze to, \u017ce prawie ca\u0142a linia obrony mia\u0142a \u017c\u00f3\u0142te karki i uznali\u015bmy, \u017ce zdecydujemy si\u0119 na rotacj\u0119. Ze wzgl\u0119du na przebieg spotkania najpierw zmienili\u015bmy zawodnik\u00f3w na takich, kt\u00f3rzy potrafi\u0105 zrobi\u0107 co\u015b wi\u0119cej w g\u0105szczu. P\u00f3\u017aniej coraz cz\u0119\u015bciej pi\u0142ka fruwa\u0142a nad g\u0142owami, a Stefan Savi\u0107 nie czuje si\u0119 dobrze w takiej grze, wi\u0119c zdecydowali\u015bmy si\u0119 na Bogdana Tiru, kt\u00f3ry \u015bwietnie sprawdza si\u0119 w takich sytuacjach. Przesun\u0119li\u015bmy te\u017c Oskara Krzy\u017caka do przodu, poniewa\u017c jest bardzo szybki, du\u017cy i potrafi zdobywa\u0107 gole g\u0142ow\u0105, co pokazuje na treningach. \u00a0<\/em><\/p>\n<p><em>Mieli\u015bmy rzut karny, by\u0142 s\u0142upek, p\u00f3\u017aniej poprzeczka. Kilka razy bardzo si\u0119 zakot\u0142owa\u0142o, niestety bezskutecznie. Jednak jestem w dobrej my\u015bli.<\/em><\/p>\n<p><em>Punktowo nie wygl\u0105damy dobrze, natomiast nie spos\u00f3b nie dostrzec, \u017ce jeste\u015bmy coraz bli\u017cej takiej dyspozycji na boisku, na jakiej wszystkim nam zale\u017cy. Poradzili\u015bmy ju\u017c sobie z momentem, kiedy wkrad\u0142 si\u0119 delikatny marazm. W ko\u0144cu zagrali\u015bmy mecz, w kt\u00f3rych nie koncentrowali\u015bmy si\u0119 na tym czego nam brakuje, a na tym co mamy robi\u0107.<\/em><\/p>\n<p><em>Dawid Szymonowicz mia\u0142 utrudnia\u0107 \u017cycie Erikowi Exposito. Z boku asekurowa\u0142 go Dima Stavropoulos, z przodu Mateusz Kupczak i dobrze si\u0119 to sprawdza\u0142o. Bardzo si\u0119 ciesz\u0119, \u017ce w Klubie zainwestowano w przed\u0142u\u017cenie kontraktu Dawida Szymomonowicza, bo jest dla mnie zawodnik kluczowy.<\/em><\/p>\n","protected":false},"excerpt":{"rendered":"<p>Gol Buraka Ince z 18. minuty meczu przes\u0105dzi\u0142 o pora\u017cce Warty Pozna\u0144 ze \u015al\u0105skiem Wroc\u0142aw 0:1 w pojedynku 10. Kolejki&#8230;<\/p>\n","protected":false},"author":36,"featured_media":27253,"comment_status":"closed","ping_status":"closed","sticky":false,"template":"","format":"standard","meta":{"om_disable_all_campaigns":false,"inline_featured_image":false,"footnotes":"","_links_to":"","_links_to_target":""},"categories":[94,100,245,1],"tags":[],"aioseo_notices":[],"_links":{"self":[{"href":"https:\/\/wartapoznan.pl\/index.php\/wp-json\/wp\/v2\/posts\/27249"}],"collection":[{"href":"https:\/\/wartapoznan.pl\/index.php\/wp-json\/wp\/v2\/posts"}],"about":[{"href":"https:\/\/wartapoznan.pl\/index.php\/wp-json\/wp\/v2\/types\/post"}],"author":[{"embeddable":true,"href":"https:\/\/wartapoznan.pl\/index.php\/wp-json\/wp\/v2\/users\/36"}],"replies":[{"embeddable":true,"href":"https:\/\/wartapoznan.pl\/index.php\/wp-json\/wp\/v2\/comments?post=27249"}],"version-history":[{"count":2,"href":"https:\/\/wartapoznan.pl\/index.php\/wp-json\/wp\/v2\/posts\/27249\/revisions"}],"predecessor-version":[{"id":27255,"href":"https:\/\/wartapoznan.pl\/index.php\/wp-json\/wp\/v2\/posts\/27249\/revisions\/27255"}],"wp:featuredmedia":[{"embeddable":true,"href":"https:\/\/wartapoznan.pl\/index.php\/wp-json\/wp\/v2\/media\/27253"}],"wp:attachment":[{"href":"https:\/\/wartapoznan.pl\/index.php\/wp-json\/wp\/v2\/media?parent=27249"}],"wp:term":[{"taxonomy":"category","embeddable":true,"href":"https:\/\/wartapoznan.pl\/index.php\/wp-json\/wp\/v2\/categories?post=27249"},{"taxonomy":"post_tag","embeddable":true,"href":"https:\/\/wartapoznan.pl\/index.php\/wp-json\/wp\/v2\/tags?post=27249"}],"curies":[{"name":"wp","href":"https:\/\/api.w.org\/{rel}","templated":true}]}}