{"id":27256,"date":"2023-10-01T10:39:04","date_gmt":"2023-10-01T08:39:04","guid":{"rendered":"https:\/\/wartapoznan.pl\/?p=27256"},"modified":"2023-10-01T10:39:04","modified_gmt":"2023-10-01T08:39:04","slug":"wideo-skrot-meczu-warta-poznan-slask-wroclaw-3","status":"publish","type":"post","link":"https:\/\/wartapoznan.pl\/index.php\/2023\/10\/01\/wideo-skrot-meczu-warta-poznan-slask-wroclaw-3\/","title":{"rendered":"[WIDEO] Skr\u00f3t meczu Warta Pozna\u0144 &#8211; \u015al\u0105sk Wroc\u0142aw"},"content":{"rendered":"<p><strong>Zapraszamy do obejrzenia skr\u00f3tu meczu Warta Pozna\u0144 &#8211; \u015al\u0105sk Wroc\u0142aw w 10. kolejce PKO Bank Polski Ekstraklasy.<\/strong><\/p>\n<p>W sobotni wiecz\u00f3r na Stadionie Respect Energy w Grodzisku Wlkp. kibice obejrzeli emocjonuj\u0105cy mecz, kt\u00f3ry, niestety, zako\u0144czy\u0142 si\u0119 zwyci\u0119stwem go\u015bci 1:0. Zesp\u00f3\u0142 trenera Dawida Szulczka stworzy\u0142 sobie kilka bardzo dobrych okazji bramkowych, ale zdo\u0142a\u0142 pokona\u0107 bramkarza wroc\u0142awian, Rafa\u0142a Leszczy\u0144skiego.<\/p>\n<p><iframe src=\"https:\/\/embed.mls.mycujoo.tv\/player\/2W8DmnJNrI7GeiNHEIHIP2RWEZd?publicKey=K8IS91R64HUMD85634D7QEJ8S5BUN7OM&#038;showQualitySelector=true\" frameborder=\"0\" style=\"overflow: hidden; width: 100%; aspect-ratio: 16 \/ 9\" allow=\"encrypted-media; fullscreen\"><\/iframe><\/p>\n","protected":false},"excerpt":{"rendered":"<p>Zapraszamy do obejrzenia skr\u00f3tu meczu Warta Pozna\u0144 &#8211; \u015al\u0105sk Wroc\u0142aw w 10. kolejce PKO Bank Polski Ekstraklasy. W sobotni wiecz\u00f3r&#8230;<\/p>\n","protected":false},"author":36,"featured_media":27254,"comment_status":"closed","ping_status":"closed","sticky":false,"template":"","format":"standard","meta":{"om_disable_all_campaigns":false,"inline_featured_image":false,"footnotes":"","_links_to":"","_links_to_target":""},"categories":[94,100,245,1,246],"tags":[],"aioseo_notices":[],"_links":{"self":[{"href":"https:\/\/wartapoznan.pl\/index.php\/wp-json\/wp\/v2\/posts\/27256"}],"collection":[{"href":"https:\/\/wartapoznan.pl\/index.php\/wp-json\/wp\/v2\/posts"}],"about":[{"href":"https:\/\/wartapoznan.pl\/index.php\/wp-json\/wp\/v2\/types\/post"}],"author":[{"embeddable":true,"href":"https:\/\/wartapoznan.pl\/index.php\/wp-json\/wp\/v2\/users\/36"}],"replies":[{"embeddable":true,"href":"https:\/\/wartapoznan.pl\/index.php\/wp-json\/wp\/v2\/comments?post=27256"}],"version-history":[{"count":1,"href":"https:\/\/wartapoznan.pl\/index.php\/wp-json\/wp\/v2\/posts\/27256\/revisions"}],"predecessor-version":[{"id":27258,"href":"https:\/\/wartapoznan.pl\/index.php\/wp-json\/wp\/v2\/posts\/27256\/revisions\/27258"}],"wp:featuredmedia":[{"embeddable":true,"href":"https:\/\/wartapoznan.pl\/index.php\/wp-json\/wp\/v2\/media\/27254"}],"wp:attachment":[{"href":"https:\/\/wartapoznan.pl\/index.php\/wp-json\/wp\/v2\/media?parent=27256"}],"wp:term":[{"taxonomy":"category","embeddable":true,"href":"https:\/\/wartapoznan.pl\/index.php\/wp-json\/wp\/v2\/categories?post=27256"},{"taxonomy":"post_tag","embeddable":true,"href":"https:\/\/wartapoznan.pl\/index.php\/wp-json\/wp\/v2\/tags?post=27256"}],"curies":[{"name":"wp","href":"https:\/\/api.w.org\/{rel}","templated":true}]}}