{"id":27259,"date":"2023-10-01T14:44:43","date_gmt":"2023-10-01T12:44:43","guid":{"rendered":"https:\/\/wartapoznan.pl\/?p=27259"},"modified":"2023-10-01T13:45:40","modified_gmt":"2023-10-01T11:45:40","slug":"wiktor-plesnierowicz-czulismy-na-boisku-ze-jestesmy-duzo-lepsi-od-slaska","status":"publish","type":"post","link":"https:\/\/wartapoznan.pl\/index.php\/2023\/10\/01\/wiktor-plesnierowicz-czulismy-na-boisku-ze-jestesmy-duzo-lepsi-od-slaska\/","title":{"rendered":"Wiktor Ple\u015bnierowicz: Czuli\u015bmy na boisku, \u017ce jeste\u015bmy du\u017co lepsi od \u015al\u0105ska"},"content":{"rendered":"<p><strong>&#8211; <em>Jeste\u015bmy zbudowani tym, jak zagrali\u015bmy, i trzymamy g\u0142owy do g\u00f3ry<\/em> \u2013 podkre\u015bla Wiktor Ple\u015bnierowicz, obro\u0144ca Warty Pozna\u0144 po meczu ze \u015al\u0105skiem Wroc\u0142aw (0:1) w 10. kolejce PKO Bank Polski Ekstraklasy.<\/strong><\/p>\n<p>\u201eZieloni\u201d wr\u00f3cili do Grodziska Wlkp. po ponad miesi\u0119cznej przerwie i stoczyli emocjonuj\u0105cy pojedynek z rewelacyjnym w tym sezonie zespo\u0142em z Wroc\u0142awia. Go\u015bcie oddali w ca\u0142ym meczu tylko dwa celne strza\u0142y, z kt\u00f3rych jeden da\u0142 im zwyci\u0119stwo. Poznaniacy szczeg\u00f3lnie w drugiej po\u0142owie mieli ogromn\u0105 przewag\u0119, ale licznych okazji nie uda\u0142o im si\u0119 niestety zamieni\u0107 na bramki.<\/p>\n<p>Oto, co po sobotnim meczu powiedzia\u0142 obro\u0144ca Warty Pozna\u0144, Wiktor Ple\u015bnierowicz:<\/p>\n<p><em>&#8211; Towarzyszy nam dzisiaj spory smutek, poniewa\u017c nie strzelili\u015bmy bramki, mimo to, \u017ce z perspektywy boiska wydawa\u0142o mi si\u0119, \u017ce od pierwszej minuty t\u0142amsili\u015bmy \u015al\u0105sk pod ka\u017cdym wzgl\u0119dem, zar\u00f3wno fizycznym, jak i pi\u0142karskim. <\/em><\/p>\n<p><em>Stworzyli\u015bmy sobie du\u017co sytuacji pod bramk\u0105 rywali i uwa\u017cam, \u017ce jest to kierunek, w kt\u00f3rym powinni\u015bmy pod\u0105\u017ca\u0107. W ko\u0144cu zaczniemy \u0142apa\u0107 zwyci\u0119sk\u0105 seri\u0119. Jestem przekonany, \u017ce w ko\u0144cu zapunktujemy, bo w ko\u0144cu \u017cycie musi nam odda\u0107, to co zabra\u0142o. Teraz czeka nas bardzo wa\u017cny mecz w Kielcach, p\u00f3\u017aniej przerwa na kadr\u0119 i wa\u017cne jest to, aby j\u0105 dobrze przepracowa\u0107.<\/em><\/p>\n<p><em>Wiadomo, \u017ce w szatni panuje du\u017ce rozczarowanie, bo z boiska czuli\u015bmy, \u017ce jeste\u015bmy du\u017co lepsi. Co wi\u0119cej, nie chodzi\u0142o nam nawet o remis, bo mieli\u015bmy przekonanie, \u017ce je\u017celi tylko uda nam si\u0119 wyr\u00f3wna\u0107 to finalnie wygramy ten mecz. Nawet w 90. minucie tak mi si\u0119 wydawa\u0142o. Jednak jeste\u015bmy zbudowani tym jak zagrali\u015bmy i trzymamy g\u0142owy do g\u00f3ry. Czekamy na nast\u0119pny mecz, bo po takich spotkaniach jak dzisiaj ka\u017cdy zawodnik chcia\u0142by najlepiej od razu wyj\u015b\u0107 na kolejne spotkanie.<\/em><\/p>\n<p><em>S\u0119dzia nas do\u015b\u0107 szybko wykartkowa\u0142 tak\u017ce z ty\u0142u g\u0142owy zdawali\u015bmy sobie spraw\u0119 z tego, \u017ce w niekt\u00f3rych sytuacjach trzeba nieco odpu\u015bci\u0107 i \u0142agodniej odprowadzi\u0107 przeciwnika. Natomiast w linii obrony jeste\u015bmy tak zgrani, \u017ce nie by\u0142o zagro\u017cenia, \u017ce kto\u015b z nas t\u0119 czerwon\u0105 kartk\u0119 zobaczy.<\/em><\/p>\n","protected":false},"excerpt":{"rendered":"<p>&#8211; Jeste\u015bmy zbudowani tym, jak zagrali\u015bmy, i trzymamy g\u0142owy do g\u00f3ry \u2013 podkre\u015bla Wiktor Ple\u015bnierowicz, obro\u0144ca Warty Pozna\u0144 po meczu&#8230;<\/p>\n","protected":false},"author":36,"featured_media":27252,"comment_status":"closed","ping_status":"closed","sticky":false,"template":"","format":"standard","meta":{"om_disable_all_campaigns":false,"inline_featured_image":false,"footnotes":"","_links_to":"","_links_to_target":""},"categories":[94,100,245,1],"tags":[],"aioseo_notices":[],"_links":{"self":[{"href":"https:\/\/wartapoznan.pl\/index.php\/wp-json\/wp\/v2\/posts\/27259"}],"collection":[{"href":"https:\/\/wartapoznan.pl\/index.php\/wp-json\/wp\/v2\/posts"}],"about":[{"href":"https:\/\/wartapoznan.pl\/index.php\/wp-json\/wp\/v2\/types\/post"}],"author":[{"embeddable":true,"href":"https:\/\/wartapoznan.pl\/index.php\/wp-json\/wp\/v2\/users\/36"}],"replies":[{"embeddable":true,"href":"https:\/\/wartapoznan.pl\/index.php\/wp-json\/wp\/v2\/comments?post=27259"}],"version-history":[{"count":1,"href":"https:\/\/wartapoznan.pl\/index.php\/wp-json\/wp\/v2\/posts\/27259\/revisions"}],"predecessor-version":[{"id":27260,"href":"https:\/\/wartapoznan.pl\/index.php\/wp-json\/wp\/v2\/posts\/27259\/revisions\/27260"}],"wp:featuredmedia":[{"embeddable":true,"href":"https:\/\/wartapoznan.pl\/index.php\/wp-json\/wp\/v2\/media\/27252"}],"wp:attachment":[{"href":"https:\/\/wartapoznan.pl\/index.php\/wp-json\/wp\/v2\/media?parent=27259"}],"wp:term":[{"taxonomy":"category","embeddable":true,"href":"https:\/\/wartapoznan.pl\/index.php\/wp-json\/wp\/v2\/categories?post=27259"},{"taxonomy":"post_tag","embeddable":true,"href":"https:\/\/wartapoznan.pl\/index.php\/wp-json\/wp\/v2\/tags?post=27259"}],"curies":[{"name":"wp","href":"https:\/\/api.w.org\/{rel}","templated":true}]}}