{"id":27373,"date":"2023-10-13T10:16:36","date_gmt":"2023-10-13T08:16:36","guid":{"rendered":"https:\/\/wartapoznan.pl\/?p=27373"},"modified":"2023-10-13T16:20:13","modified_gmt":"2023-10-13T14:20:13","slug":"harmonogram-gier-akademii-warty-poznan","status":"publish","type":"post","link":"https:\/\/wartapoznan.pl\/index.php\/2023\/10\/13\/harmonogram-gier-akademii-warty-poznan\/","title":{"rendered":"Harmonogram gier Akademii Warty Pozna\u0144"},"content":{"rendered":"<p><strong>Przed nami kolejna emocjonuj\u0105ca seria gier zespo\u0142\u00f3w Akademii Warty Pozna\u0144. Nasze najstarsze dru\u017cyny m\u0119skie zmierz\u0105 si\u0119 w Centralnej Lidze Junior\u00f3w z Zag\u0142\u0119biem Sosnowiec, Zag\u0142\u0119biem Lubin oraz z Lechi\u0105 Gda\u0144sk.<\/strong><\/p>\n<p><strong>Warta Pozna\u0144 &#8211; Zag\u0142\u0119bie Lubin<\/strong><\/p>\n<p><em>9. kolejka Centralnej Ligi Junior\u00f3w do lat 19<\/em><\/p>\n<p>Niedziela, godz. 12:00 &#8211; Grodzisk Wielkopolski<\/p>\n<p><strong>Zag\u0142\u0119bie Sosnowiec &#8211; Warta Pozna\u0144<\/strong><\/p>\n<p><em>10. kolejka Centralnej Ligi Junior\u00f3w do lat 17<\/em><\/p>\n<p>Sobota, godz. 14:00 &#8211; Sosnowiec<\/p>\n<p><strong>Warta Pozna\u0144 &#8211; Lechia Gda\u0144sk<\/strong><\/p>\n<p><em>9. kolejka Centralnej Ligi Junior\u00f3w do lat 15<\/em><\/p>\n<p>Sobota, godz. 12:00 &#8211; Grodzisk Wielkopolski<\/p>\n<p><strong>Lech Pozna\u0144 &#8211; Warta Pozna\u0144<\/strong><\/p>\n<p><em>10. kolejka Ligi Wojew\u00f3dzkiej do lat 14<\/em><\/p>\n<p>Niedziela, godz. 12:30 &#8211; Pozna\u0144, ul. Bu\u0142garska<\/p>\n<p><strong>Warta Pozna\u0144 &#8211; Sparta Z\u0142ot\u00f3w<\/strong><\/p>\n<p><em>10. kolejka Ligi Wojew\u00f3dzkiej do lat 13<\/em><\/p>\n<p>Sobota, godz. 13:30, Pozna\u0144 ul. Warmi\u0144ska<\/p>\n<p><strong>AP Reissa Pozna\u0144 &#8211; Warta Pozna\u0144<\/strong><\/p>\n<p><em>10. kolejka Ligi Wojew\u00f3dzkiej do lat 12<\/em><\/p>\n<p>Sobota, godz. 14:00 &#8211; Baranowo<\/p>\n<p><strong>Warta Pozna\u0144 WU-16 &#8211; Meblorz Swarz\u0119dz<\/strong><\/p>\n<p><em>10. kolejka Ligi Okr\u0119gowej do lat 16<\/em><\/p>\n<p>Niedziela, godz. 18:00 &#8211; Pozna\u0144, ul. Gda\u0144ska<\/p>\n<p><strong>Wis\u0142a Borek Wielkopolski &#8211; Warta Pozna\u0144<\/strong><\/p>\n<p><em>9. kolejka Ligi Okr\u0119gowej do lat 13<\/em><\/p>\n<p>Sobota, godz. 11:00 &#8211; Borek Wlkp.<\/p>\n","protected":false},"excerpt":{"rendered":"<p>Przed nami kolejna emocjonuj\u0105ca seria gier zespo\u0142\u00f3w Akademii Warty Pozna\u0144. Nasze najstarsze dru\u017cyny m\u0119skie zmierz\u0105 si\u0119 w Centralnej Lidze Junior\u00f3w&#8230;<\/p>\n","protected":false},"author":36,"featured_media":27376,"comment_status":"closed","ping_status":"closed","sticky":false,"template":"","format":"standard","meta":{"om_disable_all_campaigns":false,"inline_featured_image":false,"footnotes":"","_links_to":"","_links_to_target":""},"categories":[95,1],"tags":[],"aioseo_notices":[],"_links":{"self":[{"href":"https:\/\/wartapoznan.pl\/index.php\/wp-json\/wp\/v2\/posts\/27373"}],"collection":[{"href":"https:\/\/wartapoznan.pl\/index.php\/wp-json\/wp\/v2\/posts"}],"about":[{"href":"https:\/\/wartapoznan.pl\/index.php\/wp-json\/wp\/v2\/types\/post"}],"author":[{"embeddable":true,"href":"https:\/\/wartapoznan.pl\/index.php\/wp-json\/wp\/v2\/users\/36"}],"replies":[{"embeddable":true,"href":"https:\/\/wartapoznan.pl\/index.php\/wp-json\/wp\/v2\/comments?post=27373"}],"version-history":[{"count":2,"href":"https:\/\/wartapoznan.pl\/index.php\/wp-json\/wp\/v2\/posts\/27373\/revisions"}],"predecessor-version":[{"id":27378,"href":"https:\/\/wartapoznan.pl\/index.php\/wp-json\/wp\/v2\/posts\/27373\/revisions\/27378"}],"wp:featuredmedia":[{"embeddable":true,"href":"https:\/\/wartapoznan.pl\/index.php\/wp-json\/wp\/v2\/media\/27376"}],"wp:attachment":[{"href":"https:\/\/wartapoznan.pl\/index.php\/wp-json\/wp\/v2\/media?parent=27373"}],"wp:term":[{"taxonomy":"category","embeddable":true,"href":"https:\/\/wartapoznan.pl\/index.php\/wp-json\/wp\/v2\/categories?post=27373"},{"taxonomy":"post_tag","embeddable":true,"href":"https:\/\/wartapoznan.pl\/index.php\/wp-json\/wp\/v2\/tags?post=27373"}],"curies":[{"name":"wp","href":"https:\/\/api.w.org\/{rel}","templated":true}]}}