{"id":27519,"date":"2023-10-26T08:30:39","date_gmt":"2023-10-26T06:30:39","guid":{"rendered":"https:\/\/wartapoznan.pl\/?p=27519"},"modified":"2023-10-25T17:44:12","modified_gmt":"2023-10-25T15:44:12","slug":"reflect-w-klubie-biznesu-warty-poznan","status":"publish","type":"post","link":"https:\/\/wartapoznan.pl\/index.php\/2023\/10\/26\/reflect-w-klubie-biznesu-warty-poznan\/","title":{"rendered":"Reflect w Klubie Biznesu Warty Pozna\u0144"},"content":{"rendered":"<p><strong>Mi\u0142o nam powita\u0107 w Klubie Biznesu Warty Pozna\u0144 pozna\u0144sk\u0105 firma Reflect, dzia\u0142aj\u0105c\u0105 w bran\u017cy reklamowej. Dzi\u0119kujemy za zaufanie!<\/strong><\/p>\n<p>Reflect to pozna\u0144ska marka, obecna na rynku od 2006 roku. Jej dzia\u0142alno\u015b\u0107 skupiona jest g\u0142\u00f3wnie wok\u00f3\u0142 produkcji i znakowania odzie\u017cy. &#8211; <em>Nasza zdolno\u015b\u0107 kompleksowej obs\u0142ugi, od projektowania grafiki po szycie i oznakowanie, idealnie wpisuje si\u0119 w potrzeby klubu pi\u0142karskiego<\/em> \u2013 m\u00f3wi Agnieszka Magnuszewska, zast\u0119pca dyrektora Reflect Group. &#8211;<br \/>\n<em>Drogi Reflectu i Warty Pozna\u0144 spotka\u0142y si\u0119 dzi\u0119ki naszemu pracownikowi, Mateuszowi, kt\u00f3ry jest tak\u017ce prezesem Stowarzyszenia Kibic\u00f3w Warty Pozna\u0144 \u201cNa Warcie\u201d. To \u015bwietny przyk\u0142ad na to, \u017ce cenimy wszelkie inicjatywy naszego zespo\u0142u, a niekt\u00f3re z nich przek\u0142adaj\u0105 si\u0119 na realne efekty. Warta cieszy si\u0119 ogromnym poparciem w\u015br\u00f3d mieszka\u0144c\u00f3w Poznania, a nasza firma jest integraln\u0105 cz\u0119\u015bci\u0105 tej lokalnej spo\u0142eczno\u015bci. Dzi\u0119ki wspieraniu klubu, zacie\u015bniamy nasze wi\u0119zi z miastem i jego mieszka\u0144cami oraz podkre\u015blamy nasz\u0105 obecno\u015b\u0107 na rynku pozna\u0144skim. W dzia\u0142alno\u015bci biznesowej przy\u015bwiecaj\u0105 nam te same warto\u015bci, dlatego z rado\u015bci\u0105 i dum\u0105 podj\u0119li\u015bmy wsp\u00f3\u0142prac\u0119 z \u201cZielonymi\u201d.<\/em><\/p>\n<p>\u201eReflect Group \u015bwiadczy szeroki wachlarz us\u0142ug z bran\u017cy reklamowej, pocz\u0105wszy od produkcji i znakowania odzie\u017cy, poprzez poligrafi\u0119 reklamow\u0105, sko\u0144czywszy na produkcji i znakowaniu gad\u017cet\u00f3w reklamowych. Zajmujemy si\u0119 kompleksow\u0105 obs\u0142ug\u0105 reklamy, zar\u00f3wno pod k\u0105tem produkcji, jak i projektowania\u201d \u2013 czytamy na <a href=\"https:\/\/www.reflect.pl\/\" target=\"_blank\" rel=\"noopener noreferrer\">reflect.pl<\/a>.<\/p>\n<p>Klub Biznesu Warty Pozna\u0144 skupia ponad 60 podmiot\u00f3w, kt\u00f3re wspieraj\u0105 \u201eZielonych\u201d, a jednocze\u015bnie rozwijaj\u0105 prowadzone przez siebie dzia\u0142alno\u015bci dzi\u0119ki wsp\u00f3\u0142pracy z klubem, ale tak\u017ce w oparciu o relacje z innymi cz\u0142onkami Klubu Biznesu.<\/p>\n<p><strong>Serdecznie witamy firm\u0119 Reflect w Zielonej Rodzinie i dzi\u0119kujemy za zaufanie. Jeste\u015bmy przekonani, \u017ce #WARTObudowa\u0107, dlatego zach\u0119camy wszystkich kibic\u00f3w oraz sympatyk\u00f3w Warty Pozna\u0144 do korzystania z oferty sponsor\u00f3w i partner\u00f3w klubu.<\/strong><\/p>\n<p>&nbsp;<\/p>\n","protected":false},"excerpt":{"rendered":"<p>Mi\u0142o nam powita\u0107 w Klubie Biznesu Warty Pozna\u0144 pozna\u0144sk\u0105 firma Reflect, dzia\u0142aj\u0105c\u0105 w bran\u017cy reklamowej. Dzi\u0119kujemy za zaufanie! Reflect to&#8230;<\/p>\n","protected":false},"author":36,"featured_media":27525,"comment_status":"closed","ping_status":"closed","sticky":false,"template":"","format":"standard","meta":{"om_disable_all_campaigns":false,"inline_featured_image":false,"footnotes":"","_links_to":"","_links_to_target":""},"categories":[94,251,1],"tags":[],"aioseo_notices":[],"_links":{"self":[{"href":"https:\/\/wartapoznan.pl\/index.php\/wp-json\/wp\/v2\/posts\/27519"}],"collection":[{"href":"https:\/\/wartapoznan.pl\/index.php\/wp-json\/wp\/v2\/posts"}],"about":[{"href":"https:\/\/wartapoznan.pl\/index.php\/wp-json\/wp\/v2\/types\/post"}],"author":[{"embeddable":true,"href":"https:\/\/wartapoznan.pl\/index.php\/wp-json\/wp\/v2\/users\/36"}],"replies":[{"embeddable":true,"href":"https:\/\/wartapoznan.pl\/index.php\/wp-json\/wp\/v2\/comments?post=27519"}],"version-history":[{"count":4,"href":"https:\/\/wartapoznan.pl\/index.php\/wp-json\/wp\/v2\/posts\/27519\/revisions"}],"predecessor-version":[{"id":27532,"href":"https:\/\/wartapoznan.pl\/index.php\/wp-json\/wp\/v2\/posts\/27519\/revisions\/27532"}],"wp:featuredmedia":[{"embeddable":true,"href":"https:\/\/wartapoznan.pl\/index.php\/wp-json\/wp\/v2\/media\/27525"}],"wp:attachment":[{"href":"https:\/\/wartapoznan.pl\/index.php\/wp-json\/wp\/v2\/media?parent=27519"}],"wp:term":[{"taxonomy":"category","embeddable":true,"href":"https:\/\/wartapoznan.pl\/index.php\/wp-json\/wp\/v2\/categories?post=27519"},{"taxonomy":"post_tag","embeddable":true,"href":"https:\/\/wartapoznan.pl\/index.php\/wp-json\/wp\/v2\/tags?post=27519"}],"curies":[{"name":"wp","href":"https:\/\/api.w.org\/{rel}","templated":true}]}}