{"id":27528,"date":"2023-10-26T10:30:32","date_gmt":"2023-10-26T08:30:32","guid":{"rendered":"https:\/\/wartapoznan.pl\/?p=27528"},"modified":"2023-10-30T10:46:53","modified_gmt":"2023-10-30T09:46:53","slug":"najskuteczniejsi-w-warcie-poznan-po-12-kolejce-pko-bank-polski-ekstraklasy","status":"publish","type":"post","link":"https:\/\/wartapoznan.pl\/index.php\/2023\/10\/26\/najskuteczniejsi-w-warcie-poznan-po-12-kolejce-pko-bank-polski-ekstraklasy\/","title":{"rendered":"Najskuteczniejsi w Warcie Pozna\u0144 \u2013 po 12. kolejce PKO Bank Polski Ekstraklasy"},"content":{"rendered":"<p><strong>Gol strzelony przez Miguela Luisa da\u0142 Warcie Pozna\u0144 zwyci\u0119stwo z Stal\u0105 Mielec (1:0), a Portugalczykowi pozwoli\u0142 awansowa\u0107 na trzecie miejsce w klubowej punktacji kanadyjskiej.<\/strong><\/p>\n<p>To by\u0142o bardzo mocne i niezwykle precyzyjne uderzenie oddane spod linii pola karnego. Miguel Luis przymierzy\u0142 fantastycznie, bo pi\u0142ka wpad\u0142a do siatki tu\u017c przy s\u0142upku, a bramkarz Stali Mielec nie mia\u0142 wi\u0119kszych szans na skuteczn\u0105 interwencj\u0119. Tak pad\u0142a jedyna bramka poniedzia\u0142kowego pojedynku ze Stal\u0105 Mielec.<\/p>\n<p>Dla 24-letniego pomocnika by\u0142o to drugie trafienie w tym sezonie. Wcze\u015bniej zaskoczy\u0142 bramkarza Rakowa Cz\u0119stochowa w drugiej kolejce obecnych rozgrywek. Jednocze\u015bnie Miguel Luis zapisa\u0142 na swoim koncie ju\u017c \u00f3smego gola w barwach Warty Pozna\u0144. W \u017cadnym ze swoich wcze\u015bniejszych zespo\u0142\u00f3w (Sporting Lizbona, Victoria Guimaraes) nie prezentowa\u0142 takiej skuteczno\u015bci. \u0141\u0105cznie, w 57 oficjalnych spotkaniach &#8222;Zielonych&#8221; Portugalczyk zdoby\u0142 ju\u017c 8 bramek.<\/p>\n<p>W obecnej kadrze Warty Pozna\u0144 tylko dw\u00f3ch zawodnik\u00f3w zdoby\u0142o wi\u0119cej bramek. To Mateusz Kupczak (19 w 129 meczach) i Adam Zrelak (17 w 76). Tyle samo trafie\u0144 ma Jakub Kie\u0142b (w 188 wyst\u0119pach).<\/p>\n<p>Przy golu strzelonym w Mielcu asyst\u0119 zapisujemy Konradowi Matuszewskiemu, mimo \u017ce po jego zagraniu w pole karne pi\u0142ka otar\u0142a si\u0119 jeszcze od jednego z rywali. Dla wahad\u0142owego &#8222;Zielonych&#8221; to ju\u017c druga bramka, przy kt\u00f3rej mia\u0142 udzia\u0142 w tym sezonie, ale pierwsza w obecnych rozgrywkach Ekstraklasy.<\/p>\n<p>Z kolei J\u0119drzej Grobelny zapisa\u0142 trzecie czyste konto od pocz\u0105tku sezonu. Poprzednio by\u0142 niepokonany w starciach z Cracovi\u0105 i \u0141KS \u0141\u00f3d\u017a. To zarazem 10. wyst\u0119p m\u0142odego bramkarza &#8222;Zielonych&#8221; bez straty bramki w Ekstraklasie (na 24 spotkania).<\/p>\n<h4>Z czego jeszcze zapami\u0119tamy mecz Stal Mielec &#8211; Warta Pozna\u0144?<\/h4>\n<p>&#8211; Poznaniacy wygrali trzeci raz z tym rywalem na jego terenie od momentu, gdy oba zespo\u0142y wr\u00f3ci\u0142y do Ekstraklasy w 2020 roku. I zn\u00f3w by\u0142o to zwyci\u0119stwo 1:0. Miguel Luis do\u0142\u0105czy\u0142 wi\u0119c do Mateusza Kuzimskiego i Dawida Szymonowicza, kt\u00f3rych gole rozstrzyga\u0142y wcze\u015bniejsze pojedynki Warty ze Stal\u0105<\/p>\n<p>&#8211; Maciej \u017burawski rozegra\u0142 60. mecz w zielono-bia\u0142ych barwach i wydawa\u0142o si\u0119, \u017ce uczci\u0142 jubileusz golem. Niestety, s\u0119dzia po interwencji VAR podj\u0105\u0142 kontrowersyjn\u0105 decyzj\u0119 o anulowaniu bramki zdobytej przez pomocnika Warty Pozna\u0144 w 51. minucie<\/p>\n<p>&#8211; Debiut w Warcie Pozna\u0144 zaliczy\u0142 Marton Eppel i trzeba przyzna\u0107, \u017ce by\u0142 to obiecuj\u0105cy wyst\u0119p napastnika. 31-latek jest pierwszym W\u0119grem, kt\u00f3ry zagra\u0142 dla &#8222;Zielonych&#8221; w Ekstraklasie. Cho\u0107 nale\u017cy pami\u0119ta\u0107, \u017ce oba mistrzostwa Polski Warta Pozna\u0144 zdoby\u0142a wtedy, gdy jej trenerami byli W\u0119grzy: Bela F\u00fcrst (1929 rok) i K\u00e1roly Fogl (1947 rok). Klub mia\u0142 w historii jeszcze dw\u00f3ch trener\u00f3w z tego kraju, a byli nimi: Gyula B\u00edr\u00f3, L\u00e1szl\u00f3 Fenyvesi<\/p>\n<p>&#8211; Warty Pozna\u0144 rozegra\u0142a w\u0142a\u015bnie 520. mecz w Ekstraklasie, odnios\u0142a w niej 216. zwyci\u0119stwo, a gol Miguela Luisa by\u0142 370. wyjazdowym trafieniem &#8222;Zielonych&#8221; na tym poziomie rozgrywkowym.<\/p>\n<p><strong>BRAMKI:<\/strong><br \/>\n<strong>4 &#8211; Kajetan Szmyt<\/strong><br \/>\n2 \u2013 Maciej \u017burawski, Dario Vizinger (1 w PP), Mateusz Kupczak, Miguel Luis +1<br \/>\n1 \u2013 Stefan Savi\u0107, Wiktor Kami\u0144ski (1)<\/p>\n<p><strong>ASYSTY:<\/strong><br \/>\n<strong>2 &#8211; Stefan Savi\u0107, Adam Zrelak, Konrad Matuszewski (1) (+1)<\/strong><br \/>\n1 \u2013 Jakub Kie\u0142b, Dario Vizinger, Filip Borowski, Miguel Luis, Tomas Prikryl (1)<\/p>\n<p><strong>PUNKTACJA KANADYJSKA:<\/strong><br \/>\n<strong>4 &#8211; <\/strong><strong>Kajetan Szmyt<\/strong><br \/>\n3 \u2013 Stefan Savi\u0107, Dario Vizinger, Miguel Luis<br \/>\n2 \u2013 Maciej \u017burawski, Adam Zrelak, Mateusz Kupczak, Konrad Matuszewski<br \/>\n1 &#8211; Jakub Kie\u0142b, Filip Borowski, Wiktor Kami\u0144ski, Tomas Prikryl<\/p>\n<p><strong>CZYSTE KONTA:<\/strong><br \/>\n<strong>J\u0119drzej Grobelny &#8211; 3 (w 9 meczach)<\/strong><br \/>\nAdrian Lis &#8211; 1 (w 5 meczach)<\/p>\n","protected":false},"excerpt":{"rendered":"<p>Gol strzelony przez Miguela Luisa da\u0142 Warcie Pozna\u0144 zwyci\u0119stwo z Stal\u0105 Mielec (1:0), a Portugalczykowi pozwoli\u0142 awansowa\u0107 na trzecie miejsce&#8230;<\/p>\n","protected":false},"author":36,"featured_media":27530,"comment_status":"closed","ping_status":"closed","sticky":false,"template":"","format":"standard","meta":{"om_disable_all_campaigns":false,"inline_featured_image":false,"footnotes":"","_links_to":"","_links_to_target":""},"categories":[94,100,245,1],"tags":[],"aioseo_notices":[],"_links":{"self":[{"href":"https:\/\/wartapoznan.pl\/index.php\/wp-json\/wp\/v2\/posts\/27528"}],"collection":[{"href":"https:\/\/wartapoznan.pl\/index.php\/wp-json\/wp\/v2\/posts"}],"about":[{"href":"https:\/\/wartapoznan.pl\/index.php\/wp-json\/wp\/v2\/types\/post"}],"author":[{"embeddable":true,"href":"https:\/\/wartapoznan.pl\/index.php\/wp-json\/wp\/v2\/users\/36"}],"replies":[{"embeddable":true,"href":"https:\/\/wartapoznan.pl\/index.php\/wp-json\/wp\/v2\/comments?post=27528"}],"version-history":[{"count":3,"href":"https:\/\/wartapoznan.pl\/index.php\/wp-json\/wp\/v2\/posts\/27528\/revisions"}],"predecessor-version":[{"id":27599,"href":"https:\/\/wartapoznan.pl\/index.php\/wp-json\/wp\/v2\/posts\/27528\/revisions\/27599"}],"wp:featuredmedia":[{"embeddable":true,"href":"https:\/\/wartapoznan.pl\/index.php\/wp-json\/wp\/v2\/media\/27530"}],"wp:attachment":[{"href":"https:\/\/wartapoznan.pl\/index.php\/wp-json\/wp\/v2\/media?parent=27528"}],"wp:term":[{"taxonomy":"category","embeddable":true,"href":"https:\/\/wartapoznan.pl\/index.php\/wp-json\/wp\/v2\/categories?post=27528"},{"taxonomy":"post_tag","embeddable":true,"href":"https:\/\/wartapoznan.pl\/index.php\/wp-json\/wp\/v2\/tags?post=27528"}],"curies":[{"name":"wp","href":"https:\/\/api.w.org\/{rel}","templated":true}]}}