{"id":27553,"date":"2023-10-27T12:00:07","date_gmt":"2023-10-27T10:00:07","guid":{"rendered":"https:\/\/wartapoznan.pl\/?p=27553"},"modified":"2023-10-27T09:20:11","modified_gmt":"2023-10-27T07:20:11","slug":"co-do-grama-i-just-gym-partnerami-meczu-warta-poznan-piast-gliwice","status":"publish","type":"post","link":"https:\/\/wartapoznan.pl\/index.php\/2023\/10\/27\/co-do-grama-i-just-gym-partnerami-meczu-warta-poznan-piast-gliwice\/","title":{"rendered":"Co Do Grama i Just GYM Partnerami Meczu Warta Pozna\u0144 \u2013 Piast Gliwice"},"content":{"rendered":"<p><strong>Z rado\u015bci\u0105 informujemy, \u017ce tytu\u0142 Partner\u00f3w Meczu Warta Pozna\u0144 \u2013 Piast Gliwice (sobota, 28 pa\u017adziernika o godz. 12:30) zapewni\u0142y sobie firmy Co Do Grama Catering Dietetyczny oraz Just GYM. Dzi\u0119kujemy za kolejny dow\u00f3d zaufania!<\/strong><\/p>\n<p>Po poniedzia\u0142kowym zwyci\u0119stwie ze Stal\u0105 Mielec pi\u0142karze \u201eZielonych\u201d powalcz\u0105 teraz o kolejny komplet punkt\u00f3w. Tym razem na Stadionie Respect Energy w Grodzisku Wlkp., gdzie zmierz\u0105 si\u0119 z Piastem Gliwice. Pojedynek w ramach 13. kolejki PKO Bank Polski Ekstraklasy rozpocznie si\u0119 w sobot\u0119 o godz. 12:30.<\/p>\n<p>Partnerami tego meczu zosta\u0142y dwie firmy zwi\u0105zane z Wart\u0105 Pozna\u0144, a mianowicie: Co Do Grama Catering Dietetyczny i Just GYM. Pierwszy z tych podmiot\u00f3w ju\u017c drugi sezon jest Oficjalnym Partnerem \u017bywieniowym najstarszego klubu pi\u0142karskiego w stolicy Wielkopolski. Posi\u0142ki dostarczane przez Co Do Grama trafiaj\u0105 m.in. do zawodnik\u00f3w pierwszego zespo\u0142u \u201eZielonych\u201d.<\/p>\n<p>Firma ma siedzib\u0119 w Swarz\u0119dzu i mo\u017ce zapewni\u0107 dostawy swoich posi\u0142k\u00f3w do Poznania i okolic oraz od sierpnia tak\u017ce na ternie ca\u0142ego kraju. Co Do Grama oferuje \u015bwie\u017ce, warto\u015bciowe, zbilansowane i smaczne posi\u0142ki. Dost\u0119pne s\u0105 r\u00f3wnie\u017c diety redukcyjne, wegetaria\u0144skie, low carb, bez glutenu i laktozy dla sportowc\u00f3w oraz indywidualne. \u201e<em>Ponad po\u0142owa naszych Klient\u00f3w korzysta z cateringu nie z ch\u0119ci odchudzania, ale przede wszystkim \u2013 z wygody i braku czasu na gotowanie. Zamiast niezdrowych przek\u0105sek, kt\u00f3re zwykle s\u0105 pod r\u0119k\u0105, \u015bwiadomie wybieraj\u0105 Co Do Grama i zbilansowane, pe\u0142nowarto\u015bciowe posi\u0142ki. Odkrywaj z nami nowe smaki ka\u017cdego dnia!<\/em>\u201d \u2013 mo\u017cna przeczyta\u0107 na <a href=\"https:\/\/codograma.pl\/\">codograma.pl.<\/a><\/p>\n<p>Partnerem meczu Warty Pozna\u0144 z Piastem Gliwice b\u0119dzie te\u017c Just GYM. To marka, kt\u00f3ra na pocz\u0105tku tego roku zosta\u0142a Oficjalnym Partnerem Fitness \u201eZielonych\u201d, a pi\u0142karze trenera Dawida Szulczka podczas trening\u00f3w korzystaj\u0105 m.in. z si\u0142owni Just GYM. Nale\u017c\u0105 one do sieci automatycznych klub\u00f3w fitness, kt\u00f3ra ma ju\u017c 29 klub\u00f3w w ca\u0142ej Polsce i planuje w obecnym roku otwarcie kolejnych. Si\u0142ownie Just GYM s\u0105 otwarte w systemie 24\/7\/365 i oferuj\u0105 swoim klubowiczom trening o ka\u017cdej porze dnia i nocy, bez limit\u00f3w. Dodatkowo klubowicze mog\u0105 w nieograniczonym zakresie korzysta\u0107 z zaj\u0119\u0107 grupowych. Kluby fitness Just GYM s\u0105 przestronne, \u015bwietnie wyposa\u017cone w sprz\u0119t marek Premium, maj\u0105 komfortowe szatnie i prysznice. Co wa\u017cne, partner Warty Pozna\u0144 dzia\u0142a w duchu zr\u00f3wnowa\u017conego rozwoju, poszukuj\u0105c rozwi\u0105za\u0144 redukuj\u0105cych zu\u017cycie wody i pr\u0105du, a tak\u017ce wykorzystuj\u0105c najnowsze technologie przy nowych projektach. Wi\u0119cej mo\u017cna dowiedzie\u0107 si\u0119 na\u00a0<a href=\"https:\/\/justgym.pl\/\" target=\"_blank\" rel=\"noopener noreferrer\">justgym.pl<\/a>.<\/p>\n<p>Warto przypomnie\u0107, \u017ce <a href=\"https:\/\/wartapoznan.pl\/index.php\/2023\/10\/26\/king-cross-sponsorem-meczu-warta-poznan-piast-gliwice\/\" target=\"_blank\" rel=\"noopener noreferrer\">sponsorem sobotniego meczu b\u0119dzie King Cross Marcelin<\/a>.<\/p>\n<p><strong>Dzi\u0119kujemy za zaufanie w imieniu ca\u0142ej Zielonej Rodziny! Wierzymy w to, \u017ce #WARTObudowa\u0107, dlatego kibic\u00f3w oraz sympatyk\u00f3w Warty Pozna\u0144 zach\u0119camy do korzystania z us\u0142ug partner\u00f3w i sponsor\u00f3w klubu.<\/strong><\/p>\n","protected":false},"excerpt":{"rendered":"<p>Z rado\u015bci\u0105 informujemy, \u017ce tytu\u0142 Partner\u00f3w Meczu Warta Pozna\u0144 \u2013 Piast Gliwice (sobota, 28 pa\u017adziernika o godz. 12:30) zapewni\u0142y sobie&#8230;<\/p>\n","protected":false},"author":36,"featured_media":27555,"comment_status":"closed","ping_status":"closed","sticky":false,"template":"","format":"standard","meta":{"om_disable_all_campaigns":false,"inline_featured_image":false,"footnotes":"","_links_to":"","_links_to_target":""},"categories":[94,253,100,245,1],"tags":[],"aioseo_notices":[],"_links":{"self":[{"href":"https:\/\/wartapoznan.pl\/index.php\/wp-json\/wp\/v2\/posts\/27553"}],"collection":[{"href":"https:\/\/wartapoznan.pl\/index.php\/wp-json\/wp\/v2\/posts"}],"about":[{"href":"https:\/\/wartapoznan.pl\/index.php\/wp-json\/wp\/v2\/types\/post"}],"author":[{"embeddable":true,"href":"https:\/\/wartapoznan.pl\/index.php\/wp-json\/wp\/v2\/users\/36"}],"replies":[{"embeddable":true,"href":"https:\/\/wartapoznan.pl\/index.php\/wp-json\/wp\/v2\/comments?post=27553"}],"version-history":[{"count":3,"href":"https:\/\/wartapoznan.pl\/index.php\/wp-json\/wp\/v2\/posts\/27553\/revisions"}],"predecessor-version":[{"id":27557,"href":"https:\/\/wartapoznan.pl\/index.php\/wp-json\/wp\/v2\/posts\/27553\/revisions\/27557"}],"wp:featuredmedia":[{"embeddable":true,"href":"https:\/\/wartapoznan.pl\/index.php\/wp-json\/wp\/v2\/media\/27555"}],"wp:attachment":[{"href":"https:\/\/wartapoznan.pl\/index.php\/wp-json\/wp\/v2\/media?parent=27553"}],"wp:term":[{"taxonomy":"category","embeddable":true,"href":"https:\/\/wartapoznan.pl\/index.php\/wp-json\/wp\/v2\/categories?post=27553"},{"taxonomy":"post_tag","embeddable":true,"href":"https:\/\/wartapoznan.pl\/index.php\/wp-json\/wp\/v2\/tags?post=27553"}],"curies":[{"name":"wp","href":"https:\/\/api.w.org\/{rel}","templated":true}]}}